{"id":870,"date":"2026-06-01T11:35:25","date_gmt":"2026-06-01T14:35:25","guid":{"rendered":"https:\/\/blogs.correiobraziliense.com.br\/marcas-e-negocios\/?p=870"},"modified":"2026-06-01T11:35:47","modified_gmt":"2026-06-01T14:35:47","slug":"hub-para-expressoes-culturais","status":"publish","type":"post","link":"https:\/\/blogs.correiobraziliense.com.br\/marcas-e-negocios\/2026\/06\/01\/hub-para-expressoes-culturais\/","title":{"rendered":"Hub para express\u00f5es culturais"},"content":{"rendered":"<p><span style=\"font-weight: 400\">A Birosca se consolidou como um dos espa\u00e7os mais simb\u00f3licos da vida noturna alternativa de Bras\u00edlia. Frequentado por artistas, estudantes e amantes da cena <\/span><i><span style=\"font-weight: 400\">underground<\/span><\/i><span style=\"font-weight: 400\">, o local vai al\u00e9m da defini\u00e7\u00e3o de \u201cbalada\u201d: tornou-se um ponto de encontro para todos os p\u00fablicos. No cora\u00e7\u00e3o do Setor de Divers\u00f5es Sul, o ambiente transforma a capital, tornando-a menos institucional e mais diversa e pulsante. Fundada em 2019, a casa \u00e9 a continua\u00e7\u00e3o de um projeto que existia, anteriormente, no subsolo do Teatro Dulcina \u2013 conhecido como Sub Dulcina \u2013, no Centro Comercial Boulevard (Conic).\u00a0<\/span><\/p>\n<p><span style=\"font-weight: 400\">\u201cDesde a d\u00e9cada de 1990, o espa\u00e7o j\u00e1 recebia diversas festas e manifesta\u00e7\u00f5es culturais. Em 2015, realizamos uma reforma para receber coletivos, eventos, bandas e DJs, fortalecendo a ocupa\u00e7\u00e3o cultural do local. A Birosca surgiu como uma evolu\u00e7\u00e3o natural desse processo, dando continuidade a esse trabalho\u201d, conta Carlos Eduardo Peixoto Guimar\u00e3es, conhecido como Kak\u00e1 Guimar\u00e3es, s\u00f3cio-fundador e produtor cultural da Birosca.\u00a0<\/span><\/p>\n<p><span style=\"font-weight: 400\">O nome \u201cBirosca\u201d veio de forma despretensiosa, em uma conversa com Igor Albuquerque, seu s\u00f3cio. \u201cA gente tem que ser exatamente o que \u00e9: uma birosca no centro do Conic\u201d, recorda Kak\u00e1 acerca da fala do amigo. \u201cQuando ouvimos aquilo, percebemos imediatamente que aquele era o nome certo. Ele representava exatamente o que sent\u00edamos naquele momento\u201d, complementa.<\/span><\/p>\n<p><span style=\"font-weight: 400\">A ideia que deu origem ao nome tamb\u00e9m dialogava diretamente com o lugar onde o projeto iria residir. Al\u00e9m de Kak\u00e1 e Igor, o espa\u00e7o foi idealizado pelas s\u00f3cias Carol Borges e Mayara Machado, formando o grupo respons\u00e1vel pela cria\u00e7\u00e3o da Birosca. Para eles, permanecer no Conic aconteceu de forma natural.\u00a0<\/span><\/p>\n<p><span style=\"font-weight: 400\">O s\u00f3cio-fundador e produtor cultural ressalta que o local sempre abrigou a cultura alternativa do Distrito Federal. Na percep\u00e7\u00e3o do empres\u00e1rio, a localiza\u00e7\u00e3o no centro da cidade, ao lado da Rodovi\u00e1ria do Plano Piloto, faz dele um ponto de encontro democr\u00e1tico para diferentes p\u00fablicos. O empreendedor tamb\u00e9m comenta que, antes de iniciar as atividades da Birosca, os s\u00f3cios perceberam que faltava um ambiente na cidade capaz de abrigar produtores, coletivos e iniciativas culturais.\u00a0<\/span><\/p>\n<p><span style=\"font-weight: 400\">\u201cA cena existia e era bastante criativa, mas havia uma car\u00eancia de espa\u00e7os independentes que acolhessem novas ideias, diferentes linguagens art\u00edsticas e eventos produzidos de forma colaborativa\u201d, explica. Mantendo a sua ess\u00eancia, a casa cresceu com o passar dos anos e se consolidou como um ambiente que, al\u00e9m da cultura, tamb\u00e9m promove a inclus\u00e3o e o respeito \u00e0 diversidade.<\/span><\/p>\n<p><span style=\"font-weight: 400\">\u201c\u00c9 um espa\u00e7o onde as pessoas podem realmente ser quem s\u00e3o, sem medo de julgamento ou preconceitos\u201d, diz. Atualmente, Kak\u00e1 enxerga a Birosca como um hub de economia criativa e de curadoria cultural. Para ele, espa\u00e7os alternativos, como a Birosca, ajudam a fomentar a cena local, criar oportunidades para novos talentos e formar p\u00fablico para diferentes tipos de eventos e manifesta\u00e7\u00f5es culturais.<\/span><\/p>\n<p><span style=\"font-weight: 400\">\u201cEles funcionam como laborat\u00f3rios de cria\u00e7\u00e3o, onde artistas podem experimentar, desenvolver seu trabalho e construir uma trajet\u00f3ria. Essa cadeia produtiva da cultura alternativa \u00e9 fundamental, porque \u00e9 dela que surgem muitos dos grandes artistas e projetos culturais do futuro. Tudo come\u00e7a nesses espa\u00e7os\u201d, afirma.\u00a0<\/span><\/p>\n<p><b>Al\u00e9m das festas<\/b><\/p>\n<p><span style=\"font-weight: 400\">O s\u00f3cio-fundador destaca que, ao longo dos anos, a Birosca j\u00e1 realizou diversos cursos, oficinas e atividades formativas. Atualmente, a casa est\u00e1 trabalhando no lan\u00e7amento da Escola de Produ\u00e7\u00e3o da Birosca, que pretende oferecer cursos em diferentes \u00e1reas da cultura.<\/span><\/p>\n<p><span style=\"font-weight: 400\">&#8220;A proposta \u00e9 desenvolver um laborat\u00f3rio de imers\u00e3o cultural com profissionais experientes do mercado, oferecendo conte\u00fados pr\u00e1ticos e atualizados para que mais pessoas possam se qualificar e construir uma trajet\u00f3ria profissional na cultura e no entretenimento&#8221;, conta.\u00a0<\/span><\/p>\n<p><span style=\"font-weight: 400\">Para fortalecer a cultura na cidade, Kak\u00e1 indica que, recentemente, foram realizadas oficinas de discotecagem, videomapping, atua\u00e7\u00e3o de VJs e marketing de guerrilha. &#8220;A ideia \u00e9 aprofundar esse trabalho, formando novos produtores, artistas e agentes culturais e compartilhando conhecimentos sobre produ\u00e7\u00e3o cultural, editais, leis de incentivo e economia criativa&#8221;, indica.<\/span><\/p>\n<p><b>Tr\u00eas perguntas para Carlos Eduardo Peixoto Guimar\u00e3es, s\u00f3cio-fundador e produtor cultural da Birosc<\/b><strong>a<\/strong><b>:<\/b><\/p>\n<blockquote><p><b>Como voc\u00eas definem a identidade musical da Birosca?<\/b><\/p><\/blockquote>\n<p><span style=\"font-weight: 400\">A identidade musical da Birosca \u00e9 diversa e alternativa. Ela tamb\u00e9m depende muito dos produtores que realizam eventos na casa. Temos v\u00e1rios parceiros que desenvolvem suas pr\u00f3prias festas e propostas culturais, o que faz com que a programa\u00e7\u00e3o seja bastante plural. Ao longo dos anos, recebemos festas de m\u00fasica eletr\u00f4nica, pop, m\u00fasica latina, funk e diversos outros g\u00eaneros, al\u00e9m de muitas festas voltadas ao p\u00fablico LGBT+. Por isso, mais do que seguir uma \u00fanica linha musical, a Birosca busca ser um espa\u00e7o aberto para diferentes sonoridades, cenas e comunidades culturais.<\/span><\/p>\n<blockquote><p><b>O que voc\u00eas ainda sonham em fazer?<\/b><\/p><\/blockquote>\n<p><span style=\"font-weight: 400\">No novo espa\u00e7o da Birosca, estamos trabalhando para criar um ambiente onde diversas atividades possam acontecer tanto durante o dia quanto \u00e0 noite. Nosso sonho \u00e9 contribuir para que o Conic seja cada vez mais vivo, humano e ocupado pelas pessoas todos os dias da semana. Queremos ajudar a consolidar o Conic como uma grande refer\u00eancia da arte e da cultura brasiliense.<\/span><\/p>\n<blockquote><p><b>Voc\u00ea acha que Bras\u00edlia ainda carece de espa\u00e7os culturais independentes?<\/b><\/p><\/blockquote>\n<p><span style=\"font-weight: 400\">Com certeza. E, nesse caso, \u00e9 importante olhar para o Distrito Federal como um todo, n\u00e3o apenas para o Plano Piloto. Eu acredito que cada cidade deveria ter seus pr\u00f3prios pontos de encontro, suas casas de cultura e seus espa\u00e7os independentes. Isso vale tanto para as regi\u00f5es administrativas do Distrito Federal quanto para as cidades do entorno. Seria muito positivo se cada localidade tivesse uma cena cultural ativa, com espa\u00e7os capazes de receber diferentes manifesta\u00e7\u00f5es art\u00edsticas e formar p\u00fablicos diversos.<\/span><\/p>\n","protected":false},"excerpt":{"rendered":"<p>A Birosca se consolidou como um dos espa\u00e7os mais simb\u00f3licos da vida noturna alternativa de Bras\u00edlia. Frequentado por artistas, estudantes e amantes da cena underground, o local vai al\u00e9m da defini\u00e7\u00e3o de \u201cbalada\u201d: tornou-se um ponto de encontro para todos os p\u00fablicos. No cora\u00e7\u00e3o do Setor de Divers\u00f5es Sul, o ambiente transforma a capital, tornando-a menos institucional e mais diversa [&hellip;]<\/p>\n","protected":false},"author":138,"featured_media":871,"comment_status":"open","ping_status":"open","sticky":false,"template":"","format":"standard","meta":{"footnotes":""},"categories":[1],"tags":[],"class_list":["post-870","post","type-post","status-publish","format-standard","has-post-thumbnail","hentry","category-sem-categoria"],"_links":{"self":[{"href":"https:\/\/blogs.correiobraziliense.com.br\/marcas-e-negocios\/wp-json\/wp\/v2\/posts\/870","targetHints":{"allow":["GET"]}}],"collection":[{"href":"https:\/\/blogs.correiobraziliense.com.br\/marcas-e-negocios\/wp-json\/wp\/v2\/posts"}],"about":[{"href":"https:\/\/blogs.correiobraziliense.com.br\/marcas-e-negocios\/wp-json\/wp\/v2\/types\/post"}],"author":[{"embeddable":true,"href":"https:\/\/blogs.correiobraziliense.com.br\/marcas-e-negocios\/wp-json\/wp\/v2\/users\/138"}],"replies":[{"embeddable":true,"href":"https:\/\/blogs.correiobraziliense.com.br\/marcas-e-negocios\/wp-json\/wp\/v2\/comments?post=870"}],"version-history":[{"count":1,"href":"https:\/\/blogs.correiobraziliense.com.br\/marcas-e-negocios\/wp-json\/wp\/v2\/posts\/870\/revisions"}],"predecessor-version":[{"id":872,"href":"https:\/\/blogs.correiobraziliense.com.br\/marcas-e-negocios\/wp-json\/wp\/v2\/posts\/870\/revisions\/872"}],"wp:featuredmedia":[{"embeddable":true,"href":"https:\/\/blogs.correiobraziliense.com.br\/marcas-e-negocios\/wp-json\/wp\/v2\/media\/871"}],"wp:attachment":[{"href":"https:\/\/blogs.correiobraziliense.com.br\/marcas-e-negocios\/wp-json\/wp\/v2\/media?parent=870"}],"wp:term":[{"taxonomy":"category","embeddable":true,"href":"https:\/\/blogs.correiobraziliense.com.br\/marcas-e-negocios\/wp-json\/wp\/v2\/categories?post=870"},{"taxonomy":"post_tag","embeddable":true,"href":"https:\/\/blogs.correiobraziliense.com.br\/marcas-e-negocios\/wp-json\/wp\/v2\/tags?post=870"}],"curies":[{"name":"wp","href":"https:\/\/api.w.org\/{rel}","templated":true}]}}