{"id":847,"date":"2026-04-11T06:00:39","date_gmt":"2026-04-11T09:00:39","guid":{"rendered":"https:\/\/blogs.correiobraziliense.com.br\/marcas-e-negocios\/?p=847"},"modified":"2026-04-10T14:20:57","modified_gmt":"2026-04-10T17:20:57","slug":"de-olho-no-futuro-da-mobilidade","status":"publish","type":"post","link":"https:\/\/blogs.correiobraziliense.com.br\/marcas-e-negocios\/2026\/04\/11\/de-olho-no-futuro-da-mobilidade\/","title":{"rendered":"De olho no futuro da mobilidade"},"content":{"rendered":"<p><span style=\"font-weight: 400\">Bras\u00edlia se tornou o ponto de partida para a expans\u00e3o da Primavia, empresa do setor automotivo. Foi na capital federal que a marca estruturou sua opera\u00e7\u00e3o, definiu sua identidade e impulsionou um crescimento que hoje se reflete em mais de 50 lojas distribu\u00eddas por diferentes estados do pa\u00eds. Atualmente, o grupo conta com 1.027 colaboradores. De acordo com o presidente Jos\u00e9 Carlos Dourado, trata-se de uma empresa com ess\u00eancia familiar, onde cada colaborador cresce junto com o neg\u00f3cio.<\/span><\/p>\n<p><span style=\"font-weight: 400\">Com mais de tr\u00eas d\u00e9cadas de atua\u00e7\u00e3o, a Primavia nasceu, segundo Jos\u00e9 Carlos, com uma vis\u00e3o empreendedora e foco em relacionamento. &#8220;Desde ent\u00e3o, evolu\u00edmos bastante em estrutura e governan\u00e7a. O que come\u00e7ou como uma opera\u00e7\u00e3o local tornou-se uma das maiores redes de concession\u00e1rias do pa\u00eds&#8221;, ressalta.\u00a0\u00a0<\/span><\/p>\n<p><span style=\"font-weight: 400\">Com forte presen\u00e7a no mercado, a concession\u00e1ria apresenta um portf\u00f3lio de marcas consagradas \u2013 entre elas Fiat, Renault, Nissan, Jeep, Ram, Peugeot, Citro\u00ebn e Caoa Chery \u2013 ampliando sua atua\u00e7\u00e3o tamb\u00e9m para solu\u00e7\u00f5es de mobilidade com Omoda, Jaecoo, Yamaha, Ventura Experience, Leapmotor e Jetour.<\/span><\/p>\n<p><span style=\"font-weight: 400\">Na percep\u00e7\u00e3o do presidente, esse portf\u00f3lio robusto reflete uma marca em constante movimento, que cresce com base em expans\u00e3o sustent\u00e1vel, antecipando tend\u00eancias e oferecendo ao cliente o que h\u00e1 de mais moderno em mobilidade. \u201cNosso posicionamento \u00e9 guiado pela inova\u00e7\u00e3o e pela busca cont\u00ednua por uma experi\u00eancia de excel\u00eancia\u201d, defende.\u00a0<\/span><\/p>\n<p><span style=\"font-weight: 400\">No entanto, o executivo indica que, inicialmente, tamb\u00e9m foram enfrentados momentos que exigiram resili\u00eancia e adapta\u00e7\u00e3o. &#8220;Um dos momentos mais desafiadores foi a entrada e consolida\u00e7\u00e3o de novas montadoras, especialmente com a chegada de marcas chinesas e o avan\u00e7o da eletrifica\u00e7\u00e3o. No Distrito Federal, por exemplo, j\u00e1 \u00e9 uma realidade relevante, e nosso desafio foi posicionar o Grupo na vanguarda dessa transforma\u00e7\u00e3o\u201d, informa.\u00a0<\/span><\/p>\n<p><span style=\"font-weight: 400\">O presidente da Primavia aponta que o setor automotivo est\u00e1 em transforma\u00e7\u00e3o. \u201cEstamos preparados para liderar esse movimento com agilidade e vis\u00e3o estrat\u00e9gica\u201d, diz. O executivo informa, inclusive, que Bras\u00edlia \u00e9 a cidade que mais vendeu carros el\u00e9tricos no pa\u00eds.\u00a0<\/span><\/p>\n<p><span style=\"font-weight: 400\">Os dados foram levantados pela Associa\u00e7\u00e3o Brasileira do Ve\u00edculo El\u00e9trico (ABVE). De acordo com a entidade, foram vendidos 15.732 modelos totalmente el\u00e9tricos no DF de janeiro de 2022 at\u00e9 novembro de 2025. Para o empres\u00e1rio, al\u00e9m do acompanhamento de tend\u00eancias, a vis\u00e3o de mercado trouxe resultados expressivos e a longo prazo para a consolida\u00e7\u00e3o do neg\u00f3cio.<\/span><\/p>\n<p><span style=\"font-weight: 400\">\u201cPreservamos a for\u00e7a e a confian\u00e7a das marcas tradicionais, enquanto incorporamos novas marcas e tecnologias, garantindo inova\u00e7\u00e3o e ampliando as possibilidades para o cliente. Pensar no futuro \u00e9 t\u00e3o importante quanto manter vivas as tradi\u00e7\u00f5es\u201d, diz.\u00a0<\/span><\/p>\n<p><span style=\"font-weight: 400\">Jos\u00e9 Carlos tamb\u00e9m afirma que o Grupo Primavia \u00e9 um dos grandes players do setor automotivo no Brasil, consolidando sua posi\u00e7\u00e3o como protagonista no futuro da mobilidade. Para ele, o que diferencia a marca de outras redes de concession\u00e1rias \u00e9, especialmente, a combina\u00e7\u00e3o entre antecipa\u00e7\u00e3o de tend\u00eancias, oferta de produtos modernos, o foco na experi\u00eancia do cliente e o crescimento sustent\u00e1vel.\u00a0<\/span><\/p>\n<p><b>Pr\u00f3ximos passos\u00a0<\/b><\/p>\n<p><span style=\"font-weight: 400\">O comportamento do consumidor mudou significativamente nos \u00faltimos anos. Mais informado e exigente, ele valoriza tecnologia, efici\u00eancia e uma jornada de compra cada vez mais completa e personalizada, fatores que, de acordo com o presidente do Primavia, v\u00eam redesenhando o setor automotivo.<\/span><\/p>\n<p><span style=\"font-weight: 400\">De olho nesse cen\u00e1rio, a marca aposta em uma estrat\u00e9gia de expans\u00e3o cont\u00ednua, ampliando sua presen\u00e7a e incorporando novas marcas ao portf\u00f3lio, que chegam com a proposta de moldar a mobilidade.<\/span><\/p>\n<p><span style=\"font-weight: 400\">A empresa destaca, com orgulho, sua trajet\u00f3ria de crescimento sustent\u00e1vel, marcada pela expans\u00e3o geogr\u00e1fica consistente, pela capacidade de antecipar tend\u00eancias e por um compromisso genu\u00edno com a experi\u00eancia do cliente. Para o futuro, o objetivo \u00e9 claro: \u201cqueremos ser lembrados como um grupo que liderou transforma\u00e7\u00f5es no setor automotivo\u201d, aponta Jos\u00e9 Carlos.\u00a0<\/span><\/p>\n<p><b>Tr\u00eas perguntas para Jos\u00e9 Carlos Dourado, presidente do Grupo Primavia:<\/b><\/p>\n<p><b>Como voc\u00eas mant\u00eam padr\u00e3o de atendimento em cidades diferentes?<\/b><\/p>\n<p><span style=\"font-weight: 400\">Mantemos um padr\u00e3o consistente de atendimento a partir de uma diretriz clara: o cliente no centro de tudo. Esse princ\u00edpio orienta nossos processos, treinamentos e tamb\u00e9m a maneira como lideramos nossas equipes.<\/span><\/p>\n<blockquote><p><b>Existe investimento em forma\u00e7\u00e3o e capacita\u00e7\u00e3o de equipes?<\/b><\/p><\/blockquote>\n<p><span style=\"font-weight: 400\">Sim, investimos continuamente em sistemas, tecnologias e ferramentas que elevam o n\u00edvel da opera\u00e7\u00e3o. Nosso objetivo \u00e9 sermos uma empresa cada vez mais inovadora, capacitando nossas equipes para acompanhar as transforma\u00e7\u00f5es do mercado.<\/span><\/p>\n<blockquote><p><b>Qual \u00e9 a cultura interna do Grupo Primavia?<\/b><\/p><\/blockquote>\n<p><span style=\"font-weight: 400\">Nossa cultura \u00e9 sustentada pelos pilares de inova\u00e7\u00e3o, antecipa\u00e7\u00e3o de tend\u00eancias, foco no cliente e crescimento sustent\u00e1vel. Esses valores direcionam nossas decis\u00f5es e moldam a forma como operamos diariamente.<\/span><\/p>\n","protected":false},"excerpt":{"rendered":"<p>Bras\u00edlia se tornou o ponto de partida para a expans\u00e3o da Primavia, empresa do setor automotivo. Foi na capital federal que a marca estruturou sua opera\u00e7\u00e3o, definiu sua identidade e impulsionou um crescimento que hoje se reflete em mais de 50 lojas distribu\u00eddas por diferentes estados do pa\u00eds. Atualmente, o grupo conta com 1.027 colaboradores. De acordo com o presidente [&hellip;]<\/p>\n","protected":false},"author":138,"featured_media":0,"comment_status":"open","ping_status":"open","sticky":false,"template":"","format":"standard","meta":{"footnotes":""},"categories":[1],"tags":[],"class_list":["post-847","post","type-post","status-publish","format-standard","hentry","category-sem-categoria"],"_links":{"self":[{"href":"https:\/\/blogs.correiobraziliense.com.br\/marcas-e-negocios\/wp-json\/wp\/v2\/posts\/847","targetHints":{"allow":["GET"]}}],"collection":[{"href":"https:\/\/blogs.correiobraziliense.com.br\/marcas-e-negocios\/wp-json\/wp\/v2\/posts"}],"about":[{"href":"https:\/\/blogs.correiobraziliense.com.br\/marcas-e-negocios\/wp-json\/wp\/v2\/types\/post"}],"author":[{"embeddable":true,"href":"https:\/\/blogs.correiobraziliense.com.br\/marcas-e-negocios\/wp-json\/wp\/v2\/users\/138"}],"replies":[{"embeddable":true,"href":"https:\/\/blogs.correiobraziliense.com.br\/marcas-e-negocios\/wp-json\/wp\/v2\/comments?post=847"}],"version-history":[{"count":1,"href":"https:\/\/blogs.correiobraziliense.com.br\/marcas-e-negocios\/wp-json\/wp\/v2\/posts\/847\/revisions"}],"predecessor-version":[{"id":849,"href":"https:\/\/blogs.correiobraziliense.com.br\/marcas-e-negocios\/wp-json\/wp\/v2\/posts\/847\/revisions\/849"}],"wp:attachment":[{"href":"https:\/\/blogs.correiobraziliense.com.br\/marcas-e-negocios\/wp-json\/wp\/v2\/media?parent=847"}],"wp:term":[{"taxonomy":"category","embeddable":true,"href":"https:\/\/blogs.correiobraziliense.com.br\/marcas-e-negocios\/wp-json\/wp\/v2\/categories?post=847"},{"taxonomy":"post_tag","embeddable":true,"href":"https:\/\/blogs.correiobraziliense.com.br\/marcas-e-negocios\/wp-json\/wp\/v2\/tags?post=847"}],"curies":[{"name":"wp","href":"https:\/\/api.w.org\/{rel}","templated":true}]}}