{"id":83,"date":"2022-10-01T07:00:09","date_gmt":"2022-10-01T10:00:09","guid":{"rendered":"https:\/\/blogs.correiobraziliense.com.br\/marcas-e-negocios\/?p=83"},"modified":"2022-09-30T16:18:10","modified_gmt":"2022-09-30T19:18:10","slug":"rede-empresarial-reune-mais-de-500-lideres-no-df","status":"publish","type":"post","link":"https:\/\/blogs.correiobraziliense.com.br\/marcas-e-negocios\/2022\/10\/01\/rede-empresarial-reune-mais-de-500-lideres-no-df\/","title":{"rendered":"Rede empresarial re\u00fane mais de 500 l\u00edderes no DF"},"content":{"rendered":"<p><span style=\"font-weight: 400\">Lideran\u00e7a, comunica\u00e7\u00e3o e intelig\u00eancia emocional s\u00e3o as habilidades que todo empreendedor precisa ter, de acordo com Vin\u00edcius Postai, CEO e fundador da MOAI. O empres\u00e1rio, respons\u00e1vel por criar a maior rede de networking da capital, conta com mais de 500 l\u00edderes presentes no seu ecossistema atualmente.\u00a0<\/span><\/p>\n<p><span style=\"font-weight: 400\">Ao se tornar um membro, o empreendedor que adentra a MOAI consegue constituir um ativo em seu neg\u00f3cio, al\u00e9m de possuir acesso \u00e0s pessoas certas para solucionar desafios empresariais presentes no dia a dia. Para participar, basta possuir um CNPJ e um cliente, independente de ser um pequeno ou grande empreendedor.<\/span><\/p>\n<p><span style=\"font-weight: 400\">Postai criou oportunidades e caminhos de sucesso para v\u00e1rios empreendedores. Ap\u00f3s cinco anos da rede, ele enxerga que o cen\u00e1rio das empresas mudou e, com isso, tornou-se necess\u00e1rio aplicar a\u00e7\u00f5es que dialogassem com essas novas tend\u00eancias.<\/span><\/p>\n<p><span style=\"font-weight: 400\">Para isso, h\u00e1 uma grande aposta na troca de experi\u00eancias pr\u00e1ticas entre os associados, por meio de networking frequente, conhecimento t\u00e9cnico e ambientes voltados \u00e0 gera\u00e7\u00e3o de leads. Segundo ele, estar bem conectado e ter acesso \u00e0s pessoas certas n\u00e3o \u00e9 mais uma op\u00e7\u00e3o, mas sim uma necessidade para quem deseja ampliar e prosperar o pr\u00f3prio neg\u00f3cio.\u00a0<\/span><\/p>\n<p><span style=\"font-weight: 400\">&#8220;Os empreendedores nos buscam para encontrar um espa\u00e7o para pensar fora da caixa, se conectar com outros empreendedores e, invariavelmente, estarem mais pr\u00f3ximos de solu\u00e7\u00f5es aos desafios de seus neg\u00f3cios e oportunidades\u201d, informa o CEO.\u00a0<\/span><\/p>\n<p><span style=\"font-weight: 400\">Buscando agregar positivamente \u00e0s empresas, Postai inovou e trouxe ao Distrito Federal um novo conceito de conselhos estrat\u00e9gicos, que, na pr\u00e1tica, diz respeito a um espa\u00e7o respons\u00e1vel por reunir grupos de empreendedores de diferentes segmentos para aprimorar estrat\u00e9gias de neg\u00f3cios em conjunto.<\/span><\/p>\n<p><span style=\"font-weight: 400\">A MOAI defende que aprender com erros e acertos, al\u00e9m de unir esfor\u00e7os, potencializam resultados a longo prazo. Dessa maneira, a metodologia vai a fundo nas tomadas de decis\u00f5es mais cr\u00edticas, junto com acompanhamento mensal de todos os desafios enfrentados pelos empres\u00e1rios.\u00a0<\/span><\/p>\n<p><span style=\"font-weight: 400\">Hoje em dia, a rede conta com 22 conselhos estrat\u00e9gicos, que s\u00e3o divididos em segmentos \u2013 bares e restaurantes; advogados; e empreendedorismo feminino. H\u00e1 tamb\u00e9m grupos multissetoriais, para empres\u00e1rios que faturam entre R$ 1 e R$ 5 milh\u00f5es; C-Level, para empresas a partir de R$ 5 milh\u00f5es; e, agora, com a novidade: o High End, voltado para m\u00e9dias e grandes empresas.<\/span><\/p>\n<p><span style=\"font-weight: 400\">\u201cTemos nomes de peso do mercado como coordenadores dos conselhos, como Rafael Damas, da R2 Produ\u00e7\u00f5es; Renato Santos, da MOAI Participa\u00e7\u00f5es; Eduardo Gallo, da Mutante; Carol Borges da SPOT; e Bruno Ladeira, da Moringa Digital e portal de compras p\u00fablicas\u201d, comenta.\u00a0<\/span><\/p>\n<p><span style=\"font-weight: 400\">Buscando agregar conte\u00fados de valor para os seus membros, Vin\u00edcius indica que a MOAI est\u00e1 sempre antenada nas melhores institui\u00e7\u00f5es de educa\u00e7\u00e3o corporativa e entretenimento. Contudo, o principal interlocutor para cases interessantes de a\u00e7\u00f5es voltadas aos empreendedores est\u00e1 na pr\u00f3pria rede.\u00a0\u00a0<\/span><\/p>\n<p><span style=\"font-weight: 400\">\u201cTodos os meses nos reunimos com mais de 300 empreendedores em conselhos e eventos que realizamos, ouvimos os pr\u00f3prios clientes e trazemos solu\u00e7\u00f5es para suas principais dores\u201d, explica.\u00a0<\/span><\/p>\n<p><b>Futuro do empreendedorismo\u00a0<\/b><\/p>\n<p><span style=\"font-weight: 400\">O relat\u00f3rio da Global Entrepreneurship Monitor (GEM), divulgado no come\u00e7o deste ano, indicou que a taxa de empreendedores estabelecidos teve um incremento de 1,2 ponto percentual em 2021, passando de 8,7% para 9,9% quando comparado a 2020. O dado faz refer\u00eancia aos brasileiros que est\u00e3o \u00e0 frente de um neg\u00f3cio com mais de 3,5 anos.<\/span><\/p>\n<p><span style=\"font-weight: 400\">O fundador da MOAI avalia de forma otimista o cen\u00e1rio do empreendedorismo no Brasil. O empres\u00e1rio indica que, apesar dos percal\u00e7os causados pela pandemia, o pa\u00eds est\u00e1 aquecido. \u201cTivemos um crescimento acima do esperado para o Produto Interno Bruto (PIB) brasileiro neste trimestre e, al\u00e9m da alta, a infla\u00e7\u00e3o vem diminuindo. Vemos tamb\u00e9m bons n\u00fameros referentes a taxa de desemprego entre outros\u201d, contextualiza.<\/span><\/p>\n<p><span style=\"font-weight: 400\">Postai tamb\u00e9m avalia que a pandemia destacou a necessidade dos empres\u00e1rios buscarem o networking. O empreendedor ainda indica que o mundo est\u00e1 complexo demais para empreender sozinho e, por essa raz\u00e3o, cada vez mais empres\u00e1rios est\u00e3o em busca de redes de neg\u00f3cio para se manterem atualizados e competitivos.<\/span><\/p>\n<p><span style=\"font-weight: 400\">\u201cEmpres\u00e1rios vistos como mais tradicionais, que n\u00e3o investiam muito tempo com o networking, passaram a buscar grupos empresariais para estarem por dentro de tecnologias, oportunidades e a\u00e7\u00f5es de outros empreendedores\u201d, destaca.\u00a0<\/span><\/p>\n<blockquote><p><b>Iniciar uma carreira no empreendedorismo tem idade?\u00a0<\/b><\/p><\/blockquote>\n<p><span style=\"font-weight: 400\">Nunca \u00e9 cedo nem tarde para come\u00e7ar a empreender, mas \u00e9 preciso estar ciente de que \u00e9 uma jornada longa, \u00e1rdua e que vai exigir muito da sua resili\u00eancia, intelig\u00eancia emocional e conhecimento.<\/span><\/p>\n<blockquote><p><b>Qual a import\u00e2ncia de saber lidar com as dores de um neg\u00f3cio?<\/b><\/p><\/blockquote>\n<p><span style=\"font-weight: 400\">Fundamental. Empreender \u00e9 estar o tempo todo buscando novas formas de fazer as coisas melhor e de forma mais eficiente. O empres\u00e1rio precisa, continuamente, buscar gargalos em sua opera\u00e7\u00e3o e tra\u00e7ar metas para resolv\u00ea-los.\u00a0<\/span><\/p>\n<blockquote><p><b>De que forma as pr\u00e1ticas ESG (Ambiental, Social e Governan\u00e7a, termo em portugu\u00eas)\u00a0 devem estar conectadas com os neg\u00f3cios da atualidade?\u00a0<\/b><\/p><\/blockquote>\n<p><span style=\"font-weight: 400\">O ESG manda um excelente recado para seus clientes e para o mercado, mas \u00e9 preciso cuidado em se criar a\u00e7\u00f5es sustent\u00e1veis para o neg\u00f3cio. Vimos in\u00fameros casos de empresas que investiram muito em ESG e n\u00e3o conseguiram o impacto desejado, no entanto, com uma estrat\u00e9gia bem constru\u00edda, o neg\u00f3cio pode, inclusive, criar um diferencial competitivo para o seu modelo.<\/span><\/p>\n","protected":false},"excerpt":{"rendered":"<p>Lideran\u00e7a, comunica\u00e7\u00e3o e intelig\u00eancia emocional s\u00e3o as habilidades que todo empreendedor precisa ter, de acordo com Vin\u00edcius Postai, CEO e fundador da MOAI. O empres\u00e1rio, respons\u00e1vel por criar a maior rede de networking da capital, conta com mais de 500 l\u00edderes presentes no seu ecossistema atualmente.\u00a0 Ao se tornar um membro, o empreendedor que adentra a MOAI consegue constituir um [&hellip;]<\/p>\n","protected":false},"author":138,"featured_media":84,"comment_status":"open","ping_status":"open","sticky":false,"template":"","format":"standard","meta":{"footnotes":""},"categories":[1],"tags":[],"class_list":["post-83","post","type-post","status-publish","format-standard","has-post-thumbnail","hentry","category-sem-categoria"],"_links":{"self":[{"href":"https:\/\/blogs.correiobraziliense.com.br\/marcas-e-negocios\/wp-json\/wp\/v2\/posts\/83","targetHints":{"allow":["GET"]}}],"collection":[{"href":"https:\/\/blogs.correiobraziliense.com.br\/marcas-e-negocios\/wp-json\/wp\/v2\/posts"}],"about":[{"href":"https:\/\/blogs.correiobraziliense.com.br\/marcas-e-negocios\/wp-json\/wp\/v2\/types\/post"}],"author":[{"embeddable":true,"href":"https:\/\/blogs.correiobraziliense.com.br\/marcas-e-negocios\/wp-json\/wp\/v2\/users\/138"}],"replies":[{"embeddable":true,"href":"https:\/\/blogs.correiobraziliense.com.br\/marcas-e-negocios\/wp-json\/wp\/v2\/comments?post=83"}],"version-history":[{"count":2,"href":"https:\/\/blogs.correiobraziliense.com.br\/marcas-e-negocios\/wp-json\/wp\/v2\/posts\/83\/revisions"}],"predecessor-version":[{"id":86,"href":"https:\/\/blogs.correiobraziliense.com.br\/marcas-e-negocios\/wp-json\/wp\/v2\/posts\/83\/revisions\/86"}],"wp:featuredmedia":[{"embeddable":true,"href":"https:\/\/blogs.correiobraziliense.com.br\/marcas-e-negocios\/wp-json\/wp\/v2\/media\/84"}],"wp:attachment":[{"href":"https:\/\/blogs.correiobraziliense.com.br\/marcas-e-negocios\/wp-json\/wp\/v2\/media?parent=83"}],"wp:term":[{"taxonomy":"category","embeddable":true,"href":"https:\/\/blogs.correiobraziliense.com.br\/marcas-e-negocios\/wp-json\/wp\/v2\/categories?post=83"},{"taxonomy":"post_tag","embeddable":true,"href":"https:\/\/blogs.correiobraziliense.com.br\/marcas-e-negocios\/wp-json\/wp\/v2\/tags?post=83"}],"curies":[{"name":"wp","href":"https:\/\/api.w.org\/{rel}","templated":true}]}}