{"id":799,"date":"2026-01-24T06:00:20","date_gmt":"2026-01-24T09:00:20","guid":{"rendered":"https:\/\/blogs.correiobraziliense.com.br\/marcas-e-negocios\/?p=799"},"modified":"2026-01-23T17:27:18","modified_gmt":"2026-01-23T20:27:18","slug":"integracao-entre-o-corpo-e-a-mente","status":"publish","type":"post","link":"https:\/\/blogs.correiobraziliense.com.br\/marcas-e-negocios\/2026\/01\/24\/integracao-entre-o-corpo-e-a-mente\/","title":{"rendered":"Integra\u00e7\u00e3o entre o corpo e a mente"},"content":{"rendered":"<p><span style=\"font-weight: 400\">Em um tempo em que a alimenta\u00e7\u00e3o deixou de ser apenas combust\u00edvel e passou a refletir escolhas de vida, sa\u00fade e identidade, alguns profissionais se destacam por enxergar as dietas como uma forma desenvolvimento do corpo e da mente. \u00c9 nesse olhar ampliado que se constr\u00f3i a trajet\u00f3ria de <\/span><span style=\"font-weight: 400\">J\u00falio Aquino<\/span><span style=\"font-weight: 400\">, que h\u00e1 quase tr\u00eas d\u00e9cadas defende a nutri\u00e7\u00e3o como ferramenta de equil\u00edbrio integral.<\/span><\/p>\n<p><span style=\"font-weight: 400\">&#8220;Minha motiva\u00e7\u00e3o surgiu da vontade de enxergar o ser humano al\u00e9m da dieta. Sempre acreditei que a nutri\u00e7\u00e3o tem o poder de transformar, n\u00e3o apenas o corpo, mas tamb\u00e9m a energia e o estado emocional das pessoas. A abordagem funcional e integrativa me permite tratar o indiv\u00edduo como um todo, respeitando sua individualidade bioqu\u00edmica, seu estilo de vida e suas emo\u00e7\u00f5es&#8221;, conta o profissional.<\/span><\/p>\n<p><span style=\"font-weight: 400\">Fundador da cl\u00ednica J\u00falio Aquino Nutri\u00e7\u00e3o e Terapias, localizada na Asa Sul, a atua\u00e7\u00e3o do profissional vai al\u00e9m da ci\u00eancia ocidental. Ao unir a nutri\u00e7\u00e3o esportiva funcional aos princ\u00edpios da Medicina Tradicional Chinesa, o profissional passou a integrar alimenta\u00e7\u00e3o, atividade f\u00edsica e terapias complementares em um mesmo prop\u00f3sito: harmonizar o indiv\u00edduo como um todo, respeitando corpo, mente e energia.<\/span><\/p>\n<p><span style=\"font-weight: 400\">\u201cA Medicina Tradicional Chinesa entrou na minha trajet\u00f3ria quando percebi que, muitas vezes, o corpo manifesta desequil\u00edbrios que t\u00eam origem emocional ou energ\u00e9tica. Esse olhar milenar me ajuda a interpretar sinais sutis do organismo que a ci\u00eancia ocidental ainda n\u00e3o consegue explicar completamente\u201d, contextualiza.<\/span><\/p>\n<p><span style=\"font-weight: 400\">Ao adentrar nesse campo de estudo, J\u00falio enxergou novas possibilidades dentro da \u00e1rea da nutri\u00e7\u00e3o. Trazendo princ\u00edpios energ\u00e9ticos, onde a energia se trata da for\u00e7a que vem da sa\u00fade, ele conseguiu se aprofundar no estudo das plantas e f\u00f3rmulas utilizadas por grandes mestres chineses para a arte de curar.\u00a0<\/span><\/p>\n<p><span style=\"font-weight: 400\">Dessa forma, para ele, o diferencial do seu trabalho est\u00e1 relacionado ao fato de conseguir aliar a nutri\u00e7\u00e3o \u00e0s ervas e ao perfil comportamental do indiv\u00edduo na busca do bem-estar, adequa\u00e7\u00e3o corporal e no incentivo \u00e0 mudan\u00e7a consciencial. &#8220;Meu trabalho \u00e9 centrado na escuta ativa e na personaliza\u00e7\u00e3o&#8221;, ressalta.<\/span><\/p>\n<p><span style=\"font-weight: 400\">Segundo o nutricionista, cada paciente traz consigo uma hist\u00f3ria \u00fanica e o seu papel \u00e9 identificar os desequil\u00edbrios e propor caminhos poss\u00edveis para que ele recupere sua autonomia e qualidade de vida. &#8220;O plano alimentar \u00e9 apenas uma das ferramentas&#8221;, complementa. Unindo esses aspectos, ele apresenta uma abordagem hol\u00edstica para o atendimento em sua cl\u00ednica.\u00a0<\/span><\/p>\n<p><span style=\"font-weight: 400\">\u201cO estudo das plantas me ensinou que a natureza oferece respostas sofisticadas para desequil\u00edbrios do corpo e da mente. As f\u00f3rmulas tradicionais chinesas, por exemplo, me mostraram como modular sistemas complexos com precis\u00e3o e harmonia, respeitando os ciclos naturais do organismo\u201d, acrescenta.\u00a0<\/span><\/p>\n<p><span style=\"font-weight: 400\">Para integrar todos esses aspectos no dia a dia, J\u00falio oferece atendimentos tradicionais, como a orienta\u00e7\u00e3o para perda de peso, atendimento em nutri\u00e7\u00e3o esportiva e supervis\u00e3o de alergia aos alimentos. No entanto, tamb\u00e9m traz para o portf\u00f3lio da cl\u00ednica o atendimento em acupuntura, hipnoterapia e coaching, al\u00e9m de balanceamento muscular.\u00a0<\/span><\/p>\n<p><span style=\"font-weight: 400\">Para essas iniciativas, o profissional apostou em uma forma\u00e7\u00e3o completa, unindo acupuntura, homeopatia, cinesiologia aplicada e life coaching. &#8220;Elas formam a base de um atendimento realmente integrativo. Enquanto a acupuntura e a homeopatia trabalham o terreno energ\u00e9tico e emocional, a cinesiologia me permite identificar bloqueios sutis. O coaching, por sua vez, me ajuda a criar metas pr\u00e1ticas junto ao paciente, promovendo engajamento real&#8221;, comenta.<\/span><\/p>\n<p><b>Princ\u00edpio da integralidade<\/b><\/p>\n<p><span style=\"font-weight: 400\">Para J\u00falio, a abordagem integrativa promove o equil\u00edbrio entre corpo, mente e qu\u00edmica.Por meio dessa atua\u00e7\u00e3o, \u00e9 poss\u00edvel avaliar o paciente de uma forma ampliada e hol\u00edstica para promover os cuidados com a sa\u00fade. Em termos simples, significa que o tratamento n\u00e3o se limita \u00e0 alimenta\u00e7\u00e3o isolada, mas considera tr\u00eas dimens\u00f5es que funcionam juntas.\u00a0<\/span><\/p>\n<p><span style=\"font-weight: 400\">&#8220;Fa\u00e7o uma anamnese detalhada que inclui exames laboratoriais, avalia\u00e7\u00e3o emocional, sinais e sintomas, rotina de vida, hist\u00f3rico de sa\u00fade, al\u00e9m da observa\u00e7\u00e3o de aspectos como a l\u00edngua e o pulso \u2014 heran\u00e7as da medicina oriental&#8221;, informa.<\/span><\/p>\n<p><span style=\"font-weight: 400\">A nutri\u00e7\u00e3o, associada ao princ\u00edpio da integralidade, busca entender que o alimento n\u00e3o \u00e9 s\u00f3 caloria ou macronutriente, mas informa\u00e7\u00e3o que conversa com os sistemas do corpo. \u201cNa pr\u00e1tica, avalio o estado f\u00edsico, mental, emocional e energ\u00e9tico do paciente antes de qualquer interven\u00e7\u00e3o diet\u00e9tica\u201d, diz.\u00a0<\/span><\/p>\n<p><span style=\"font-weight: 400\">Contudo, ele pondera: a transforma\u00e7\u00e3o n\u00e3o acontece em apenas uma consulta. O acompanhamento permite ajustes finos, entendimento de padr\u00f5es e manuten\u00e7\u00e3o de resultados a longo prazo. &#8220;\u00c0s vezes, uma simples mudan\u00e7a no hor\u00e1rio de uma refei\u00e7\u00e3o muda todo o estado emocional do paciente. J\u00e1 tive casos em que ajustar o hor\u00e1rio do caf\u00e9 da manh\u00e3 melhorou ins\u00f4nia e ansiedade. Isso mostra o poder do detalhe na abordagem integrativa&#8221;, ressalta.<\/span><\/p>\n<p><b>Tr\u00eas perguntas para <\/b><b>J\u00falio Aquino, nutricionista:<\/b><\/p>\n<blockquote><p><b>Quais s\u00e3o os erros mais comuns das pessoas ao buscarem sa\u00fade apenas pela dieta?<\/b><\/p><\/blockquote>\n<p><span style=\"font-weight: 400\">Achar que restri\u00e7\u00e3o \u00e9 sin\u00f4nimo de sa\u00fade. Muitas vezes, a obsess\u00e3o por dietas leva a desequil\u00edbrios ainda maiores. Outro erro \u00e9 ignorar o emocional e o sono, que t\u00eam papel fundamental no metabolismo.<\/span><\/p>\n<blockquote><p><b>Que conselho voc\u00ea daria para quem quer iniciar uma jornada de sa\u00fade integral?<\/b><\/p><\/blockquote>\n<p><span style=\"font-weight: 400\">Comece ouvindo o seu corpo e respeitando seu ritmo. Evite f\u00f3rmulas prontas. Procure profissionais que tenham um olhar humano e integrativo, e esteja disposto a se comprometer com o processo.<\/span><\/p>\n<blockquote><p><b>Como voc\u00ea imagina o futuro da nutri\u00e7\u00e3o integrativa no Brasil?<\/b><\/p><\/blockquote>\n<p><span style=\"font-weight: 400\">Acredito que ser\u00e1 cada vez mais necess\u00e1ria e valorizada. Com o aumento das doen\u00e7as cr\u00f4nicas e dos transtornos emocionais, a abordagem integrativa se torna uma resposta eficaz, humanizada e sustent\u00e1vel para a sa\u00fade p\u00fablica.<\/span><\/p>\n","protected":false},"excerpt":{"rendered":"<p>Em um tempo em que a alimenta\u00e7\u00e3o deixou de ser apenas combust\u00edvel e passou a refletir escolhas de vida, sa\u00fade e identidade, alguns profissionais se destacam por enxergar as dietas como uma forma desenvolvimento do corpo e da mente. \u00c9 nesse olhar ampliado que se constr\u00f3i a trajet\u00f3ria de J\u00falio Aquino, que h\u00e1 quase tr\u00eas d\u00e9cadas defende a nutri\u00e7\u00e3o como [&hellip;]<\/p>\n","protected":false},"author":138,"featured_media":800,"comment_status":"open","ping_status":"open","sticky":false,"template":"","format":"standard","meta":{"footnotes":""},"categories":[1],"tags":[],"class_list":["post-799","post","type-post","status-publish","format-standard","has-post-thumbnail","hentry","category-sem-categoria"],"_links":{"self":[{"href":"https:\/\/blogs.correiobraziliense.com.br\/marcas-e-negocios\/wp-json\/wp\/v2\/posts\/799","targetHints":{"allow":["GET"]}}],"collection":[{"href":"https:\/\/blogs.correiobraziliense.com.br\/marcas-e-negocios\/wp-json\/wp\/v2\/posts"}],"about":[{"href":"https:\/\/blogs.correiobraziliense.com.br\/marcas-e-negocios\/wp-json\/wp\/v2\/types\/post"}],"author":[{"embeddable":true,"href":"https:\/\/blogs.correiobraziliense.com.br\/marcas-e-negocios\/wp-json\/wp\/v2\/users\/138"}],"replies":[{"embeddable":true,"href":"https:\/\/blogs.correiobraziliense.com.br\/marcas-e-negocios\/wp-json\/wp\/v2\/comments?post=799"}],"version-history":[{"count":1,"href":"https:\/\/blogs.correiobraziliense.com.br\/marcas-e-negocios\/wp-json\/wp\/v2\/posts\/799\/revisions"}],"predecessor-version":[{"id":801,"href":"https:\/\/blogs.correiobraziliense.com.br\/marcas-e-negocios\/wp-json\/wp\/v2\/posts\/799\/revisions\/801"}],"wp:featuredmedia":[{"embeddable":true,"href":"https:\/\/blogs.correiobraziliense.com.br\/marcas-e-negocios\/wp-json\/wp\/v2\/media\/800"}],"wp:attachment":[{"href":"https:\/\/blogs.correiobraziliense.com.br\/marcas-e-negocios\/wp-json\/wp\/v2\/media?parent=799"}],"wp:term":[{"taxonomy":"category","embeddable":true,"href":"https:\/\/blogs.correiobraziliense.com.br\/marcas-e-negocios\/wp-json\/wp\/v2\/categories?post=799"},{"taxonomy":"post_tag","embeddable":true,"href":"https:\/\/blogs.correiobraziliense.com.br\/marcas-e-negocios\/wp-json\/wp\/v2\/tags?post=799"}],"curies":[{"name":"wp","href":"https:\/\/api.w.org\/{rel}","templated":true}]}}