{"id":768,"date":"2025-11-22T06:00:15","date_gmt":"2025-11-22T09:00:15","guid":{"rendered":"https:\/\/blogs.correiobraziliense.com.br\/marcas-e-negocios\/?p=768"},"modified":"2025-11-21T12:37:14","modified_gmt":"2025-11-21T15:37:14","slug":"moda-infantil-com-impacto-social","status":"publish","type":"post","link":"https:\/\/blogs.correiobraziliense.com.br\/marcas-e-negocios\/2025\/11\/22\/moda-infantil-com-impacto-social\/","title":{"rendered":"Moda infantil com impacto social"},"content":{"rendered":"<p><span style=\"font-weight: 400\">Em meio ao colorido das pe\u00e7as infantis e juvenis que enchem as araras do Grupo Cirandinha, loja de roupas localizada no Jardim Bot\u00e2nico Shopping, a fundadora e CEO Bernardeth de F\u00e1tima Silva Martins mostra que o neg\u00f3cio vai muito al\u00e9m de vestir crian\u00e7as e adolescentes. Embora a marca tenha surgido exclusivamente na moda, a inclus\u00e3o e a responsabilidade social passaram a fazer parte de sua ess\u00eancia ao longo dos anos.<\/span><\/p>\n<p><span style=\"font-weight: 400\">Para ela, n\u00e3o \u00e9 preciso ser uma grande empresa para transformar realidades \u2013 basta querer, repensar atitudes e colocar em pr\u00e1tica a\u00e7\u00f5es que promovam o bem-estar dentro e fora do ambiente de trabalho. A partir desse princ\u00edpio, a marca tem se destacado n\u00e3o apenas pelas roupas vendidas, mas pela forma como costura impacto positivo em cada projeto que abra\u00e7a.<\/span><\/p>\n<p><span style=\"font-weight: 400\">Bernardeth conta que a <\/span><span style=\"font-weight: 400\">Cirandinha nasceu, em 2008, do neg\u00f3cio informal com a venda de roupas na garagem da sua casa, at\u00e9 que foi inaugurada a primeira loja para o seu filho. Ao se aposentar da Organiza\u00e7\u00e3o Internacional do Trabalho (OIT), onde trabalhou por 32 anos, resolveu seguir o caminho do empreendedorismo e levar para o cora\u00e7\u00e3o da Cirandinha um forte DNA de responsabilidade social.\u00a0<\/span><\/p>\n<p><span style=\"font-weight: 400\">Ela explica que essa escolha foi impulsionada pela bagagem que trouxe tanto da fam\u00edlia quanto da carreira. \u201cGra\u00e7as a uma bagagem de conhecimento que adquiri com a minha m\u00e3e, ex\u00edmia costureira, e com a OIT, uma Ag\u00eancia da ONU que promove a justi\u00e7a social. Com a minha m\u00e3e, aprendi a costurar e a amar o mundo da moda; com a OIT, a carregar, no sangue, a luta pela igualdade social\u201d, conta.\u00a0<\/span><\/p>\n<p><span style=\"font-weight: 400\">A empres\u00e1ria recorda que, antigamente, a marca chegou a ter seis lojas f\u00edsicas no Distrito Federal. No entanto, ela perdeu todo o estoque da empresa na unidade principal, que ficava na 510 Sul, a partir de uma inunda\u00e7\u00e3o por \u00e1gua de esgoto. Al\u00e9m disso, a pandemia e a ida do filho para fora do pa\u00eds tamb\u00e9m corroboraram que o Grupo Cirandinha tomasse outro rumo \u2013 com a unidade no <\/span><i><span style=\"font-weight: 400\">mall<\/span><\/i><span style=\"font-weight: 400\"> e a for\u00e7a social cada vez mais presente.\u00a0<\/span><\/p>\n<p><span style=\"font-weight: 400\">\u201cFechamos algumas lojas e formamos o Grupo composto pela loja f\u00edsica, loja on-line e pelo nosso maior produto: o Bras\u00edlia Trends Fashion Week (BTFW)\u201d. Bernardeth conta que o BTFW, bra\u00e7o de atua\u00e7\u00e3o do Grupo Cirandinha, chegou a sua sexta edi\u00e7\u00e3o em 2024 refor\u00e7ando o compromisso com a moda, arte, sustentabilidade e diversidade.\u00a0<\/span><\/p>\n<p><span style=\"font-weight: 400\">Ela indica que a soma desses tr\u00eas segmentos de atua\u00e7\u00e3o do Grupo permite girar a economia do Distrito Federal proporcionando, aproximadamente, 800 empregos diretos e indiretos anualmente, al\u00e9m de abrir espa\u00e7o para novos estilistas com sua cadeia produtiva, artistas e modelos. Para a empreendedora, as iniciativas contribuem n\u00e3o s\u00f3 com a valoriza\u00e7\u00e3o da moda infantil e inclusiva, mas com a visibilidade da moda do Distrito Federal como um todo.\u00a0<\/span><\/p>\n<p><span style=\"font-weight: 400\">&#8220;Com o fim do Capital Fashion Week, Bras\u00edlia n\u00e3o tinha mais um evento que fomentasse a moda do Distrito Federal. Eram realizados eventos pontuais, mas, desde ent\u00e3o, n\u00e3o t\u00ednhamos mais uma semana de moda. Foi a\u00ed que decidimos quebrar aquela lacuna, e realizarmos a primeira edi\u00e7\u00e3o em 2018, que foi seguida das de 2019, 2022, 2023, duas em 2024, totalizando seis edi\u00e7\u00f5es&#8221;, comenta.\u00a0<\/span><\/p>\n<p><b>A\u00e7\u00f5es de impacto<\/b><\/p>\n<p><span style=\"font-weight: 400\">Na vis\u00e3o de Bernardeth, o varejista, independentemente do segmento, tem que matar um le\u00e3o por dia. &#8220;\u00c0s vezes, parece que a pequena empresa tem que matar v\u00e1rios&#8221;, avalia. A empreendedora explica que, al\u00e9m de ter que superar a alta concorr\u00eancia de grandes redes de e-commerce, tamb\u00e9m \u00e9 necess\u00e1rio lidar com a falta de m\u00e3o-de-obra qualificada que atenda a crescente exig\u00eancia dos clientes por atendimento exemplar e emp\u00e1tico.\u00a0<\/span><\/p>\n<p><span style=\"font-weight: 400\">&#8220;Por outro lado, o varejo infantil oferece boas oportunidades devido \u00e0 demanda constante, pois as crian\u00e7as crescem rapidamente. Com rela\u00e7\u00e3o \u00e0s a\u00e7\u00f5es sociais, como n\u00e3o somos uma ONG ou Institui\u00e7\u00e3o, o nosso maior desafio \u00e9 ter que superar a aus\u00eancia de recursos para atendermos a tantas demandas que nos s\u00e3o apresentadas. Nossos clientes s\u00e3o os nossos maiores apoiadores\u201d, explica.<\/span><\/p>\n<p><span style=\"font-weight: 400\">No que diz respeito \u00e0s a\u00e7\u00f5es sociais, a empres\u00e1ria indica que a marca possui projetos diversificados \u2013 como o Pata na Tampa, onde essas tampas de garrafas pets s\u00e3o vendidas e trocadas por ra\u00e7\u00e3o, destinadas a animais resgatados das ruas; o Projeto das Sacolas de Retalhos, confeccionadas por mulheres de Santa Maria e que s\u00e3o colocados \u00e0 venda na loja; e os desfiles inclusivos. \u201cTudo o que a Cirandinha faz acaba refletindo em alguma a\u00e7\u00e3o que, certamente, beneficiar\u00e1 alguma causa social\u201d, conclui.\u00a0<\/span><\/p>\n<p><span style=\"font-weight: 400\">Bernardeth indica que todas as iniciativas desenvolvidas carregam muita emo\u00e7\u00e3o, mas destaca os desfiles inclusivos como os mais marcantes. &#8220;Nada se compara com a alegria de assistir um desfile em que crian\u00e7as dividem a mesma passarela. Independentemente de qualquer situa\u00e7\u00e3o, s\u00e3o todas crian\u00e7as e devem ser respeitadas como tal, tendo a mesma oportunidade, o mesmo espa\u00e7o em total igualdade. Juntas, elas se sentem gigantes naquele momento de solidariedade que inicia no backstage, pois toda a equipe se empenha para que seja um momento m\u00e1gico&#8221;, celebra.\u00a0<\/span><\/p>\n<p><b>Tr\u00eas perguntas para <\/b><b>Bernardeth de F\u00e1tima Silva Martins, fundadora e CEO do Grupo Cirandinha<\/b><b>:<\/b><\/p>\n<blockquote><p><b>Como voc\u00ea descreveria o prop\u00f3sito da empresa?<\/b><\/p><\/blockquote>\n<p><span style=\"font-weight: 400\">Busca promover a inclus\u00e3o, realizar projetos de sustentabilidade social, respeitar e valorizar as nossas colaboradoras, e, claro, atender com excel\u00eancia os nossos clientes.<\/span><\/p>\n<blockquote><p><b>De que forma \u00e9 poss\u00edvel equilibrar est\u00e9tica, conforto e seguran\u00e7a nas pe\u00e7as?<\/b><\/p><\/blockquote>\n<p><span style=\"font-weight: 400\">A cada dia o p\u00fablico infantil fica mais e mais exigente. Eu me divirto quando entra na loja uma crian\u00e7a j\u00e1 com a ideia do que quer e n\u00e3o adianta os pais tentarem mudar a sua opini\u00e3o. Buscamos ter pe\u00e7as \u00fanicas, com fornecedores confi\u00e1veis e j\u00e1 conhecidos. Tentamos mesclar um pouco de tudo, mas com a qualidade, pre\u00e7o, conforto e que sejam estilosas, pois queremos agradar os pais, e, principalmente, os nossos pequenos grandes clientes.<\/span><\/p>\n<blockquote><p><b>Quais s\u00e3o os pr\u00f3ximos passos da marca?\u00a0<\/b><\/p><\/blockquote>\n<p><span style=\"font-weight: 400\">Realizar a s\u00e9tima edi\u00e7\u00e3o do Bras\u00edlia Trends em 2026 \u00e9 o nosso pr\u00f3ximo desafio. A loja f\u00edsica tamb\u00e9m est\u00e1 em expans\u00e3o, pois vamos inaugurar um espa\u00e7o para material de papelaria.<\/span><\/p>\n","protected":false},"excerpt":{"rendered":"<p>Em meio ao colorido das pe\u00e7as infantis e juvenis que enchem as araras do Grupo Cirandinha, loja de roupas localizada no Jardim Bot\u00e2nico Shopping, a fundadora e CEO Bernardeth de F\u00e1tima Silva Martins mostra que o neg\u00f3cio vai muito al\u00e9m de vestir crian\u00e7as e adolescentes. Embora a marca tenha surgido exclusivamente na moda, a inclus\u00e3o e a responsabilidade social passaram [&hellip;]<\/p>\n","protected":false},"author":138,"featured_media":769,"comment_status":"open","ping_status":"open","sticky":false,"template":"","format":"standard","meta":{"footnotes":""},"categories":[1],"tags":[],"class_list":["post-768","post","type-post","status-publish","format-standard","has-post-thumbnail","hentry","category-sem-categoria"],"_links":{"self":[{"href":"https:\/\/blogs.correiobraziliense.com.br\/marcas-e-negocios\/wp-json\/wp\/v2\/posts\/768","targetHints":{"allow":["GET"]}}],"collection":[{"href":"https:\/\/blogs.correiobraziliense.com.br\/marcas-e-negocios\/wp-json\/wp\/v2\/posts"}],"about":[{"href":"https:\/\/blogs.correiobraziliense.com.br\/marcas-e-negocios\/wp-json\/wp\/v2\/types\/post"}],"author":[{"embeddable":true,"href":"https:\/\/blogs.correiobraziliense.com.br\/marcas-e-negocios\/wp-json\/wp\/v2\/users\/138"}],"replies":[{"embeddable":true,"href":"https:\/\/blogs.correiobraziliense.com.br\/marcas-e-negocios\/wp-json\/wp\/v2\/comments?post=768"}],"version-history":[{"count":1,"href":"https:\/\/blogs.correiobraziliense.com.br\/marcas-e-negocios\/wp-json\/wp\/v2\/posts\/768\/revisions"}],"predecessor-version":[{"id":770,"href":"https:\/\/blogs.correiobraziliense.com.br\/marcas-e-negocios\/wp-json\/wp\/v2\/posts\/768\/revisions\/770"}],"wp:featuredmedia":[{"embeddable":true,"href":"https:\/\/blogs.correiobraziliense.com.br\/marcas-e-negocios\/wp-json\/wp\/v2\/media\/769"}],"wp:attachment":[{"href":"https:\/\/blogs.correiobraziliense.com.br\/marcas-e-negocios\/wp-json\/wp\/v2\/media?parent=768"}],"wp:term":[{"taxonomy":"category","embeddable":true,"href":"https:\/\/blogs.correiobraziliense.com.br\/marcas-e-negocios\/wp-json\/wp\/v2\/categories?post=768"},{"taxonomy":"post_tag","embeddable":true,"href":"https:\/\/blogs.correiobraziliense.com.br\/marcas-e-negocios\/wp-json\/wp\/v2\/tags?post=768"}],"curies":[{"name":"wp","href":"https:\/\/api.w.org\/{rel}","templated":true}]}}