{"id":761,"date":"2025-11-08T06:00:12","date_gmt":"2025-11-08T09:00:12","guid":{"rendered":"https:\/\/blogs.correiobraziliense.com.br\/marcas-e-negocios\/?p=761"},"modified":"2025-11-07T10:07:46","modified_gmt":"2025-11-07T13:07:46","slug":"novo-conceito-de-mall-em-aguas-claras","status":"publish","type":"post","link":"https:\/\/blogs.correiobraziliense.com.br\/marcas-e-negocios\/2025\/11\/08\/novo-conceito-de-mall-em-aguas-claras\/","title":{"rendered":"Novo conceito de mall em \u00c1guas Claras"},"content":{"rendered":"<p><span style=\"font-weight: 400\">Com uma proposta ousada e um conceito que vai muito al\u00e9m das vitrines, o <\/span><span style=\"font-weight: 400\">Manhattan Shopping \u2013 que pertence ao <\/span><span style=\"font-weight: 400\">Grupo Paulo Oct\u00e1vio \u2013 chega para redefinir a experi\u00eancia de consumo e lazer em Bras\u00edlia. Inaugurado recentemente em \u00c1guas Claras (Rua 16 Sul), o novo <\/span><i><span style=\"font-weight: 400\">mall<\/span><\/i><span style=\"font-weight: 400\"> nasce com o prop\u00f3sito de ser mais do que um destino de compras. Com o investimento de R$ 400 milh\u00f5es, em uma \u00e1rea total acima de 64 mil metros quadrados, o empreendimento integra consumo, lazer, moradia e hospedagem em um \u00fanico espa\u00e7o.<\/span><\/p>\n<p><span style=\"font-weight: 400\">Um dos seus grandes diferenciais est\u00e1 no polo gastron\u00f4mico, o Manhattan Taste, que combina sabores e experi\u00eancias em um ambiente de alto padr\u00e3o, com cerca de 2 mil m\u00b2 e 800 lugares. Pensado como um ponto de encontro, com restaurantes que unem qualidade e experi\u00eancias diversas, a proposta \u00e9 transformar a gastronomia em um eixo de conviv\u00eancia, onde as pessoas possam relaxar, celebrar e aproveitar o melhor da culin\u00e1ria em um ambiente integrado.<\/span><\/p>\n<p><span style=\"font-weight: 400\">De acordo com o superintendente Jo\u00e3o Marcos Mesquita, a ideia do Manhattan surgiu a partir do desejo em oferecer \u00e0 popula\u00e7\u00e3o de \u00c1guas Claras uma experi\u00eancia completa de bem-estar e estilo de vida. &#8220;As pesquisas revelaram uma oportunidade clara: apesar de ser uma cidade moderna e vertical, \u00c1guas Claras esperava\u00a0 um empreendimento que reunisse exclusividade, marcas in\u00e9ditas e diferenciadas, cultura, lazer e uma gastronomia plural e sofisticada&#8221;, explica.<\/span><\/p>\n<p><span style=\"font-weight: 400\">Jo\u00e3o Marcos pontua que o espa\u00e7o foi projetado para oferecer uma experi\u00eancia integrada, com ambientes modernos e acolhedores. A arquitetura privilegia a ilumina\u00e7\u00e3o natural e a presen\u00e7a de \u00e1reas verdes, criando uma atmosfera leve e agrad\u00e1vel. Com \u00e1reas destinadas a diferentes usos, o Manhattan\u00a0 busca se manter din\u00e2mico e em constante transforma\u00e7\u00e3o.<\/span><\/p>\n<p><span style=\"font-weight: 400\">Mais do que uma escolha est\u00e9tica, o conceito do espa\u00e7o tamb\u00e9m reflete uma mudan\u00e7a na forma como os centros comerciais se relacionam com o p\u00fablico. Dessa forma, o <\/span><i><span style=\"font-weight: 400\">mall<\/span><\/i><span style=\"font-weight: 400\"> foi concebido justamente para preencher essa lacuna, trazendo uma nova perspectiva sobre o papel dos shoppings no cotidiano das pessoas.\u00a0<\/span><\/p>\n<p><span style=\"font-weight: 400\">\u201cO Manhattan reflete o esp\u00edrito din\u00e2mico e plural de \u00c1guas Claras. \u00c9 um espa\u00e7o que transmite pertencimento e identidade, convidando as pessoas a se sentirem parte da experi\u00eancia\u201d, destaca. Para isso, o estabelecimento buscou um mix que refletisse o estilo de vida contempor\u00e2neo e diverso da cidade. Reunindo grandes marcas internacionais, nacionais e regionais, al\u00e9m de opera\u00e7\u00f5es locais de destaque que acreditaram na proposta, o foco do Manhattan \u00e9 equilibrar moda, gastronomia, bem-estar e servi\u00e7os para diferentes perfis de consumidores.<\/span><\/p>\n<p><span style=\"font-weight: 400\">O conceito do <\/span><i><span style=\"font-weight: 400\">mall<\/span><\/i><span style=\"font-weight: 400\"> chamou aten\u00e7\u00e3o na cidade e, devido ao sucesso da iniciativa, o empreendimento foi lan\u00e7ado com 93% de ocupa\u00e7\u00e3o. &#8220;As marcas perceberam rapidamente o potencial da regi\u00e3o e o valor do posicionamento<\/span><i><span style=\"font-weight: 400\"> lifestyle<\/span><\/i><span style=\"font-weight: 400\"> do empreendimento. Al\u00e9m disso, o crescimento e o poder de consumo de \u00c1guas Claras atra\u00edram opera\u00e7\u00f5es que buscavam exatamente esse perfil de p\u00fablico&#8221;, aponta Jo\u00e3o Marcos.<\/span><\/p>\n<p><span style=\"font-weight: 400\">O shopping conta com 60 opera\u00e7\u00f5es distribu\u00eddas em dois pisos e uma \u00c1rea Bruta Loc\u00e1vel (ABL) de 8 mil m\u00b2, com marcas como Live!, Camicado, Youcom, Reserva, Natura, Santa Lolla, Jorge Bischoff, Lupo Sport, Livraria da Vila, L\u2019occitane Au Br\u00e9sil, Kopenhagen, Cacau Show, Serafina (primeira unidade no Centro-Oeste), Fratello Uno, Confraria do Camar\u00e3o, A\u00e7ougue do Berg, Bu.t\u00e9.quim e Bacio di Latte. Al\u00e9m do centro de compras e do espa\u00e7o gastron\u00f4mico, o Manhattan possui uma\u00a0 torre comercial com 170 unidades, torre residencial com 112 apartamentos, e o Soho Hotel, da Rede Plaza Bras\u00edlia, com 112 su\u00edtes.<\/span><\/p>\n<p><b>Destaque internacional<\/b><\/p>\n<p><span style=\"font-weight: 400\">Com assinatura de Lana Dumont Arquitetura, fachada da Choque Design e interiores das \u00e1reas comuns de Sara Volpato, o projeto foi reconhecido no MUSE Design Awards 2024 nas categorias Fachada, Paisagismo e Ilumina\u00e7\u00e3o, com valoriza\u00e7\u00e3o de \u00e1reas verdes e integra\u00e7\u00e3o com o espa\u00e7o urbano, destacando a fachada dia e noite.<\/span><\/p>\n<p><span style=\"font-weight: 400\">&#8220;O que mais me orgulha \u00e9 ver o Manhattan se consolidar como um novo marco para Bras\u00edlia \u2014 um empreendimento que une arquitetura de vanguarda, sustentabilidade e conex\u00e3o humana. E o reconhecimento internacional, com o MUSE Design Awards, refor\u00e7a que estamos entregando algo realmente \u00fanico&#8221;, celebra Jo\u00e3o Marcos.\u00a0<\/span><\/p>\n<p><b>Tr\u00eas perguntas para Jo\u00e3o Marcos Mesquita, superintendente do Manhattan Shopping:<\/b><\/p>\n<blockquote><p><b>Quais foram as principais inspira\u00e7\u00f5es para o conceito do shopping?<\/b><\/p><\/blockquote>\n<p><span style=\"font-weight: 400\">Buscamos inspira\u00e7\u00e3o em grandes centros urbanos, no Brasil e no exterior, que conseguem integrar arquitetura contempor\u00e2nea, sustentabilidade e conex\u00e3o com o entorno. Tamb\u00e9m nos inspiramos no estilo de vida brasiliense \u2014 urbano, sofisticado e conectado \u00e0 natureza. O resultado \u00e9 um shopping com alma cosmopolita, mas que carrega o DNA de \u00c1guas Claras.<\/span><\/p>\n<blockquote><p><b>Como o desenho arquitet\u00f4nico e urban\u00edstico reflete o estilo de vida dos moradores da regi\u00e3o?<\/b><\/p><\/blockquote>\n<p><span style=\"font-weight: 400\">\u00c1guas Claras \u00e9 marcada pela verticaliza\u00e7\u00e3o e pelo concreto. O Manhattan surge como um contraponto, um respiro verde, com fachadas vivas, amplas \u00e1reas de circula\u00e7\u00e3o, ilumina\u00e7\u00e3o natural e um paisagismo rico e diverso \u2014 nossa principal marca. O projeto foi pensado para proporcionar conforto visual e emocional, valorizando o ritmo da vida urbana sem abrir m\u00e3o da sensa\u00e7\u00e3o de acolhimento.<\/span><\/p>\n<blockquote><p><b>De que forma a tecnologia est\u00e1 presente na opera\u00e7\u00e3o e na experi\u00eancia do visitante?<\/b><\/p><\/blockquote>\n<p><span style=\"font-weight: 400\">A tecnologia est\u00e1 presente em todas as etapas, da opera\u00e7\u00e3o \u00e0 experi\u00eancia do cliente. Um exemplo \u00e9 o sistema de ilumina\u00e7\u00e3o circadiana, que acompanha a luz solar ao longo do dia, respeitando o ritmo biol\u00f3gico humano e promovendo bem-estar. Tamb\u00e9m investimos em automa\u00e7\u00e3o predial e monitoramento inteligente para garantir efici\u00eancia energ\u00e9tica, conforto e seguran\u00e7a em tempo real.<\/span><\/p>\n","protected":false},"excerpt":{"rendered":"<p>Com uma proposta ousada e um conceito que vai muito al\u00e9m das vitrines, o Manhattan Shopping \u2013 que pertence ao Grupo Paulo Oct\u00e1vio \u2013 chega para redefinir a experi\u00eancia de consumo e lazer em Bras\u00edlia. Inaugurado recentemente em \u00c1guas Claras (Rua 16 Sul), o novo mall nasce com o prop\u00f3sito de ser mais do que um destino de compras. Com [&hellip;]<\/p>\n","protected":false},"author":138,"featured_media":762,"comment_status":"open","ping_status":"open","sticky":false,"template":"","format":"standard","meta":{"footnotes":""},"categories":[1],"tags":[],"class_list":["post-761","post","type-post","status-publish","format-standard","has-post-thumbnail","hentry","category-sem-categoria"],"_links":{"self":[{"href":"https:\/\/blogs.correiobraziliense.com.br\/marcas-e-negocios\/wp-json\/wp\/v2\/posts\/761","targetHints":{"allow":["GET"]}}],"collection":[{"href":"https:\/\/blogs.correiobraziliense.com.br\/marcas-e-negocios\/wp-json\/wp\/v2\/posts"}],"about":[{"href":"https:\/\/blogs.correiobraziliense.com.br\/marcas-e-negocios\/wp-json\/wp\/v2\/types\/post"}],"author":[{"embeddable":true,"href":"https:\/\/blogs.correiobraziliense.com.br\/marcas-e-negocios\/wp-json\/wp\/v2\/users\/138"}],"replies":[{"embeddable":true,"href":"https:\/\/blogs.correiobraziliense.com.br\/marcas-e-negocios\/wp-json\/wp\/v2\/comments?post=761"}],"version-history":[{"count":1,"href":"https:\/\/blogs.correiobraziliense.com.br\/marcas-e-negocios\/wp-json\/wp\/v2\/posts\/761\/revisions"}],"predecessor-version":[{"id":763,"href":"https:\/\/blogs.correiobraziliense.com.br\/marcas-e-negocios\/wp-json\/wp\/v2\/posts\/761\/revisions\/763"}],"wp:featuredmedia":[{"embeddable":true,"href":"https:\/\/blogs.correiobraziliense.com.br\/marcas-e-negocios\/wp-json\/wp\/v2\/media\/762"}],"wp:attachment":[{"href":"https:\/\/blogs.correiobraziliense.com.br\/marcas-e-negocios\/wp-json\/wp\/v2\/media?parent=761"}],"wp:term":[{"taxonomy":"category","embeddable":true,"href":"https:\/\/blogs.correiobraziliense.com.br\/marcas-e-negocios\/wp-json\/wp\/v2\/categories?post=761"},{"taxonomy":"post_tag","embeddable":true,"href":"https:\/\/blogs.correiobraziliense.com.br\/marcas-e-negocios\/wp-json\/wp\/v2\/tags?post=761"}],"curies":[{"name":"wp","href":"https:\/\/api.w.org\/{rel}","templated":true}]}}