{"id":742,"date":"2025-10-04T06:00:10","date_gmt":"2025-10-04T09:00:10","guid":{"rendered":"https:\/\/blogs.correiobraziliense.com.br\/marcas-e-negocios\/?p=742"},"modified":"2025-10-03T18:02:03","modified_gmt":"2025-10-03T21:02:03","slug":"metodo-exclusivo-e-tecnologia-fitness","status":"publish","type":"post","link":"https:\/\/blogs.correiobraziliense.com.br\/marcas-e-negocios\/2025\/10\/04\/metodo-exclusivo-e-tecnologia-fitness\/","title":{"rendered":"M\u00e9todo exclusivo e tecnologia fitness"},"content":{"rendered":"<p><span style=\"font-weight: 400\">Muito antes das redes sociais transformarem o fitness em tend\u00eancia e das academias virarem espa\u00e7os de autocuidado, a Runway abria as suas portas pela primeira vez, em 1994, com um prop\u00f3sito ambicioso: transformar vidas. De l\u00e1 pra c\u00e1, o mundo mudou e a capital cresceu, mas a academia resistiu, se adaptou e conquistou um lugar especial na mem\u00f3ria afetiva e na rotina de gera\u00e7\u00f5es.\u00a0<\/span><\/p>\n<p><span style=\"font-weight: 400\">Parte desse sucesso duradouro tem uma explica\u00e7\u00e3o simples, mas poderosa: a Runway \u00e9, desde o in\u00edcio, um neg\u00f3cio familiar. &#8220;Ela nasceu de um sonho de fam\u00edlia: quatro irm\u00e3os formados em Educa\u00e7\u00e3o F\u00edsica embarcaram na ideia do irm\u00e3o mais velho, Andr\u00e9 Padilha, em montar uma academia&#8221;, conta o CEO M\u00e1rcio Padilha.<\/span><\/p>\n<p><span style=\"font-weight: 400\">O empreendedor recorda que, na \u00e9poca em que foi inaugurada a primeira unidade, eles tinham sonho, vontade e disposi\u00e7\u00e3o, no entanto, a falta de experi\u00eancia na gest\u00e3o de empresas era um empecilho que precisava ser superado. Para contornar a situa\u00e7\u00e3o, eles n\u00e3o pouparam esfor\u00e7os. Particularmente, M\u00e1rcio indica que sempre buscou refer\u00eancias para o seu crescimento e desenvolvimento pessoal, como empres\u00e1rios e consultores no mercado, al\u00e9m de academias espalhadas ao redor do mundo.\u00a0<\/span><\/p>\n<p><span style=\"font-weight: 400\">No entanto, os seus irm\u00e3os \u2013 Andr\u00e9, Simone e F\u00e1bio \u2013 foram determinantes, considerados como uma base s\u00f3lida de refer\u00eancia. Essa conex\u00e3o familiar n\u00e3o apenas ajudou a construir a gest\u00e3o baseada na confian\u00e7a, como tamb\u00e9m criou uma uni\u00e3o que se reflete no dia a dia da academia, entre a equipe e at\u00e9 mesmo os alunos.\u00a0<\/span><\/p>\n<p><b>Acompanhamento adequado<\/b><\/p>\n<p><span style=\"font-weight: 400\">Ao longo dos anos, a atua\u00e7\u00e3o no mercado trouxe frutos positivos: a Runway consolidou-se como a academia de Bras\u00edlia que j\u00e1 serviu mais de 200 mil clientes em todas as suas unidades \u2013 localizadas no Sudoeste e na Asa Norte. &#8220;Temos conosco fam\u00edlias de quatro gera\u00e7\u00f5es cuidando da sa\u00fade. Presenciar hist\u00f3rias como essas e outras nos d\u00e1 a satisfa\u00e7\u00e3o em continuar a exercer nossa miss\u00e3o&#8221;, celebra.<\/span><\/p>\n<p><span style=\"font-weight: 400\">Para viabilizar atendimentos de excel\u00eancia, M\u00e1rcio explica que a Runway percebeu a necessidade de oferecer um ambiente de qualidade, tranquilidade, leveza e aten\u00e7\u00e3o, distanciando-se do formato de academias lotadas, barulhentas e bagun\u00e7adas. \u201cO pre\u00e7o barato desses estabelecimentos, no in\u00edcio, pode ser atrativo, mas, no final, sai caro, porque n\u00e3o se sente \u00e0 vontade e nem pertencente ao lugar, al\u00e9m de n\u00e3o receber acompanhamento adequado\u201d, diz.\u00a0<\/span><\/p>\n<p><span style=\"font-weight: 400\">Por essa raz\u00e3o, ele ressalta que a Runway se posicionou na dire\u00e7\u00e3o contr\u00e1ria, oferecendo uma experi\u00eancia diferenciada para clientes que buscam conforto e qualidade. Essa escolha estrat\u00e9gica tamb\u00e9m veio acompanhada de um olhar atento \u00e0s mudan\u00e7as de comportamento e \u00e0s novas demandas do p\u00fablico.\u00a0<\/span><\/p>\n<p><span style=\"font-weight: 400\">Ao longo dos anos, a academia soube acompanhar as transforma\u00e7\u00f5es do mercado fitness, adaptando seus servi\u00e7os, estrutura e comunica\u00e7\u00e3o para oferecer exatamente o que seus clientes mais valorizam em cada fase. \u201cHoje, com mais de 30 anos de mercado, entendemos que nosso p\u00fablico amadureceu e reestruturamos nossa forma de se relacionar com nossos clientes\u201d, informa.\u00a0<\/span><\/p>\n<p><span style=\"font-weight: 400\">Para isso, M\u00e1rcio destaca que a Runway tem um m\u00e9todo exclusivo criado pelo diretor da empresa, Sandro Di Loreto, chamado I5E, e tem como principal objetivo Inspirar, Entreter, Engajar, Emocionar, Envolver e Encantar. \u201cNosso time de consultores de relacionamento pratica esse m\u00e9todo diariamente no\u00a0 relacionamento com os nossos clientes\u201d, acrescenta.<\/span><\/p>\n<p><b>Jornada completa<\/b><\/p>\n<p><span style=\"font-weight: 400\">Agregando ainda mais a experi\u00eancia do aluno, M\u00e1rcio comenta que a Runway tamb\u00e9m trabalha com um modelo para personalizar as experi\u00eancias, onde \u00e9 percorrida uma jornada que se inicia com o check up funcional. &#8220;Depois, um profissional da nossa equipe cria um programa de atividades exclusivas de acordo com a necessidade do aluno. A cada tr\u00eas meses, o aluno pode repetir o exame para comprovar sua evolu\u00e7\u00e3o e mem\u00f3ria, inclu\u00eddo at\u00e9 idade celular. Diariamente, os alunos s\u00e3o convidados a aferir sua press\u00e3o arterial e oximetria. J\u00e1 tivemos casos de descoberta at\u00e9 de infartos com essas iniciativas, que, felizmente, foram evitados em virtude deste protocolo\u201d, aponta.<\/span><\/p>\n<p><span style=\"font-weight: 400\">Outro aspecto que destaca a Runway diz respeito \u00e0s tecnologias adotadas em suas unidades. Para M\u00e1rcio, trata-se de um aux\u00edlio poderoso para as atividades di\u00e1rias. De forma pioneira em Bras\u00edlia, a academia utiliza, por exemplo, o sistema MOOVZ, uma plataforma de treino que utiliza a gamifica\u00e7\u00e3o e o monitoramento de frequ\u00eancia card\u00edaca para otimizar o condicionamento e aumentar a motiva\u00e7\u00e3o dos alunos.\u00a0<\/span><\/p>\n<p><span style=\"font-weight: 400\">\u201cSomos tamb\u00e9m a \u00fanica academia da Am\u00e9rica Latina a receber o selo Arena Hammer, cujos equipamentos s\u00e3o de alto desempenho, incompar\u00e1veis em biomec\u00e2nica. Ainda, somos a \u00fanica academia de Bras\u00edlia a oferecer a Arena Glute Builder, com equipamentos projetados especialmente para membros inferiores e gl\u00fateos. Oferecemos tamb\u00e9m o Biologix, uma tecnologia pr\u00e1tica e moderna de teste do sono. (polissonografia)\u201d, acrescenta.<\/span><\/p>\n<p><b>Tr\u00eas perguntas para M\u00e1rcio Padilha, CEO grupo Runway:<\/b><\/p>\n<blockquote><p><b>De que forma voc\u00ea descreveria a miss\u00e3o e os valores da empresa?<\/b><\/p><\/blockquote>\n<p><span style=\"font-weight: 400\">Acredito que miss\u00e3o e valores s\u00e3o fundamentais para toda empresa que deseja fazer a diferen\u00e7a no mercado. Ao longo dos 31 anos, tivemos uma mudan\u00e7a em nossa miss\u00e3o. Desde 2016, buscamos inspirar as pessoas a viverem um estilo de vida saud\u00e1vel e feliz. Desta forma, todas as nossas iniciativas t\u00eam essa vertente como premissa.<\/span><\/p>\n<blockquote><p><b>Como foi o processo de crescimento da Runway ao longo dos anos?<\/b><\/p><\/blockquote>\n<p><span style=\"font-weight: 400\">Todo empreendedor sabe que crescer \u00e9 doloroso e sempre um desafio, pois vem novas responsabilidades. Entendendo isso, pensamos de forma estrat\u00e9gica e estruturada para que pud\u00e9ssemos minimizar ao m\u00e1ximo os riscos, al\u00e9m de oferecer novidades em servi\u00e7os e equipamentos com a melhor qualidade que existe no mercado.\u00a0<\/span><\/p>\n<blockquote><p><b>Qual o papel da academia na vida das pessoas?<\/b><\/p><\/blockquote>\n<p><span style=\"font-weight: 400\">Posso dizer que a Runway se coloca como uma iniciativa de aux\u00edlio e motivadora para um estilo de vida saud\u00e1vel na vida dos clientes. Aqui \u00e9 a segunda casa de nossos alunos. Nosso papel \u00e9 incentiv\u00e1-los a buscar uma vida de qualidade, com const\u00e2ncia na atividade, em um lugar onde se sintam bem e pertencentes.<\/span><\/p>\n","protected":false},"excerpt":{"rendered":"<p>Muito antes das redes sociais transformarem o fitness em tend\u00eancia e das academias virarem espa\u00e7os de autocuidado, a Runway abria as suas portas pela primeira vez, em 1994, com um prop\u00f3sito ambicioso: transformar vidas. De l\u00e1 pra c\u00e1, o mundo mudou e a capital cresceu, mas a academia resistiu, se adaptou e conquistou um lugar especial na mem\u00f3ria afetiva e [&hellip;]<\/p>\n","protected":false},"author":138,"featured_media":743,"comment_status":"open","ping_status":"open","sticky":false,"template":"","format":"standard","meta":{"footnotes":""},"categories":[1],"tags":[],"class_list":["post-742","post","type-post","status-publish","format-standard","has-post-thumbnail","hentry","category-sem-categoria"],"_links":{"self":[{"href":"https:\/\/blogs.correiobraziliense.com.br\/marcas-e-negocios\/wp-json\/wp\/v2\/posts\/742","targetHints":{"allow":["GET"]}}],"collection":[{"href":"https:\/\/blogs.correiobraziliense.com.br\/marcas-e-negocios\/wp-json\/wp\/v2\/posts"}],"about":[{"href":"https:\/\/blogs.correiobraziliense.com.br\/marcas-e-negocios\/wp-json\/wp\/v2\/types\/post"}],"author":[{"embeddable":true,"href":"https:\/\/blogs.correiobraziliense.com.br\/marcas-e-negocios\/wp-json\/wp\/v2\/users\/138"}],"replies":[{"embeddable":true,"href":"https:\/\/blogs.correiobraziliense.com.br\/marcas-e-negocios\/wp-json\/wp\/v2\/comments?post=742"}],"version-history":[{"count":1,"href":"https:\/\/blogs.correiobraziliense.com.br\/marcas-e-negocios\/wp-json\/wp\/v2\/posts\/742\/revisions"}],"predecessor-version":[{"id":744,"href":"https:\/\/blogs.correiobraziliense.com.br\/marcas-e-negocios\/wp-json\/wp\/v2\/posts\/742\/revisions\/744"}],"wp:featuredmedia":[{"embeddable":true,"href":"https:\/\/blogs.correiobraziliense.com.br\/marcas-e-negocios\/wp-json\/wp\/v2\/media\/743"}],"wp:attachment":[{"href":"https:\/\/blogs.correiobraziliense.com.br\/marcas-e-negocios\/wp-json\/wp\/v2\/media?parent=742"}],"wp:term":[{"taxonomy":"category","embeddable":true,"href":"https:\/\/blogs.correiobraziliense.com.br\/marcas-e-negocios\/wp-json\/wp\/v2\/categories?post=742"},{"taxonomy":"post_tag","embeddable":true,"href":"https:\/\/blogs.correiobraziliense.com.br\/marcas-e-negocios\/wp-json\/wp\/v2\/tags?post=742"}],"curies":[{"name":"wp","href":"https:\/\/api.w.org\/{rel}","templated":true}]}}