{"id":736,"date":"2025-09-27T06:00:36","date_gmt":"2025-09-27T09:00:36","guid":{"rendered":"https:\/\/blogs.correiobraziliense.com.br\/marcas-e-negocios\/?p=736"},"modified":"2025-09-26T18:22:12","modified_gmt":"2025-09-26T21:22:12","slug":"turismo-diferenciado-explora-df-e-goias","status":"publish","type":"post","link":"https:\/\/blogs.correiobraziliense.com.br\/marcas-e-negocios\/2025\/09\/27\/turismo-diferenciado-explora-df-e-goias\/","title":{"rendered":"Turismo diferenciado explora DF e Goi\u00e1s"},"content":{"rendered":"<p><span style=\"font-weight: 400\">Em um pa\u00eds de dimens\u00f5es continentais e paisagens diversas, o turismo receptivo tem se consolidado como uma ferramenta estrat\u00e9gica para valorizar destinos nacionais e fortalecer a economia local. No cora\u00e7\u00e3o do Brasil, Bras\u00edlia e o estado de Goi\u00e1s emergem como polos de experi\u00eancias aut\u00eanticas, cultura vibrante e belezas naturais que ainda s\u00e3o pouco exploradas por muitos brasileiros.\u00a0<\/span><\/p>\n<p><span style=\"font-weight: 400\">Bras\u00edlia, mais do que a capital do pa\u00eds, \u00e9 a materializa\u00e7\u00e3o de um projeto nacional que une hist\u00f3ria, arte e inova\u00e7\u00e3o, com sua arquitetura ic\u00f4nica e paisagens naturais pouco exploradas. A poucos quil\u00f4metros, Goi\u00e1s complementa esse cen\u00e1rio com sua rica diversidade cultural e natural.\u00a0<\/span><\/p>\n<p><span style=\"font-weight: 400\">Juntos, as regi\u00f5es formam um eixo tur\u00edstico estrat\u00e9gico no cora\u00e7\u00e3o do Brasil, pronto para ser redescoberto por viajantes do pr\u00f3prio pa\u00eds. Foi justamente percebendo esse potencial e a necessidade de promover experi\u00eancias mais significativas que surgiu a Bras\u00edlia Receptivo, empresa comprometida em revelar o que h\u00e1 de mais aut\u00eantico e encantador nestes destinos.<\/span><\/p>\n<p><span style=\"font-weight: 400\">\u201cA ideia de criar Bras\u00edlia Receptivo surgiu em 2023, com o objetivo de promover o turismo em Bras\u00edlia, a capital do Brasil, e oferecer experi\u00eancias maravilhosas para os visitantes, mas isso n\u00e3o estava dispon\u00edvel em uma prateleira aos visitantes e \u00e0s operadoras\u201d, conta Karine C\u00e2mara, <\/span><span style=\"font-weight: 400\">diretora e s\u00f3cia-executiva da marca<\/span><span style=\"font-weight: 400\">.\u00a0\u00a0<\/span><\/p>\n<p><span style=\"font-weight: 400\">De acordo com a empres\u00e1ria, a iniciativa focou em valorizar a cultura local, a arquitetura e os pontos tur\u00edsticos da cidade. Segundo ela, a marca se consolidou como um projeto para integrar e organizar o setor de turismo, envolvendo ag\u00eancias, guias e prestadores de servi\u00e7os. \u201cO conceito \u00e9 promover um turismo sustent\u00e1vel e de qualidade, destacando a import\u00e2ncia da cidade como um destino tur\u00edstico \u00fanico, devido \u00e0 sua hist\u00f3ria e design urban\u00edstico de Oscar Niemeyer e L\u00facio Costa\u201d, informa.\u00a0<\/span><\/p>\n<p><span style=\"font-weight: 400\">O estado de Goi\u00e1s entrou no circuito naturalmente, com cidades hist\u00f3ricas e pr\u00f3ximas \u00e0 capital. Segundo Karine, os pacotes s\u00e3o desenvolvidos com base em experi\u00eancias dos turism\u00f3logos da Bras\u00edlia Receptivo, os estudos do Servi\u00e7o Brasileiro de Apoio \u00e0s Micro e Pequenas Empresas (Sebrae), as pr\u00f3prias visitas nas experi\u00eancias, estudos t\u00e9cnicos das Secretarias de Turismo, feedback de clientes e, ainda, uma compreens\u00e3o das expectativas do mercado, visando transmitir a ess\u00eancia de Bras\u00edlia e Goi\u00e1s.<\/span><\/p>\n<p><span style=\"font-weight: 400\">Por tr\u00e1s da marca est\u00e1 a trajet\u00f3ria complementar de tr\u00eas profissionais com expertises distintas, mas convergentes. A idealizadora do projeto tem forma\u00e7\u00e3o em publicidade e marketing, com passagem de 15 anos na \u00e1rea de shoppings e, depois, no sistema S. Durante sua atua\u00e7\u00e3o como secret\u00e1ria executiva de turismo, teve o insight que deu origem \u00e0 empresa.\u00a0<\/span><\/p>\n<p><span style=\"font-weight: 400\">A ela se uniram Levi Barbosa, da Decolando Turismo, com mais de tr\u00eas d\u00e9cadas de atua\u00e7\u00e3o no setor, e Ricardo Soares, da Solu\u00e7\u00e3o Transportes, especialista em log\u00edstica. A uni\u00e3o de experi\u00eancias tem sido fundamental para consolidar uma opera\u00e7\u00e3o s\u00f3lida e diferenciada no turismo receptivo do Centro-Oeste.<\/span><\/p>\n<p><span style=\"font-weight: 400\">&#8220;Os nossos s\u00f3cios v\u00eam de uma grande viv\u00eancia dos ensinamentos que a pandemia nos deixou. O Levi com a Decolando Turismo trouxe a experi\u00eancia de termos uma empresa com opera\u00e7\u00e3o enxuta e buscando os diferenciais; e o Ricardo, com o Solu\u00e7\u00e3o Transportes, trouxe a expertise em log\u00edstica e ve\u00edculos preparados para termos todo conforto para os nossos clientes&#8221;, complementa.<\/span><\/p>\n<p><span style=\"font-weight: 400\">Karine recorda que os principais desafios desse come\u00e7o, al\u00e9m da organiza\u00e7\u00e3o das rotas, foi a constru\u00e7\u00e3o de uma rede de parceiros confi\u00e1veis. Entender as necessidades dos turistas, estabelecer uma marca em um mercado competitivo e credenciar a empresa nas principais ag\u00eancias de turismo e operadoras nacionais e internacionais tamb\u00e9m foram aspectos que foram desafiadores.\u00a0<\/span><\/p>\n<p><b>Experi\u00eancias memor\u00e1veis\u00a0<\/b><\/p>\n<p><span style=\"font-weight: 400\">Para Karine, a Bras\u00edlia Receptivo tem muito a oferecer em termos de cultura, beleza natural e experi\u00eancias \u00fanicas. &#8220;Cada visita pode transformar o olhar para esses destinos&#8221;, defende. Por isso, ela ressalta que a marca possui a preocupa\u00e7\u00e3o em oferecer roteiros personalizados, atendimento diferenciado e o compromisso de transformar cada viagem em descobertas marcantes.<\/span><\/p>\n<p><span style=\"font-weight: 400\">Em dois anos de atua\u00e7\u00e3o, Karine destaca que um dos momentos mais emblem\u00e1ticos envolveu o atendimento de um grupo de amigas de inf\u00e2ncia que vieram conhecer a capital. &#8220;Mostramos uma Bras\u00edlia que a m\u00eddia n\u00e3o mostra: da bela arquitetura, um p\u00f4r-do-sol \u00fanico, a beleza dos nossos ip\u00eas, as fazendas de caf\u00e9, vin\u00edcolas, almo\u00e7o na Torre de TV, caf\u00e9 na deliciosa Casa de Ch\u00e1 e muito mais. Criamos uma experi\u00eancia memor\u00e1vel que envolveu uma conex\u00e3o especial entre todas e a cultura local&#8221;, pontua.<\/span><\/p>\n<p><b>Tr\u00eas perguntas para Karine C\u00e2mara, <\/b><b>diretora e s\u00f3cia-executiva<\/b><b> da Bras\u00edlia Receptivo:<\/b><\/p>\n<blockquote><p><b>Qual foi o ponto de partida para iniciar o neg\u00f3cio?<\/b><\/p><\/blockquote>\n<p><span style=\"font-weight: 400\">Quando fomos tentar captar a Abav Expo [evento que re\u00fane players do setor de turismo] para Bras\u00edlia, apresentamos a capital para as operadoras. Um dos maiores grupos de turismo do Brasil falou que a Bras\u00edlia que est\u00e1vamos apresentando era surpreendente e que nem ele conhecia. No entanto, n\u00e3o teria como virar um produto de prateleira das operadoras, pois n\u00e3o havia um receptivo que operasse localmente.\u00a0<\/span><\/p>\n<blockquote><p><b>Como a Bras\u00edlia Receptivo consegue aliar conforto, exclusividade e cultura em um s\u00f3 pacote?<\/b><\/p><\/blockquote>\n<p><span style=\"font-weight: 400\">Na elabora\u00e7\u00e3o dos nossos roteiros buscamos conversar com todos os nossos parceiros para entender qual a cultura que podemos incluir em nossas experi\u00eancias e, assim, planejar com servi\u00e7os de alta qualidade, com guias experientes e experi\u00eancias aut\u00eanticas que refletem a cultura local.<\/span><\/p>\n<blockquote><p><b>Como voc\u00eas veem o papel do turismo receptivo na valoriza\u00e7\u00e3o cultural e no desenvolvimento local?<\/b><\/p><\/blockquote>\n<p><span style=\"font-weight: 400\">O turismo receptivo pode ser fundamental na valoriza\u00e7\u00e3o cultural, promovendo a economia local, preservando tradi\u00e7\u00f5es e criando uma conex\u00e3o entre visitantes e comunidades. Prestigiamos em cada roteiro a riqueza da cultura local em seus detalhes, desde a gastronomia, arquitetura, h\u00e1bitos, hist\u00f3ria, artesanato, experi\u00eancias e as viv\u00eancias das comunidades.\u00a0<\/span><\/p>\n","protected":false},"excerpt":{"rendered":"<p>Em um pa\u00eds de dimens\u00f5es continentais e paisagens diversas, o turismo receptivo tem se consolidado como uma ferramenta estrat\u00e9gica para valorizar destinos nacionais e fortalecer a economia local. No cora\u00e7\u00e3o do Brasil, Bras\u00edlia e o estado de Goi\u00e1s emergem como polos de experi\u00eancias aut\u00eanticas, cultura vibrante e belezas naturais que ainda s\u00e3o pouco exploradas por muitos brasileiros.\u00a0 Bras\u00edlia, mais do [&hellip;]<\/p>\n","protected":false},"author":138,"featured_media":738,"comment_status":"open","ping_status":"open","sticky":false,"template":"","format":"standard","meta":{"footnotes":""},"categories":[1],"tags":[],"class_list":["post-736","post","type-post","status-publish","format-standard","has-post-thumbnail","hentry","category-sem-categoria"],"_links":{"self":[{"href":"https:\/\/blogs.correiobraziliense.com.br\/marcas-e-negocios\/wp-json\/wp\/v2\/posts\/736","targetHints":{"allow":["GET"]}}],"collection":[{"href":"https:\/\/blogs.correiobraziliense.com.br\/marcas-e-negocios\/wp-json\/wp\/v2\/posts"}],"about":[{"href":"https:\/\/blogs.correiobraziliense.com.br\/marcas-e-negocios\/wp-json\/wp\/v2\/types\/post"}],"author":[{"embeddable":true,"href":"https:\/\/blogs.correiobraziliense.com.br\/marcas-e-negocios\/wp-json\/wp\/v2\/users\/138"}],"replies":[{"embeddable":true,"href":"https:\/\/blogs.correiobraziliense.com.br\/marcas-e-negocios\/wp-json\/wp\/v2\/comments?post=736"}],"version-history":[{"count":3,"href":"https:\/\/blogs.correiobraziliense.com.br\/marcas-e-negocios\/wp-json\/wp\/v2\/posts\/736\/revisions"}],"predecessor-version":[{"id":741,"href":"https:\/\/blogs.correiobraziliense.com.br\/marcas-e-negocios\/wp-json\/wp\/v2\/posts\/736\/revisions\/741"}],"wp:featuredmedia":[{"embeddable":true,"href":"https:\/\/blogs.correiobraziliense.com.br\/marcas-e-negocios\/wp-json\/wp\/v2\/media\/738"}],"wp:attachment":[{"href":"https:\/\/blogs.correiobraziliense.com.br\/marcas-e-negocios\/wp-json\/wp\/v2\/media?parent=736"}],"wp:term":[{"taxonomy":"category","embeddable":true,"href":"https:\/\/blogs.correiobraziliense.com.br\/marcas-e-negocios\/wp-json\/wp\/v2\/categories?post=736"},{"taxonomy":"post_tag","embeddable":true,"href":"https:\/\/blogs.correiobraziliense.com.br\/marcas-e-negocios\/wp-json\/wp\/v2\/tags?post=736"}],"curies":[{"name":"wp","href":"https:\/\/api.w.org\/{rel}","templated":true}]}}