{"id":73,"date":"2022-09-17T07:00:42","date_gmt":"2022-09-17T10:00:42","guid":{"rendered":"https:\/\/blogs.correiobraziliense.com.br\/marcas-e-negocios\/?p=73"},"modified":"2022-09-16T16:56:58","modified_gmt":"2022-09-16T19:56:58","slug":"fibra-celebra-50-anos-em-exercicio-no-df","status":"publish","type":"post","link":"https:\/\/blogs.correiobraziliense.com.br\/marcas-e-negocios\/2022\/09\/17\/fibra-celebra-50-anos-em-exercicio-no-df\/","title":{"rendered":"Fibra celebra 50 anos em exerc\u00edcio no DF"},"content":{"rendered":"<p><span style=\"font-weight: 400\">Completando cinco d\u00e9cadas de atua\u00e7\u00e3o na pr\u00f3xima quarta-feira (21), a Federa\u00e7\u00e3o das Ind\u00fastrias do Distrito Federal (Fibra) representa os interesses do setor industrial na busca pela inova\u00e7\u00e3o, pelo crescimento dos n\u00edveis de sustentabilidade e pela melhoria da competitividade no Distrito Federal. Desde 2014, \u00e9 presidida pelo empres\u00e1rio do setor metalomec\u00e2nico Jamal Jorge Bittar.<\/span><\/p>\n<p><span style=\"font-weight: 400\">Com a participa\u00e7\u00e3o de 10 sindicatos, a Fibra tamb\u00e9m conta com tr\u00eas bra\u00e7os importantes em sua atua\u00e7\u00e3o, sendo eles o Servi\u00e7o Social da Ind\u00fastria (Sesi-DF), o Servi\u00e7o Nacional de Aprendizagem Industrial (Senai-DF) e o Instituto Euvaldo Lodi (IEL-DF). Esse conjunto se encarrega da interface com os setores da economia local, com o prop\u00f3sito de assegurar que Bras\u00edlia seja reconhecida como a cidade do empreendedorismo.<\/span><\/p>\n<p><span style=\"font-weight: 400\">Ainda na d\u00e9cada de 1970, a federa\u00e7\u00e3o se instalou no Setor Comercial Sul (SCS), mas foi em 1986 que passou a ter a pr\u00f3pria sede localizada no Setor de Ind\u00fastria e Abastecimento (SIA) \u2013 endere\u00e7o que permanece at\u00e9 os dias de hoje. Desde o seu surgimento, a Fibra realiza a\u00e7\u00f5es voltadas \u00e0 promo\u00e7\u00e3o de uma ind\u00fastria forte e competitiva, em um ambiente que seja favor\u00e1vel \u00e0 produ\u00e7\u00e3o e ao desenvolvimento econ\u00f4mico sustent\u00e1vel.<\/span><\/p>\n<p><span style=\"font-weight: 400\">Essas iniciativas para destacar e impulsionar o segmento t\u00eam gerado resultados. De acordo com o Instituto Brasileiro de Geografia e Estat\u00edstica (IBGE) e a Companhia de Planejamento do Distrito Federal (Codeplan), a ind\u00fastria da capital representa R$ 9,5 bilh\u00f5es do Produto Interno Bruto (PIB) total do Distrito Federal. Em quest\u00e3o de tributos, o setor gerou R$ 1,6 bilh\u00e3o de ICMS e, al\u00e9m disso, gerou mais de 85 mil empregos diretos. Os dados s\u00e3o referentes ao ano de 2019.\u00a0<\/span><\/p>\n<p><span style=\"font-weight: 400\">\u201cPara cada R$ 1 produzido pela ind\u00fastria, s\u00e3o gerados outros R$ 2,43 na economia. Este valor supera muito o retorno de outros setores, como R$ 1,75 na agropecu\u00e1ria e R$ 1,49 no setor de com\u00e9rcio e de servi\u00e7os&#8221;, informa Bittar. Levando em considera\u00e7\u00e3o a relev\u00e2ncia do segmento, o empres\u00e1rio ressalta a import\u00e2ncia de solu\u00e7\u00f5es emergenciais para destacar ainda mais o setor produtivo.\u00a0<\/span><\/p>\n<p><span style=\"font-weight: 400\">Segundo Bittar, \u00e9 necess\u00e1rio, por exemplo, a melhoria das condi\u00e7\u00f5es de cr\u00e9ditos para a ind\u00fastria, visto que h\u00e1 investimentos de longo prazo e de alto custo e que entregam grandes retornos diante da aplica\u00e7\u00e3o de recursos e esfor\u00e7os realizados. De modo geral, o presidente avalia que o Brasil possui problemas tribut\u00e1rios, fiscais e de financiamento.<\/span><\/p>\n<p><span style=\"font-weight: 400\">&#8220;\u00c9 preciso que os bancos p\u00fablicos, que j\u00e1 executam t\u00e3o bem o cr\u00e9dito agr\u00edcola, abracem com urg\u00eancia a pauta industrial e ofere\u00e7am cr\u00e9dito para o setor com maior volume, com melhores condi\u00e7\u00f5es de pagamento e com exig\u00eancias de garantias mais adequadas \u00e0 realidade do setor&#8221;, contextualiza. Por essa raz\u00e3o, o empres\u00e1rio enxerga que a pauta da reforma tribut\u00e1ria caminhe no Congresso Nacional com urg\u00eancia para simplificar a lida do empres\u00e1rio na rotina de c\u00e1lculo e de pagamento de tributos.<\/span><\/p>\n<p><span style=\"font-weight: 400\">Em conjunto com a tem\u00e1tica defendida pela federa\u00e7\u00e3o, h\u00e1 dois aspectos igualmente essenciais que s\u00e3o discutidos pela organiza\u00e7\u00e3o e que foram publicados na <\/span><i><span style=\"font-weight: 400\">Pauta da Ind\u00fastria 2023-206 &#8211; Diretrizes para o desenvolvimento industrial do DF<\/span><\/i><span style=\"font-weight: 400\">, sendo eles a implanta\u00e7\u00e3o da Pol\u00edtica de Desenvolvimento Sustent\u00e1vel do DF e a cria\u00e7\u00e3o da Ag\u00eancia de Promo\u00e7\u00e3o de Investimentos da regi\u00e3o.\u00a0<\/span><\/p>\n<p><span style=\"font-weight: 400\">Bittar explica que os assuntos ser\u00e3o trabalhados pela Fibra nos pr\u00f3ximos anos por serem fundamentais para o futuro do setor. \u201cPrecisamos estabelecer uma pol\u00edtica de desenvolvimento de longo prazo, que seja uma diretriz de Estado, que passa por diferentes governos mantendo sempre o norte. E o formato de ag\u00eancia de desenvolvimento \u00e9 efetivo para o fomento dos setores econ\u00f4micos, com casos de sucessos em v\u00e1rios pa\u00edses e em outras unidades da Federa\u00e7\u00e3o\u201d, destaca.<\/span><\/p>\n<p><span style=\"font-weight: 400\">H\u00e1 quase uma d\u00e9cada como presidente, Jamal Jorge Bittar possui expertise acerca das tem\u00e1ticas que devem ser abordadas em prol do segmento. Ademais, a longa caminhada do empres\u00e1rio na lideran\u00e7a da Fibra trouxe cen\u00e1rios variados da economia brasileira, onde cada situa\u00e7\u00e3o exigiu diferentes posturas para fomentar a evolu\u00e7\u00e3o do setor industrial ao longo dos anos.\u00a0<\/span><\/p>\n<p><span style=\"font-weight: 400\">Entre as adversidades, crises globais e locais; pol\u00edticas, econ\u00f4micas e, inclusive, de sa\u00fade, com a chegada da covid-19 na regi\u00e3o, em 2020. Em todas as situa\u00e7\u00f5es, a Fibra buscou di\u00e1logo com o Executivo e Legislativo para a defesa do setor industrial.\u00a0<\/span><\/p>\n<p><span style=\"font-weight: 400\">&#8220;Al\u00e9m do trabalho constante pela busca da melhoria do ambiente de neg\u00f3cios, entregamos ainda mais servi\u00e7os das casas da ind\u00fastria \u2014 Sesi-DF, Senai-DF e IEL-DF \u2014, qualificando profissionais, oferecendo a\u00e7\u00f5es de educa\u00e7\u00e3o b\u00e1sica e continuada para trabalhadores da ind\u00fastria e trabalhando diretamente no apoio \u00e0 melhoria da gest\u00e3o dos neg\u00f3cios e no incentivo \u00e0 inova\u00e7\u00e3o industrial&#8221;, recorda.\u00a0<\/span><\/p>\n<p><span style=\"font-weight: 400\">Ainda assim, h\u00e1 desafios para serem superados nos pr\u00f3ximos anos. O maior deles, na vis\u00e3o de Bittar, envolve a competitividade da ind\u00fastria no DF e em todas as demais regi\u00f5es brasileiras. Contudo, ele indica que apesar da for\u00e7a agr\u00edcola ser um diferencial global, tamb\u00e9m \u00e9 fundamental alentar a ind\u00fastria.<\/span><\/p>\n<p><span style=\"font-weight: 400\">&#8220;Um pa\u00eds com setor industrial forte gera mais empregos, que s\u00e3o de melhor qualidade e que pagam melhores sal\u00e1rios. Tamb\u00e9m produz mais inova\u00e7\u00e3o, tecnologia e patentes. Ao final, um pa\u00eds industrializado gera mais renda, mais empregos e entrega maior qualidade de vida para a popula\u00e7\u00e3o&#8221;, diz.\u00a0<\/span><\/p>\n<blockquote><p><b>Quais s\u00e3o as diretrizes para o desenvolvimento industrial do DF, apresentada em cada per\u00edodo eleitoral?\u00a0<\/b><\/p><\/blockquote>\n<p><span style=\"font-weight: 400\">A Fibra trabalha com di\u00e1logo, com transpar\u00eancia e com a produ\u00e7\u00e3o de informa\u00e7\u00e3o qualificada para dar suporte aos tomadores de decis\u00e3o das esferas p\u00fablica e privada. Quando publicamos a Pauta da Ind\u00fastria, a cada quatro anos, apresentamos a esses p\u00fablicos qual o melhor caminho para que o setor industrial local se desenvolva. O documento \u00e9 uma s\u00edntese do que a ind\u00fastria do DF entende como caminho para o crescimento do setor e \u00e9 uma porta para o debate com as institui\u00e7\u00f5es<\/span><\/p>\n<blockquote><p><b>Qual a import\u00e2ncia de estimular neg\u00f3cios sustent\u00e1veis dentro do segmento?\u00a0\u00a0<\/b><\/p><\/blockquote>\n<p><span style=\"font-weight: 400\">Na Fibra, temos uma diretoria dedicada exclusivamente ao tema da sustentabilidade, tanto pela responsabilidade que o setor tem com o meio ambiente como pela exig\u00eancia do mercado por uma produ\u00e7\u00e3o limpa. As empresas est\u00e3o evoluindo processos para serem cada vez mais sustent\u00e1veis e integradas ao meio ambiente em que est\u00e3o inseridas e \u00e0 comunidade onde est\u00e3o instaladas.\u00a0<\/span><\/p>\n<blockquote><p><b>Qual a opini\u00e3o da Fibra sobre o conceito ESG dentro do setor industrial?<\/b><\/p><\/blockquote>\n<p><span style=\"font-weight: 400\">Apesar de o conceito ESG ter despontado com maior for\u00e7a nos \u00faltimos anos, o setor industrial trata a governan\u00e7a ambiental, social e corporativa com muita aten\u00e7\u00e3o j\u00e1 faz tempo. A ind\u00fastria \u00e9 um setor que influencia muito o ambiente em que est\u00e1 instalada e precisa estar atenta a estes t\u00f3picos. ESG n\u00e3o pode ser mais tratado como mero conceito, mas como base para o setor industrial, com empresas que produzem com qualidade e com responsabilidade.<\/span><\/p>\n","protected":false},"excerpt":{"rendered":"<p>Completando cinco d\u00e9cadas de atua\u00e7\u00e3o na pr\u00f3xima quarta-feira (21), a Federa\u00e7\u00e3o das Ind\u00fastrias do Distrito Federal (Fibra) representa os interesses do setor industrial na busca pela inova\u00e7\u00e3o, pelo crescimento dos n\u00edveis de sustentabilidade e pela melhoria da competitividade no Distrito Federal. Desde 2014, \u00e9 presidida pelo empres\u00e1rio do setor metalomec\u00e2nico Jamal Jorge Bittar. Com a participa\u00e7\u00e3o de 10 sindicatos, a [&hellip;]<\/p>\n","protected":false},"author":138,"featured_media":74,"comment_status":"open","ping_status":"open","sticky":false,"template":"","format":"standard","meta":{"footnotes":""},"categories":[1],"tags":[],"class_list":["post-73","post","type-post","status-publish","format-standard","has-post-thumbnail","hentry","category-sem-categoria"],"_links":{"self":[{"href":"https:\/\/blogs.correiobraziliense.com.br\/marcas-e-negocios\/wp-json\/wp\/v2\/posts\/73","targetHints":{"allow":["GET"]}}],"collection":[{"href":"https:\/\/blogs.correiobraziliense.com.br\/marcas-e-negocios\/wp-json\/wp\/v2\/posts"}],"about":[{"href":"https:\/\/blogs.correiobraziliense.com.br\/marcas-e-negocios\/wp-json\/wp\/v2\/types\/post"}],"author":[{"embeddable":true,"href":"https:\/\/blogs.correiobraziliense.com.br\/marcas-e-negocios\/wp-json\/wp\/v2\/users\/138"}],"replies":[{"embeddable":true,"href":"https:\/\/blogs.correiobraziliense.com.br\/marcas-e-negocios\/wp-json\/wp\/v2\/comments?post=73"}],"version-history":[{"count":2,"href":"https:\/\/blogs.correiobraziliense.com.br\/marcas-e-negocios\/wp-json\/wp\/v2\/posts\/73\/revisions"}],"predecessor-version":[{"id":77,"href":"https:\/\/blogs.correiobraziliense.com.br\/marcas-e-negocios\/wp-json\/wp\/v2\/posts\/73\/revisions\/77"}],"wp:featuredmedia":[{"embeddable":true,"href":"https:\/\/blogs.correiobraziliense.com.br\/marcas-e-negocios\/wp-json\/wp\/v2\/media\/74"}],"wp:attachment":[{"href":"https:\/\/blogs.correiobraziliense.com.br\/marcas-e-negocios\/wp-json\/wp\/v2\/media?parent=73"}],"wp:term":[{"taxonomy":"category","embeddable":true,"href":"https:\/\/blogs.correiobraziliense.com.br\/marcas-e-negocios\/wp-json\/wp\/v2\/categories?post=73"},{"taxonomy":"post_tag","embeddable":true,"href":"https:\/\/blogs.correiobraziliense.com.br\/marcas-e-negocios\/wp-json\/wp\/v2\/tags?post=73"}],"curies":[{"name":"wp","href":"https:\/\/api.w.org\/{rel}","templated":true}]}}