{"id":713,"date":"2025-08-16T06:00:04","date_gmt":"2025-08-16T09:00:04","guid":{"rendered":"https:\/\/blogs.correiobraziliense.com.br\/marcas-e-negocios\/?p=713"},"modified":"2025-08-15T17:59:29","modified_gmt":"2025-08-15T20:59:29","slug":"curadoria-especial-para-filmes-no-df","status":"publish","type":"post","link":"https:\/\/blogs.correiobraziliense.com.br\/marcas-e-negocios\/2025\/08\/16\/curadoria-especial-para-filmes-no-df\/","title":{"rendered":"Curadoria especial para filmes no DF"},"content":{"rendered":"<p><span style=\"font-weight: 400\">Nos \u00faltimos anos, o Brasil viu o fechamento de diversas salas de cinema. A press\u00e3o do mercado, os custos operacionais e a concorr\u00eancia com o streaming deixaram esse segmento \u00e0 beira da extin\u00e7\u00e3o em v\u00e1rias capitais. Durante a pandemia, segundo a Ag\u00eancia Nacional do Cinema (ANCINE), quase metade das salas de cinema encerraram as suas atividades. No entanto, no ano passado, o segmento recuperou o f\u00f4lego e conquistou o recorde de 3.509 salas de cinema em funcionamento no pa\u00eds.\u00a0<\/span><\/p>\n<p><span style=\"font-weight: 400\">A forma como a popula\u00e7\u00e3o consome cultura mudou radicalmente na \u00faltima d\u00e9cada, cada vez mais imediata, digital e personalizada por algoritmos. Nesse cen\u00e1rio, os cinemas, especialmente os voltados \u00e0 produ\u00e7\u00e3o independente e ao cinema de arte, precisaram se reinventar para manter relev\u00e2ncia e p\u00fablico. Em Bras\u00edlia, o Cine Cultura se destaca como um dos vetores que fortalecem essa ind\u00fastria.\u00a0<\/span><\/p>\n<p><span style=\"font-weight: 400\">Fundado h\u00e1 treze anos com o objetivo de oferecer uma programa\u00e7\u00e3o de alta qualidade, o Cine Cultura se consolidou como uma refer\u00eancia na capital. &#8220;Somos um espa\u00e7o agrad\u00e1vel, confort\u00e1vel, bonito e com qualidade de exibi\u00e7\u00e3o e de som, que n\u00e3o fica a dever a nenhum cinema do Brasil&#8221;, indica Nilson Rodrigues, o diretor.\u00a0<\/span><\/p>\n<p><span style=\"font-weight: 400\">De acordo com o profissional, o local conta com a melhor programa\u00e7\u00e3o da cidade. Isso se deve ao cuidado com os conte\u00fados, que s\u00e3o avaliados individualmente. \u201cAnalisamos o que as distribuidoras programam para lan\u00e7amentos em salas de cinema e estabelecemos crit\u00e9rios. Filmes premiados nos melhores festivais do mundo t\u00eam prioridade, assim como os filmes brasileiros. E tamb\u00e9m n\u00e3o abrimos m\u00e3o da diversidade. Nosso lema e o nosso prop\u00f3sito \u00e9 exibir os melhores filmes, de todo o mundo, em todos os g\u00eaneros\u201d, explica.<\/span><\/p>\n<p><span style=\"font-weight: 400\">A sele\u00e7\u00e3o de t\u00edtulos prioriza filmes com reconhecimento em grandes festivais internacionais, o que garante ao p\u00fablico acesso a obras consagradas pela cr\u00edtica especializada. Cannes, Veneza, Berlim, San Sebasti\u00e1n, Toronto, Londres, Guadalajara, Havana e at\u00e9 mesmo o Oscar est\u00e3o entre as principais vitrines observadas pela curadoria. Ao acompanhar de perto esse circuito, o Cine Cultura assegura que sua programa\u00e7\u00e3o reflita o que h\u00e1 de mais relevante e inovador na produ\u00e7\u00e3o cinematogr\u00e1fica contempor\u00e2nea, muitas vezes apresentando filmes que n\u00e3o chegam \u00e0s salas comerciais tradicionais.<\/span><\/p>\n<p><span style=\"font-weight: 400\">O compromisso com o cinema nacional tamb\u00e9m \u00e9 uma prioridade. \u201cEstamos entre os cinemas que mais exibem filmes brasileiros\u201d, afirma Nilson. Ele destaca ainda a aten\u00e7\u00e3o dedicada \u00e0 produ\u00e7\u00e3o local: \u201cOs brasilienses tamb\u00e9m est\u00e3o sob nosso olhar e grande parte da produ\u00e7\u00e3o local passa no Cine Cultura\u201d. Ainda assim, ele aponta um desafio recorrente: muitos filmes produzidos no Distrito Federal n\u00e3o contam com distribuidora, o que inviabiliza sua exibi\u00e7\u00e3o comercial, mesmo quando h\u00e1 interesse da curadoria.<\/span><\/p>\n<p><span style=\"font-weight: 400\">Essa aten\u00e7\u00e3o \u00e0 diversidade e \u00e0 representatividade tamb\u00e9m se reflete na agenda cultural do espa\u00e7o, que vai al\u00e9m das sess\u00f5es regulares. O Cine Cultura \u00e9 palco de importantes festivais e mostras nacionais e internacionais, como o Bras\u00edlia International Film Festival (BIFF), o 8\u00bd Festa do Cinema Italiano, o Festival do Cinema Italiano e o Festival Varilux de Cinema Franc\u00eas, ampliando ainda mais seu papel como refer\u00eancia em cinema de qualidade e pluralidade.<\/span><\/p>\n<p><span style=\"font-weight: 400\">Entre os momentos marcantes na hist\u00f3ria do Cine Cultura, o diretor ressalta a exibi\u00e7\u00e3o do document\u00e1rio sobre a luta pela liberdade do Julian Assange, fundador do site WikiLeaks, acusado de conspira\u00e7\u00e3o para obter e divulgar informa\u00e7\u00f5es de defesa nacional. Na sequ\u00eancia, foi realizado um debate com seu pai, John Shipton. &#8220;Foi um dia inesquec\u00edvel&#8221;, recorda. Outro momento especial para Nilson envolveu a presen\u00e7a de Ailton Krenak, lideran\u00e7a ind\u00edgena, fil\u00f3sofo, escritor e ativista, que realizou uma palestra no Cine Cultura.<\/span><\/p>\n<p><b>Resist\u00eancia e persist\u00eancia<\/b><\/p>\n<p><span style=\"font-weight: 400\">Apesar de sua atua\u00e7\u00e3o consolidada no circuito cultural brasiliense, o Cine Cultura enfrentou diversos desafios hist\u00f3ricos, muitos deles relacionados \u00e0 aus\u00eancia de pol\u00edticas p\u00fablicas estruturadas para o setor. Durante a pandemia, o impacto foi direto: \u201cficamos 18 meses fechados\u201d, relembra o diretor. A dificuldade, no entanto, n\u00e3o se limitou ao contexto sanit\u00e1rio. Segundo ele, mesmo ap\u00f3s a crise, faltou o repasse de recursos essenciais.<\/span><\/p>\n<p><span style=\"font-weight: 400\">A falta de incentivo ao setor de exibi\u00e7\u00e3o se soma a uma aus\u00eancia mais ampla de pol\u00edticas voltadas \u00e0 forma\u00e7\u00e3o de p\u00fablico. Para Nilson, n\u00e3o basta abrir as portas: \u00e9 preciso investir em a\u00e7\u00f5es educativas e formativas. \u201cPara se formar p\u00fablico \u00e9 preciso ter persist\u00eancia, fazer debates dos filmes e trabalhar com escolas, alcan\u00e7ando os estudantes. Sem a forma\u00e7\u00e3o de plateias n\u00e3o se renova o p\u00fablico. Pena que as pol\u00edticas p\u00fablicas dos governos n\u00e3o enxergam isso. S\u00f3 vai ao cinema quem criou o h\u00e1bito\u201d, destaca.\u00a0<\/span><\/p>\n<p><b>Tr\u00eas perguntas para <\/b><b>Nilson Rodrigues, diretor do Cine Cultura<\/b><b>:<\/b><\/p>\n<blockquote><p><b>Houve alguma mudan\u00e7a no perfil do p\u00fablico ao longo dos anos?<\/b><\/p><\/blockquote>\n<p><span style=\"font-weight: 400\">O p\u00fablico est\u00e1 mais exigente. E n\u00e3o podemos nutrir ilus\u00f5es quanto ao interesse do p\u00fablico nos dias de hoje,\u00a0 pois h\u00e1 muitas ofertas em todas as plataformas. Para levar o p\u00fablico para ver um filme no cinema, \u00e9 preciso duas coisas: um bom filme e propaganda eficiente e de grande alcance. Sem isso n\u00e3o se pode ter ilus\u00f5es. N\u00e3o h\u00e1 m\u00e1gica.<\/span><\/p>\n<blockquote><p><b>Quais estrat\u00e9gias o cinema tem adotado para manter o interesse do p\u00fablico?<\/b><\/p><\/blockquote>\n<p><span style=\"font-weight: 400\">Divulgamos nossa programa\u00e7\u00e3o nas redes sociais e buscamos ser eficientes. Tamb\u00e9m temos um p\u00fablico fidelizado, com o qual conversamos semanalmente por e-mail e WhatsApp, informando sobre nossa programa\u00e7\u00e3o.\u00a0<\/span><\/p>\n<blockquote><p><b>Quais s\u00e3o os planos futuros para o Cine Cultura?<\/b><\/p><\/blockquote>\n<p><span style=\"font-weight: 400\">Fizemos recentemente\u00a0 uma grande reforma e agora temos duas galerias, uma de arte e uma de fotografia. Batizamos a galeria de arte de Francisco Galeno e a de fotografia de Luis Humberto, dois \u00edcones da nossa cultura.\u00a0<\/span><\/p>\n","protected":false},"excerpt":{"rendered":"<p>Nos \u00faltimos anos, o Brasil viu o fechamento de diversas salas de cinema. A press\u00e3o do mercado, os custos operacionais e a concorr\u00eancia com o streaming deixaram esse segmento \u00e0 beira da extin\u00e7\u00e3o em v\u00e1rias capitais. Durante a pandemia, segundo a Ag\u00eancia Nacional do Cinema (ANCINE), quase metade das salas de cinema encerraram as suas atividades. No entanto, no ano [&hellip;]<\/p>\n","protected":false},"author":138,"featured_media":0,"comment_status":"open","ping_status":"open","sticky":false,"template":"","format":"standard","meta":{"footnotes":""},"categories":[1],"tags":[],"class_list":["post-713","post","type-post","status-publish","format-standard","hentry","category-sem-categoria"],"_links":{"self":[{"href":"https:\/\/blogs.correiobraziliense.com.br\/marcas-e-negocios\/wp-json\/wp\/v2\/posts\/713","targetHints":{"allow":["GET"]}}],"collection":[{"href":"https:\/\/blogs.correiobraziliense.com.br\/marcas-e-negocios\/wp-json\/wp\/v2\/posts"}],"about":[{"href":"https:\/\/blogs.correiobraziliense.com.br\/marcas-e-negocios\/wp-json\/wp\/v2\/types\/post"}],"author":[{"embeddable":true,"href":"https:\/\/blogs.correiobraziliense.com.br\/marcas-e-negocios\/wp-json\/wp\/v2\/users\/138"}],"replies":[{"embeddable":true,"href":"https:\/\/blogs.correiobraziliense.com.br\/marcas-e-negocios\/wp-json\/wp\/v2\/comments?post=713"}],"version-history":[{"count":1,"href":"https:\/\/blogs.correiobraziliense.com.br\/marcas-e-negocios\/wp-json\/wp\/v2\/posts\/713\/revisions"}],"predecessor-version":[{"id":714,"href":"https:\/\/blogs.correiobraziliense.com.br\/marcas-e-negocios\/wp-json\/wp\/v2\/posts\/713\/revisions\/714"}],"wp:attachment":[{"href":"https:\/\/blogs.correiobraziliense.com.br\/marcas-e-negocios\/wp-json\/wp\/v2\/media?parent=713"}],"wp:term":[{"taxonomy":"category","embeddable":true,"href":"https:\/\/blogs.correiobraziliense.com.br\/marcas-e-negocios\/wp-json\/wp\/v2\/categories?post=713"},{"taxonomy":"post_tag","embeddable":true,"href":"https:\/\/blogs.correiobraziliense.com.br\/marcas-e-negocios\/wp-json\/wp\/v2\/tags?post=713"}],"curies":[{"name":"wp","href":"https:\/\/api.w.org\/{rel}","templated":true}]}}