{"id":682,"date":"2025-06-14T06:00:31","date_gmt":"2025-06-14T09:00:31","guid":{"rendered":"https:\/\/blogs.correiobraziliense.com.br\/marcas-e-negocios\/?p=682"},"modified":"2025-06-13T17:49:18","modified_gmt":"2025-06-13T20:49:18","slug":"metodologia-para-projetos-de-patrocinio","status":"publish","type":"post","link":"https:\/\/blogs.correiobraziliense.com.br\/marcas-e-negocios\/2025\/06\/14\/metodologia-para-projetos-de-patrocinio\/","title":{"rendered":"Metodologia para projetos de patroc\u00ednio"},"content":{"rendered":"<p><span style=\"font-weight: 400\">Em um mundo onde a aten\u00e7\u00e3o das pessoas \u00e9 disputada a cada segundo, criar conex\u00f5es aut\u00eanticas entre marcas e p\u00fablico virou uma arte \u2013 e tamb\u00e9m uma necessidade estrat\u00e9gica. Mais do que simples campanhas publicit\u00e1rias, o que realmente diferencia neste mercado s\u00e3o as experi\u00eancias que emocionam, transformam e permanecem na mem\u00f3ria.\u00a0<\/span><\/p>\n<p><span style=\"font-weight: 400\">\u00c9 nesse cen\u00e1rio, onde criatividade e estrat\u00e9gia caminham lado a lado, que surge a Arte Inova, especializada em transformar ideias em viv\u00eancias inesquec\u00edveis por meio de projetos de patroc\u00ednio, ativa\u00e7\u00f5es de marcas e produ\u00e7\u00e3o de eventos.<\/span><\/p>\n<p><span style=\"font-weight: 400\">O s\u00f3cio-diretor Rodrigo Cardoso indica que a empresa foi fundada em 2020 a partir da fus\u00e3o entre a criatividade art\u00edstica e a intelig\u00eancia de neg\u00f3cios, com a miss\u00e3o de transformar ideias em plataformas sustent\u00e1veis de relacionamento entre marcas e p\u00fablicos. &#8220;Ao longo da trajet\u00f3ria, nos consolidamos como refer\u00eancia no mercado nacional por unir inova\u00e7\u00e3o, planejamento e execu\u00e7\u00e3o de excel\u00eancia em projetos culturais, esportivos, corporativos e promocionais&#8221;, indica.<\/span><\/p>\n<p><span style=\"font-weight: 400\">De acordo com o executivo, a cria\u00e7\u00e3o do neg\u00f3cio foi motivada por uma lacuna que ele enxergou no mercado: muitos projetos culturais e eventos, apesar do potencial criativo, n\u00e3o conseguiam se estruturar de forma atrativa para os patrocinadores ou, ainda mesmo, gerar resultados mensur\u00e1veis.\u00a0<\/span><\/p>\n<p><span style=\"font-weight: 400\">&#8220;Ao mesmo tempo, as marcas tinham verba dispon\u00edvel, mas dificuldade em encontrar propostas com credibilidade, profissionalismo e vis\u00e3o estrat\u00e9gica. A empresa surgiu para ser essa ponte. Unindo sensibilidade art\u00edstica com uma vis\u00e3o de neg\u00f3cios embasada em dados, planejamento e idea\u00e7\u00e3o, a Arte Inova foi criada para gerar valor em todas as pontas do ecossistema de eventos: do patrocinador ao p\u00fablico final&#8221;, contextualiza.<\/span><\/p>\n<p><span style=\"font-weight: 400\">Na pr\u00e1tica, a Arte Inova atua para desenvolver e aprimorar projetos desde a concep\u00e7\u00e3o criativa at\u00e9 a entrega final, com foco em quatro pilares: planejamento estrat\u00e9gico, capta\u00e7\u00e3o de patroc\u00ednios, execu\u00e7\u00e3o completa e relat\u00f3rios de performance. A empresa atua com eventos pr\u00f3prios, eventos de terceiros, a\u00e7\u00f5es de live marketing e projetos incentivados, sempre adaptando o modelo de entrega conforme os objetivos de cada cliente.<\/span><\/p>\n<p><span style=\"font-weight: 400\">Para todas essas a\u00e7\u00f5es serem vi\u00e1veis, Rodrigo indica que a empresa possui uma metodologia pr\u00f3pria, desenvolvida ao longo dos anos de pr\u00e1tica e an\u00e1lise de mercado. Baseando-se em crit\u00e9rios, a Arte Inova conta com eixos avaliativos: caracter\u00edsticas do evento, como o ineditismo, atra\u00e7\u00f5es, programa\u00e7\u00e3o, p\u00fablico-alvo e ader\u00eancia \u00e0 marca; responsabilidades sociais, ambientais, de governan\u00e7a e inclusiva; e, ainda, precifica\u00e7\u00e3o de contrapartidas, navegando na visibilidade, retorno de marca e oportunidades de ativa\u00e7\u00e3o.\u00a0<\/span><\/p>\n<p><span style=\"font-weight: 400\">&#8220;Pensamos a experi\u00eancia como um ciclo completo: antes, durante e depois do evento. Desde o pr\u00e9-engajamento nas redes, passando pelo layout e a jornada do participante no local, at\u00e9 o p\u00f3s-evento com conte\u00fados e pesquisas. Tudo \u00e9 mensurado e retroalimentado no nosso modelo de produ\u00e7\u00e3o. A experi\u00eancia n\u00e3o \u00e9 acidental, \u00e9 projetada com precis\u00e3o&#8221;, defende Rodrigo.\u00a0<\/span><\/p>\n<p><b>Inova\u00e7\u00e3o e conex\u00e3o\u00a0<\/b><\/p>\n<p><span style=\"font-weight: 400\">Rodrigo defende que, mais do que viabilizar projetos, a Arte Inova atua como parceira estrat\u00e9gica das marcas patrocinadoras. &#8220;Nosso papel \u00e9 oferecer seguran\u00e7a, clareza e efici\u00eancia em todo o processo \u2013 desde a escolha do projeto ideal at\u00e9 a entrega final&#8221;, aponta.<\/span><\/p>\n<p><span style=\"font-weight: 400\">Por isso, a empresa apoia as marcas na tomada de decis\u00e3o, traduzindo os valores intang\u00edveis dos eventos em dados concretos, alinhados com os objetivos de Marketing com oportunidades reais de conex\u00e3o com o p\u00fablico. &#8220;Estamos ao lado da marca, n\u00e3o s\u00f3 do projeto. Isso faz toda a diferen\u00e7a para que o patroc\u00ednio seja visto como uma a\u00e7\u00e3o estrat\u00e9gica e n\u00e3o como um simples repasse&#8221;, complementa.<\/span><\/p>\n<p><span style=\"font-weight: 400\">Entre os projetos mais recentes, Rodrigo destaca os 30 anos da Cia Os Melhores do Mundo, marca que nasceu em Bras\u00edlia e que est\u00e1 realizando uma turn\u00ea nacional passando por, praticamente, todos os estados do pa\u00eds.\u00a0<\/span><\/p>\n<p><span style=\"font-weight: 400\">Na capital, o espet\u00e1culo chega no m\u00eas de julho. Outras produ\u00e7\u00f5es tamb\u00e9m marcaram a trajet\u00f3ria da Arte Inova, como o \u00c1rtico Neve e Gelo; Deu Praia Tour Goi\u00e1s; Beatles na Esquina; e Circuito de Teatro Brasileiro. &#8220;Cada um desses projetos foi estruturado com base na nossa metodologia, visando n\u00e3o s\u00f3 o sucesso de p\u00fablico, mas o alinhamento estrat\u00e9gico com marcas parceiras&#8221;, diz.<\/span><\/p>\n<p><b>Tr\u00eas perguntas para <\/b><b>Rodrigo Cardoso, s\u00f3cio-diretor da Arte Inova Intelig\u00eancia de Eventos<\/b><b>:<\/b><\/p>\n<blockquote><p><b>Por que o nome &#8220;Arte Inova&#8221;?<\/b><\/p><\/blockquote>\n<p><span style=\"font-weight: 400\">&#8220;Arte Inova&#8221; nasce da jun\u00e7\u00e3o entre duas ess\u00eancias: a arte como express\u00e3o de cultura, criatividade e emo\u00e7\u00e3o, e a inova\u00e7\u00e3o como ferramenta de transforma\u00e7\u00e3o, disrup\u00e7\u00e3o e entrega de valor. O nome traduz exatamente o prop\u00f3sito da empresa: criar experi\u00eancias memor\u00e1veis com base na criatividade e intelig\u00eancia estrat\u00e9gica.<\/span><\/p>\n<blockquote><p><b>Quais s\u00e3o os desafios dessa \u00e1rea do mercado?<\/b><\/p><\/blockquote>\n<p><span style=\"font-weight: 400\">Os principais desafios hoje s\u00e3o conciliar criatividade com viabilidade financeira; traduzir valor intang\u00edvel em resultados concretos para patrocinadores; manter a aten\u00e7\u00e3o do p\u00fablico diante da hiperoferta de eventos;e\u00a0 navegar a burocracia de leis de incentivo e editais. Nos posicionamos como uma empresa que resolve esses desafios com m\u00e9todo, experi\u00eancia e inova\u00e7\u00e3o, e por isso conquistamos parcerias duradouras com marcas e institui\u00e7\u00f5es.<\/span><\/p>\n<blockquote><p><b>Como voc\u00ea avalia o futuro dos eventos em Bras\u00edlia?<\/b><\/p><\/blockquote>\n<p><span style=\"font-weight: 400\">Bras\u00edlia vive um novo ciclo criativo. H\u00e1 espa\u00e7o para eventos que combinem conte\u00fado relevante com entretenimento inteligente. Temas como cultura, inova\u00e7\u00e3o, sustentabilidade e gastronomia t\u00eam ganhado protagonismo. O futuro dos eventos est\u00e1 na experi\u00eancia h\u00edbrida e personalizada.<\/span><\/p>\n","protected":false},"excerpt":{"rendered":"<p>Em um mundo onde a aten\u00e7\u00e3o das pessoas \u00e9 disputada a cada segundo, criar conex\u00f5es aut\u00eanticas entre marcas e p\u00fablico virou uma arte \u2013 e tamb\u00e9m uma necessidade estrat\u00e9gica. Mais do que simples campanhas publicit\u00e1rias, o que realmente diferencia neste mercado s\u00e3o as experi\u00eancias que emocionam, transformam e permanecem na mem\u00f3ria.\u00a0 \u00c9 nesse cen\u00e1rio, onde criatividade e estrat\u00e9gia caminham lado [&hellip;]<\/p>\n","protected":false},"author":138,"featured_media":683,"comment_status":"open","ping_status":"open","sticky":false,"template":"","format":"standard","meta":{"footnotes":""},"categories":[1],"tags":[],"class_list":["post-682","post","type-post","status-publish","format-standard","has-post-thumbnail","hentry","category-sem-categoria"],"_links":{"self":[{"href":"https:\/\/blogs.correiobraziliense.com.br\/marcas-e-negocios\/wp-json\/wp\/v2\/posts\/682","targetHints":{"allow":["GET"]}}],"collection":[{"href":"https:\/\/blogs.correiobraziliense.com.br\/marcas-e-negocios\/wp-json\/wp\/v2\/posts"}],"about":[{"href":"https:\/\/blogs.correiobraziliense.com.br\/marcas-e-negocios\/wp-json\/wp\/v2\/types\/post"}],"author":[{"embeddable":true,"href":"https:\/\/blogs.correiobraziliense.com.br\/marcas-e-negocios\/wp-json\/wp\/v2\/users\/138"}],"replies":[{"embeddable":true,"href":"https:\/\/blogs.correiobraziliense.com.br\/marcas-e-negocios\/wp-json\/wp\/v2\/comments?post=682"}],"version-history":[{"count":1,"href":"https:\/\/blogs.correiobraziliense.com.br\/marcas-e-negocios\/wp-json\/wp\/v2\/posts\/682\/revisions"}],"predecessor-version":[{"id":684,"href":"https:\/\/blogs.correiobraziliense.com.br\/marcas-e-negocios\/wp-json\/wp\/v2\/posts\/682\/revisions\/684"}],"wp:featuredmedia":[{"embeddable":true,"href":"https:\/\/blogs.correiobraziliense.com.br\/marcas-e-negocios\/wp-json\/wp\/v2\/media\/683"}],"wp:attachment":[{"href":"https:\/\/blogs.correiobraziliense.com.br\/marcas-e-negocios\/wp-json\/wp\/v2\/media?parent=682"}],"wp:term":[{"taxonomy":"category","embeddable":true,"href":"https:\/\/blogs.correiobraziliense.com.br\/marcas-e-negocios\/wp-json\/wp\/v2\/categories?post=682"},{"taxonomy":"post_tag","embeddable":true,"href":"https:\/\/blogs.correiobraziliense.com.br\/marcas-e-negocios\/wp-json\/wp\/v2\/tags?post=682"}],"curies":[{"name":"wp","href":"https:\/\/api.w.org\/{rel}","templated":true}]}}