{"id":65,"date":"2022-09-10T07:00:48","date_gmt":"2022-09-10T10:00:48","guid":{"rendered":"https:\/\/blogs.correiobraziliense.com.br\/marcas-e-negocios\/?p=65"},"modified":"2022-09-10T10:01:57","modified_gmt":"2022-09-10T13:01:57","slug":"oab-df-busca-fomentar-democracia-e-inclusao","status":"publish","type":"post","link":"https:\/\/blogs.correiobraziliense.com.br\/marcas-e-negocios\/2022\/09\/10\/oab-df-busca-fomentar-democracia-e-inclusao\/","title":{"rendered":"OAB\/DF busca fomentar democracia e inclus\u00e3o"},"content":{"rendered":"<figure id=\"attachment_66\" aria-describedby=\"caption-attachment-66\" style=\"width: 1024px\" class=\"wp-caption aligncenter\"><img loading=\"lazy\" decoding=\"async\" class=\"wp-image-66 size-large\" src=\"https:\/\/blogs.correiobraziliense.com.br\/marcas-e-negocios\/wp-content\/uploads\/sites\/65\/2022\/09\/PHOTO-2022-09-08-19-03-55-1024x682.jpg\" alt=\"\" width=\"1024\" height=\"682\" srcset=\"https:\/\/blogs.correiobraziliense.com.br\/marcas-e-negocios\/wp-content\/uploads\/sites\/65\/2022\/09\/PHOTO-2022-09-08-19-03-55-1024x682.jpg 1024w, https:\/\/blogs.correiobraziliense.com.br\/marcas-e-negocios\/wp-content\/uploads\/sites\/65\/2022\/09\/PHOTO-2022-09-08-19-03-55-300x200.jpg 300w, https:\/\/blogs.correiobraziliense.com.br\/marcas-e-negocios\/wp-content\/uploads\/sites\/65\/2022\/09\/PHOTO-2022-09-08-19-03-55-768x512.jpg 768w, https:\/\/blogs.correiobraziliense.com.br\/marcas-e-negocios\/wp-content\/uploads\/sites\/65\/2022\/09\/PHOTO-2022-09-08-19-03-55-1440x959.jpg 1440w, https:\/\/blogs.correiobraziliense.com.br\/marcas-e-negocios\/wp-content\/uploads\/sites\/65\/2022\/09\/PHOTO-2022-09-08-19-03-55-800x533.jpg 800w, https:\/\/blogs.correiobraziliense.com.br\/marcas-e-negocios\/wp-content\/uploads\/sites\/65\/2022\/09\/PHOTO-2022-09-08-19-03-55-550x366.jpg 550w, https:\/\/blogs.correiobraziliense.com.br\/marcas-e-negocios\/wp-content\/uploads\/sites\/65\/2022\/09\/PHOTO-2022-09-08-19-03-55-230x153.jpg 230w, https:\/\/blogs.correiobraziliense.com.br\/marcas-e-negocios\/wp-content\/uploads\/sites\/65\/2022\/09\/PHOTO-2022-09-08-19-03-55.jpg 1600w\" sizes=\"auto, (max-width: 1024px) 100vw, 1024px\" \/><figcaption id=\"caption-attachment-66\" class=\"wp-caption-text\">D\u00e9lio Lins e Silva J\u00fanior, presidente da OAB\/DF<\/figcaption><\/figure>\n<p><span style=\"font-weight: 400\">Ser inclusivo, plural, independente e refer\u00eancia no exerc\u00edcio da cidadania s\u00e3o os pap\u00e9is da Seccional da Ordem dos Advogados do Brasil do Distrito Federal (OAB\/DF), de acordo com D\u00e9lio Lins e Silva J\u00fanior, presidente da entidade.\u00a0<\/span><\/p>\n<p><span style=\"font-weight: 400\">Graduado h\u00e1 mais de duas d\u00e9cadas em Direito, p\u00f3s-graduado em Direito Penal Econ\u00f4mico, mestre e doutorando em Ci\u00eancias Jur\u00eddico-Criminais pela Faculdade de Direito da Universidade de Coimbra, o presidente conquistou, no ano passado, a sua reelei\u00e7\u00e3o na OAB\/DF. Com 41% dos votos contabilizados, a nova gest\u00e3o diz respeito ao tri\u00eanio 2022 &#8211; 2024.<\/span><\/p>\n<p><span style=\"font-weight: 400\">O pleito contou com a participa\u00e7\u00e3o de quase 30 mil advogados, que votaram de forma h\u00edbrida, pela internet, devido \u00e0 pandemia da covid-19. Na diretoria, integraram os seguintes advogados: Lenda Tariana, na vice-presid\u00eancia; Paulo Maur\u00edcio Braz Siqueira como secret\u00e1rio-geral; Roberta Batista de Queiroz, na fun\u00e7\u00e3o de secret\u00e1ria-geral adjunta; Rafael Teixeira Martins como diretor tesoureiro;\u00a0Newton Rubens de Oliveira, diretor de Prerrogativas; Fernando Teixeira Abdala, diretor de Tecnologia; L\u00edvia Caldas Brito, diretora de Igualdade Racial e Social; e Raquel Bezerra C\u00e2ndido, diretora de Comunica\u00e7\u00e3o.\u00a0<\/span><\/p>\n<p><span style=\"font-weight: 400\">Para ele, a renova\u00e7\u00e3o do mandato trouxe uma mistura de alegria e gratid\u00e3o. &#8220;Fizemos um esfor\u00e7o imenso para cumprir as promessas da campanha anterior, mesmo atravessando um per\u00edodo de pandemia sem precedentes, e tivemos muitos \u00eaxitos\u201d, celebra.\u00a0<\/span><\/p>\n<p><span style=\"font-weight: 400\">O advogado ainda informa que a reelei\u00e7\u00e3o foi poss\u00edvel devido ao reconhecimento do trabalho da diretoria, dos conselheiros seccionais, dos presidentes de Subse\u00e7\u00f5es, da Caixa de Assist\u00eancia dos Advogados do DF (CAADF) e da Escola Superior de Advocacia (ESA\/DF).\u00a0<\/span><\/p>\n<p><span style=\"font-weight: 400\">\u201cSeguimos na OAB\/DF entendendo nosso papel como o de institui\u00e7\u00e3o que oferece apoio incondicional \u00e0 democracia e, nele, sempre estaremos atentos \u00e0 defesa efetiva e profissional das nossas prerrogativas, porque s\u00e3o a garantia do jurisdicionado perante o poder estatal\u201d, complementa.\u00a0<\/span><\/p>\n<p><span style=\"font-weight: 400\">Al\u00e9m disso, D\u00e9lio tamb\u00e9m indica que, no que envolve os pr\u00f3ximos passos no seu tri\u00eanio, a ideia central da sua gest\u00e3o \u00e9 continuar investindo em tecnologia e, tamb\u00e9m, focar na empregabilidade do segmento.\u00a0<\/span><\/p>\n<p><span style=\"font-weight: 400\">Segundo o presidente, a entidade deseja mais advogadas e advogados empregados &#8211; seja no mercado, nos poderes constitu\u00eddos ou at\u00e9 mesmo empreendendo e inovando em novas \u00e1reas do Direito. \u201cIsso significa exigir mais qualidade de ensino e oferecer mais cursos de qualidade em nossas forma\u00e7\u00f5es pela Escola Superior de Advocacia (ESA\/DF)\u201d, esclarece.<\/span><\/p>\n<p><span style=\"font-weight: 400\">Al\u00e9m dos planos futuros, a\u00e7\u00f5es realizadas em seu \u00faltimo mandato tamb\u00e9m se destacam e mostram como uma boa gest\u00e3o pode impactar positivamente a \u00e1rea de Direito e, tamb\u00e9m, a sociedade como um todo.\u00a0<\/span><\/p>\n<p><span style=\"font-weight: 400\">Entre as conquistas, D\u00e9lio conseguiu promover a paridade entre homens e mulheres nos cargos da Casa, assim como viabilizou a igualdade racial. \u201cDefendemos a bandeira de 30% de advogadas e advogados negros nas capas das elei\u00e7\u00f5es passadas, no pa\u00eds todo, porque j\u00e1\u00a0 t\u00ednhamos esse ponto como prioridade no DF\u201d, exemplifica.\u00a0<\/span><\/p>\n<p><span style=\"font-weight: 400\">Com essa aten\u00e7\u00e3o especial voltada ao tema, o presidente tamb\u00e9m instituiu a Diretoria de Igualdade Racial e tornaram permanente a Comiss\u00e3o de Igualdade Racial, assim como a da Mulher Advogada. \u201cUma Ordem mais democr\u00e1tica e participativa se materializou nas elei\u00e7\u00f5es por meio digital, uma contribui\u00e7\u00e3o para o modelo de elei\u00e7\u00f5es em geral\u201d, diz.\u00a0<\/span><\/p>\n<p><b>Elei\u00e7\u00f5es de 2022<\/b><\/p>\n<p><span style=\"font-weight: 400\">As elei\u00e7\u00f5es de 2022 ganharam forte protagonismo em todo o territ\u00f3rio brasileiro por serem avaliadas como uma das maiores e mais engajadas dos \u00faltimos anos. Ciente deste momento de extrema import\u00e2ncia para os cidad\u00e3os, buscando trabalhar em prol da sociedade, a OAB\/DF lan\u00e7ou, no m\u00eas de julho, o programa Minuto Eleitoral, que tem a finalidade de educar, apoiar \u00f3rg\u00e3os eleitorais e esclarecer aos cidad\u00e3os quest\u00f5es relacionadas ao processo democr\u00e1tico.\u00a0<\/span><\/p>\n<p><span style=\"font-weight: 400\">&#8220;\u00c9 uma a\u00e7\u00e3o que contribui com a campanha de esclarecimento aos eleitores, refor\u00e7ando o papel de uma institui\u00e7\u00e3o que sempre esteve e estar\u00e1 ao lado da democracia. \u00c9 importante porque \u00e9 uma fonte confi\u00e1vel aos eleitores. A Ordem tem uma palavra que alcan\u00e7a a sociedade e \u00e9 reconhecida&#8221;, informa o presidente D\u00e9lio.\u00a0<\/span><\/p>\n<p><span style=\"font-weight: 400\">Elaborado a partir de parceria entre a Diretoria de Comunica\u00e7\u00e3o e a Comiss\u00e3o de Direito Eleitoral da OAB\/DF, a ideia \u00e9 responder \u00e0s d\u00favidas mais frequentes sobre as principais tem\u00e1ticas do universo eleitoral, como: t\u00edtulo de eleitor, voto e justificativa. O programa traz informa\u00e7\u00f5es amplas sobre o tema, dando suporte ao Tribunal Regional Eleitoral (TRE), que \u00e9 a fonte oficial.<\/span><\/p>\n<p><span style=\"font-weight: 400\">Junto com a iniciativa, a OAB\/DF tamb\u00e9m apresentou novidades que far\u00e3o a diferen\u00e7a no per\u00edodo eleitoral. Uma delas envolve o Observat\u00f3rio Eleitoral das Candidaturas Negras e Femininas. Para a entidade, \u00e9 importante e necess\u00e1rio estar vigilante acerca da atua\u00e7\u00e3o dos partidos nas candidaturas.\u00a0<\/span><\/p>\n<p><span style=\"font-weight: 400\">&#8220;J\u00e1 houve, no passado, muitos questionamentos sobre o cumprimento da legisla\u00e7\u00e3o. Agora temos mais condi\u00e7\u00f5es de acompanhar o desenvolvimento dos pleitos. Faremos em apoio \u00e0 realiza\u00e7\u00e3o de elei\u00e7\u00f5es segundo as regras eleitorais&#8221;, explica D\u00e9lio.<\/span><\/p>\n<p><span style=\"font-weight: 400\">A iniciativa foi lan\u00e7ada no in\u00edcio do m\u00eas de setembro, no Semin\u00e1rio de Direito Eleitoral e Pol\u00edtico \u201cInclus\u00e3o na Pol\u00edtica: Diagn\u00f3sticos e Avan\u00e7os\u201d. O Observat\u00f3rio tem o objetivo de acompanhar e monitorar o cumprimento da legisla\u00e7\u00e3o eleitoral, que neste ano destina 30% dos recursos do Fundo Eleitoral para candidaturas de mulheres e cria novas regras de incentivo a candidaturas negras.\u00a0<\/span><\/p>\n<p><span style=\"font-weight: 400\">Al\u00e9m disso, com o intuito de fomentar ainda mais o envolvimento respons\u00e1vel da sociedade e da advocacia na pol\u00edtica, a OAB\/DF realizar\u00e1 sabatinas com os candidatos ao Governo do Distrito Federal (GDF), na pr\u00f3xima segunda-feira (12) e ter\u00e7a-feira (13), no audit\u00f3rio do pr\u00e9dio-sede da entidade, na Asa Norte. A ocasi\u00e3o ser\u00e1 transmitida no YouTube.\u00a0<\/span><\/p>\n<p><span style=\"font-weight: 400\">\u201cTemos, nesta a\u00e7\u00e3o, uma contribui\u00e7\u00e3o da OAB\/DF com a sociedade no fortalecimento da democracia. A Ordem \u00e9 uma institui\u00e7\u00e3o que sempre esteve e estar\u00e1 ao lado da democracia\u201d, afirma o presidente da OAB\/DF sobre a iniciativa.<\/span><\/p>\n<blockquote><p><b>Qual a import\u00e2ncia da OAB\/DF?<\/b><\/p><\/blockquote>\n<p><span style=\"font-weight: 400\">Representar a Ordem no Distrito Federal \u00e9 fundamentalmente defender a democracia. Esta \u00e9 uma institui\u00e7\u00e3o pilar da democracia.\u00a0\u00a0<\/span><\/p>\n<blockquote><p><b>Como a pandemia influenciou a gest\u00e3o do seu \u00faltimo mandato?<\/b><\/p><\/blockquote>\n<p><span style=\"font-weight: 400\">A pandemia acelerou todo o processo de reinven\u00e7\u00e3o da OAB\/DF para sairmos do uso de papel para todos os processos internos e da necessidade de presen\u00e7a f\u00edsica para a digitaliza\u00e7\u00e3o e a reorganiza\u00e7\u00e3o interna; o estabelecimento de novos fluxos de trabalho; e tamb\u00e9m para o atendimento virtual. Hoje temos a capacidade de atender virtualmente a advocacia praticamente em tudo.<\/span><\/p>\n<blockquote><p><b>Qual a expectativa para as elei\u00e7\u00f5es deste ano?<\/b><\/p><\/blockquote>\n<p><span style=\"font-weight: 400\">Que aconte\u00e7am livremente, como todos os anos anteriores, desde a redemocratiza\u00e7\u00e3o, e que haja o costumeiro respeito aos resultados, trazendo, tanto quanto poss\u00edvel, pacifica\u00e7\u00e3o social, t\u00e3o logo acabe. A disputa pol\u00edtica sabemos que seguir\u00e1.\u00a0<\/span><\/p>\n","protected":false},"excerpt":{"rendered":"<p>Ser inclusivo, plural, independente e refer\u00eancia no exerc\u00edcio da cidadania s\u00e3o os pap\u00e9is da Seccional da Ordem dos Advogados do Brasil do Distrito Federal (OAB\/DF), de acordo com D\u00e9lio Lins e Silva J\u00fanior, presidente da entidade.\u00a0 Graduado h\u00e1 mais de duas d\u00e9cadas em Direito, p\u00f3s-graduado em Direito Penal Econ\u00f4mico, mestre e doutorando em Ci\u00eancias Jur\u00eddico-Criminais pela Faculdade de Direito da [&hellip;]<\/p>\n","protected":false},"author":138,"featured_media":66,"comment_status":"open","ping_status":"open","sticky":false,"template":"","format":"standard","meta":{"footnotes":""},"categories":[1],"tags":[],"class_list":["post-65","post","type-post","status-publish","format-standard","has-post-thumbnail","hentry","category-sem-categoria"],"_links":{"self":[{"href":"https:\/\/blogs.correiobraziliense.com.br\/marcas-e-negocios\/wp-json\/wp\/v2\/posts\/65","targetHints":{"allow":["GET"]}}],"collection":[{"href":"https:\/\/blogs.correiobraziliense.com.br\/marcas-e-negocios\/wp-json\/wp\/v2\/posts"}],"about":[{"href":"https:\/\/blogs.correiobraziliense.com.br\/marcas-e-negocios\/wp-json\/wp\/v2\/types\/post"}],"author":[{"embeddable":true,"href":"https:\/\/blogs.correiobraziliense.com.br\/marcas-e-negocios\/wp-json\/wp\/v2\/users\/138"}],"replies":[{"embeddable":true,"href":"https:\/\/blogs.correiobraziliense.com.br\/marcas-e-negocios\/wp-json\/wp\/v2\/comments?post=65"}],"version-history":[{"count":4,"href":"https:\/\/blogs.correiobraziliense.com.br\/marcas-e-negocios\/wp-json\/wp\/v2\/posts\/65\/revisions"}],"predecessor-version":[{"id":71,"href":"https:\/\/blogs.correiobraziliense.com.br\/marcas-e-negocios\/wp-json\/wp\/v2\/posts\/65\/revisions\/71"}],"wp:featuredmedia":[{"embeddable":true,"href":"https:\/\/blogs.correiobraziliense.com.br\/marcas-e-negocios\/wp-json\/wp\/v2\/media\/66"}],"wp:attachment":[{"href":"https:\/\/blogs.correiobraziliense.com.br\/marcas-e-negocios\/wp-json\/wp\/v2\/media?parent=65"}],"wp:term":[{"taxonomy":"category","embeddable":true,"href":"https:\/\/blogs.correiobraziliense.com.br\/marcas-e-negocios\/wp-json\/wp\/v2\/categories?post=65"},{"taxonomy":"post_tag","embeddable":true,"href":"https:\/\/blogs.correiobraziliense.com.br\/marcas-e-negocios\/wp-json\/wp\/v2\/tags?post=65"}],"curies":[{"name":"wp","href":"https:\/\/api.w.org\/{rel}","templated":true}]}}