{"id":629,"date":"2025-03-08T06:00:42","date_gmt":"2025-03-08T09:00:42","guid":{"rendered":"https:\/\/blogs.correiobraziliense.com.br\/marcas-e-negocios\/?p=629"},"modified":"2025-03-07T18:07:38","modified_gmt":"2025-03-07T21:07:38","slug":"flores-tropicais-no-meio-do-cerrado","status":"publish","type":"post","link":"https:\/\/blogs.correiobraziliense.com.br\/marcas-e-negocios\/2025\/03\/08\/flores-tropicais-no-meio-do-cerrado\/","title":{"rendered":"Flores tropicais no meio do cerrado"},"content":{"rendered":"<p><span style=\"font-weight: 400\">De acordo com o Instituto Brasileiro de Floricultura (Ibraflor), o Centro-Oeste possu\u00eda 343 produtores de flores em 2023. No quadradinho do Brasil, o Rancho Paran\u00e1 se destaca como a marca de Bras\u00edlia que oferece \u00e0 popula\u00e7\u00e3o um nicho mais segmentado desse setor, por meio do cultivo de esp\u00e9cies tropicais. Cores vibrantes, formas ex\u00f3ticas e durabilidade s\u00e3o caracter\u00edsticas comuns e trazem vida aos ambientes em que esses tipos de flores est\u00e3o presentes.\u00a0<\/span><\/p>\n<p><span style=\"font-weight: 400\">\u201cSempre procuramos produzir flores org\u00e2nicas e saud\u00e1veis, tanto para n\u00f3s, para nossos colaboradores e para os clientes Estamos localizados pr\u00f3ximo ao Lago Descoberto, que \u00e9 um importante manancial de \u00e1gua para o Distrito Federal, onde mais de 60% da \u00e1gua consumida na regi\u00e3o \u00e9 origin\u00e1ria por ele\u201d, conta <\/span><span style=\"font-weight: 400\">M\u00e1rcia Rosely Jakubowski de Carvalho, s\u00f3cia do Rancho Paran\u00e1.\u00a0<\/span><\/p>\n<p><span style=\"font-weight: 400\">Produtora rural, a empreendedora conta que a produ\u00e7\u00e3o de flores tropicais, no Rancho Paran\u00e1, \u00e9 em sistema de agrofloresta. Na pr\u00e1tica, s\u00e3o produzidas as flores consorciadas com as folhagens e as frutas, tornando-se um modelo ecol\u00f3gico e sustent\u00e1vel. \u201cAproveitamos os res\u00edduos org\u00e2nicos para fazer compostagem. Muitos pesquisadores da Embrapa j\u00e1 nos visitaram, mostrando que o modelo agroflorestal \u00e9 um modelo ambientalmente correto e que equilibra o meio ambiente\u201d, explica.<\/span><\/p>\n<p><span style=\"font-weight: 400\">Atualmente, o Rancho Paran\u00e1 oferece mais de 90 tipos de flores tropicais e folhagens, al\u00e9m de mais de 40 tipos de frutas. As principais esp\u00e9cies s\u00e3o as helic\u00f4nias, bast\u00f5es do imperador, alp\u00ednias, gengibres, costus, calat\u00e9ias e musas. Para M\u00e1rcia, as flores tropicais, al\u00e9m de ex\u00f3ticas, s\u00e3o muito resistentes. Se estiverem em ambientes frescos, podem durar em m\u00e9dia 8 a 12 dias nos arranjos.\u00a0<\/span><\/p>\n<p><span style=\"font-weight: 400\">Para chegar ao resultado final, M\u00e1rcia conta que v\u00e1rios processos s\u00e3o adotados pela empresa para que as flores cheguem em perfeitas condi\u00e7\u00f5es para os clientes. &#8220;Come\u00e7a no plantio, no cuidado di\u00e1rio com irriga\u00e7\u00e3o, aduba\u00e7\u00e3o e poda. Depois, na colheita, selecionamos as flores no ponto; na hidrata\u00e7\u00e3o p\u00f3s-colheita; e, ainda, na padroniza\u00e7\u00e3o dos pacotes\u201d, informa.\u00a0\u00a0<\/span><\/p>\n<p><b>Voca\u00e7\u00e3o rural\u00a0<\/b><\/p>\n<p><span style=\"font-weight: 400\">Em 1967, Francisco Jos\u00e9 e Prakceda vieram para Bras\u00edlia, na regi\u00e3o do Lago Descoberto. &#8220;Nessa d\u00e9cada, a \u00e1rea foi desapropriada e a nossa fam\u00edlia perdeu tudo. Meus pais regressaram ao Paran\u00e1 com o pequeno valor da indeniza\u00e7\u00e3o que receberam&#8221;, indica M\u00e1rcia, filha de Franscico e Prakceda.\u00a0<\/span><\/p>\n<p><span style=\"font-weight: 400\">No entanto, o casal sonhava em retornar \u00e0 capital. &#8220;Naquela \u00e9poca, o Incra estava implantando o &#8216;cintur\u00e3o verde&#8217;. Ent\u00e3o, eles retornaram e recome\u00e7aram na propriedade onde estamos at\u00e9 hoje&#8221;, complementa. Inicialmente, estiveram \u00e0 frente da produ\u00e7\u00e3o de verduras e, anos depois, iniciaram a cria\u00e7\u00e3o de gado leiteiro. &#8220;Os altos custos inviabilizaram a atividade&#8221;, lamenta.\u00a0<\/span><\/p>\n<p><span style=\"font-weight: 400\">Esse cen\u00e1rio os levou \u00e0 produ\u00e7\u00e3o das flores, ramo pelo qual a fam\u00edlia se tornou refer\u00eancia na regi\u00e3o. &#8220;Minha m\u00e3e sempre gostou de flores e cultivava os jardins sempre floridos. Eu e meus irm\u00e3os, nascemos e crescemos dentro de um ambiente rural. Nunca moramos em cidade! A voca\u00e7\u00e3o rural da fam\u00edlia e o amor pelo campo foram crescendo e virou uma oportunidade de neg\u00f3cio&#8221;, ressalta M\u00e1rcia.<\/span><\/p>\n<p><span style=\"font-weight: 400\">A produtora rural recorda que uma amiga da fam\u00edlia os incentivou a plantar a flor ang\u00e9lica, conhecida pelo seu aroma e beleza. A produ\u00e7\u00e3o se expandiu e, com ela, a necessidade de melhorar a comercializa\u00e7\u00e3o. \u201cProduzimos a esp\u00e9cie por v\u00e1rios anos, at\u00e9 que chegamos \u00e0 conclus\u00e3o de que um \u00fanico produto representava muito risco e pouca renda. Por isso, passamos a diversificar a produ\u00e7\u00e3o com flores tropicais e folhagens\u201d, comenta<\/span><\/p>\n<p><span style=\"font-weight: 400\">Foi nesse per\u00edodo que a m\u00e3e de M\u00e1rcia ganhou de presente de anivers\u00e1rio um arranjo de flores tropicais. \u201cEla se encantou com a beleza e a diversidade, despertando a curiosidade de buscar informa\u00e7\u00f5es e mudas em outros estados, j\u00e1 que ainda n\u00e3o se produzia flores tropicais em Bras\u00edlia\u201d, complementa.\u00a0<\/span><\/p>\n<p><span style=\"font-weight: 400\">Para M\u00e1rcia, a marca \u00e9 uma refer\u00eancia por valorizar o setor rural. A fam\u00edlia, que veio dos pais agricultores, expandiu a atua\u00e7\u00e3o dos neg\u00f3cios. Em 1998, foi inaugurado o Rancho Paran\u00e1 Agroturismo com a empresa de agricultura familiar, restaurante rural e produ\u00e7\u00e3o de flores tropicais. Ela conta tamb\u00e9m que, hoje, o Rancho Paran\u00e1 \u00e9 conhecido como &#8220;Santu\u00e1rio Ecol\u00f3gico&#8221;, &#8220;Floresta tropical no meio do cerrado&#8221; e, at\u00e9 mesmo, &#8220;Para\u00edso Ecol\u00f3gico&#8221;.\u00a0\u00a0<\/span><\/p>\n<p><b>Tr\u00eas perguntas para <\/b><b>M\u00e1rcia Rosely Jakubowski de Carvalho, s\u00f3cia do Rancho Paran\u00e1<\/b><b>:<\/b><\/p>\n<blockquote><p><b>Por que o nome &#8220;Rancho Paran\u00e1&#8221;?<\/b><\/p><\/blockquote>\n<p><span style=\"font-weight: 400\">A marca Rancho Paran\u00e1 surgiu como refer\u00eancia \u00e0 fam\u00edlia que veio do Paran\u00e1. Quando algu\u00e9m vinha nos visitar, perguntava onde era a ch\u00e1cara do Francisco e da Prakceda. Pelo nome, poucos conheciam. Mas quando falavam que era o Chico e a esposa do Paran\u00e1, todos j\u00e1 sabiam. E assim o apelido \u201cChico Paran\u00e1\u201d se consolidou e o tornou conhecido.\u00a0<\/span><\/p>\n<p><span style=\"font-weight: 400\">Quando fomos colocar o nome na propriedade, alguns amigos comentavam que gostavam de visitar o Rancho do Chico Paran\u00e1. Para simplificar, nomeamos como Rancho Paran\u00e1. Inclusive, a registramos no INPI.\u00a0<\/span><\/p>\n<blockquote><p><b>Qual \u00e9 o perfil do seu consumidor?\u00a0<\/b><\/p><\/blockquote>\n<p><span style=\"font-weight: 400\">Observamos que boa parte de nossos clientes s\u00e3o profissionais que gostam muito de produtos ex\u00f3ticos. Arquitetos, agr\u00f4nomos e m\u00e9dicos s\u00e3o clientes frequentes. Tamb\u00e9m fazem parte da nossa lista os estrangeiros, principalmente de Embaixadas, que ficam encantados com a diversidade dos produtos brasilienses.<\/span><\/p>\n<blockquote><p><b>Quais foram os maiores desafios que a empresa enfrentou?<\/b><\/p><\/blockquote>\n<p><span style=\"font-weight: 400\">Passamos por diversas crises. A primeira delas relacionada \u00e0 quest\u00e3o financeira. J\u00e1 perdemos produ\u00e7\u00e3o com chuva de granizo, com atravessadores, com juros altos de financiamentos banc\u00e1rios. Vivemos a crise h\u00eddrica, em 2017, e, por \u00faltimo, a pandemia. Essas duas \u00faltimas foram as mais cru\u00e9is, pois com a crise h\u00eddrica perdemos grande parte da produ\u00e7\u00e3o de flores, plantas e de peixes. Na pandemia tivemos que fechar o Rancho Paran\u00e1 por 6 meses.\u00a0<\/span><\/p>\n","protected":false},"excerpt":{"rendered":"<p>De acordo com o Instituto Brasileiro de Floricultura (Ibraflor), o Centro-Oeste possu\u00eda 343 produtores de flores em 2023. No quadradinho do Brasil, o Rancho Paran\u00e1 se destaca como a marca de Bras\u00edlia que oferece \u00e0 popula\u00e7\u00e3o um nicho mais segmentado desse setor, por meio do cultivo de esp\u00e9cies tropicais. Cores vibrantes, formas ex\u00f3ticas e durabilidade s\u00e3o caracter\u00edsticas comuns e trazem [&hellip;]<\/p>\n","protected":false},"author":138,"featured_media":630,"comment_status":"open","ping_status":"open","sticky":false,"template":"","format":"standard","meta":{"footnotes":""},"categories":[1],"tags":[],"class_list":["post-629","post","type-post","status-publish","format-standard","has-post-thumbnail","hentry","category-sem-categoria"],"_links":{"self":[{"href":"https:\/\/blogs.correiobraziliense.com.br\/marcas-e-negocios\/wp-json\/wp\/v2\/posts\/629","targetHints":{"allow":["GET"]}}],"collection":[{"href":"https:\/\/blogs.correiobraziliense.com.br\/marcas-e-negocios\/wp-json\/wp\/v2\/posts"}],"about":[{"href":"https:\/\/blogs.correiobraziliense.com.br\/marcas-e-negocios\/wp-json\/wp\/v2\/types\/post"}],"author":[{"embeddable":true,"href":"https:\/\/blogs.correiobraziliense.com.br\/marcas-e-negocios\/wp-json\/wp\/v2\/users\/138"}],"replies":[{"embeddable":true,"href":"https:\/\/blogs.correiobraziliense.com.br\/marcas-e-negocios\/wp-json\/wp\/v2\/comments?post=629"}],"version-history":[{"count":1,"href":"https:\/\/blogs.correiobraziliense.com.br\/marcas-e-negocios\/wp-json\/wp\/v2\/posts\/629\/revisions"}],"predecessor-version":[{"id":631,"href":"https:\/\/blogs.correiobraziliense.com.br\/marcas-e-negocios\/wp-json\/wp\/v2\/posts\/629\/revisions\/631"}],"wp:featuredmedia":[{"embeddable":true,"href":"https:\/\/blogs.correiobraziliense.com.br\/marcas-e-negocios\/wp-json\/wp\/v2\/media\/630"}],"wp:attachment":[{"href":"https:\/\/blogs.correiobraziliense.com.br\/marcas-e-negocios\/wp-json\/wp\/v2\/media?parent=629"}],"wp:term":[{"taxonomy":"category","embeddable":true,"href":"https:\/\/blogs.correiobraziliense.com.br\/marcas-e-negocios\/wp-json\/wp\/v2\/categories?post=629"},{"taxonomy":"post_tag","embeddable":true,"href":"https:\/\/blogs.correiobraziliense.com.br\/marcas-e-negocios\/wp-json\/wp\/v2\/tags?post=629"}],"curies":[{"name":"wp","href":"https:\/\/api.w.org\/{rel}","templated":true}]}}