{"id":593,"date":"2025-01-18T06:00:49","date_gmt":"2025-01-18T09:00:49","guid":{"rendered":"https:\/\/blogs.correiobraziliense.com.br\/marcas-e-negocios\/?p=593"},"modified":"2024-12-27T18:22:32","modified_gmt":"2024-12-27T21:22:32","slug":"a-valorizacao-da-ancestralidade","status":"publish","type":"post","link":"https:\/\/blogs.correiobraziliense.com.br\/marcas-e-negocios\/2025\/01\/18\/a-valorizacao-da-ancestralidade\/","title":{"rendered":"A valoriza\u00e7\u00e3o da ancestralidade"},"content":{"rendered":"<p><span style=\"font-weight: 400\">Com in\u00edcio das atividades no Distrito Federal e, atualmente, presen\u00e7a em todo o pa\u00eds, o Instituto Rosa dos Ventos carrega mais de uma d\u00e9cada de atua\u00e7\u00e3o no cen\u00e1rio nacional. Por meio da cultura e da arte, o projeto surgiu para pesquisar, difundir, produzir e comunicar a ess\u00eancia da identidade brasileira.\u00a0<\/span><\/p>\n<p><span style=\"font-weight: 400\">Explorando amplamente os segmentos da m\u00fasica, do teatro, da dan\u00e7a, do cinema e da literatura, a corrente criada pela organiza\u00e7\u00e3o converge para o fomento \u00e0s culturas populares e de matrizes africanas, al\u00e9m dos efervescentes movimentos culturais das periferias do Brasil.\u00a0<\/span><\/p>\n<p><span style=\"font-weight: 400\">\u00c0 frente da iniciativa est\u00e1 a produtora cultural St\u00e9ffanie Oliveira, que traz em sua bagagem profissional festivais de m\u00fasica e teatro, agenciamento de artistas, montagem de espet\u00e1culos, livros, filmes, oficinas art\u00edsticas, entre outras cria\u00e7\u00f5es que t\u00eam em seus conte\u00fados a pluralidade e a riqueza em cultura.<\/span><\/p>\n<p><span style=\"font-weight: 400\">\u201cO Instituto Rosa dos Ventos \u00e9 um sopro de ancestralidade e resist\u00eancia que percorre as encruzilhadas do Distrito Federal e seus arredores, semeando ra\u00edzes profundas na terra f\u00e9rtil das culturas populares, afro-brasileiras e ind\u00edgenas\u201d, explica a presidente St\u00e9ffanie.<\/span><\/p>\n<p><span style=\"font-weight: 400\">Ela pontua que, como um or\u00e1culo de tradi\u00e7\u00f5es, a exist\u00eancia do Instituto Rosa dos Ventos est\u00e1 ancorada no respeito \u00e0s mem\u00f3rias ancestrais e na urg\u00eancia de cultivar vida vibrante para os territ\u00f3rios e os cora\u00e7\u00f5es que mant\u00eam vivas essas heran\u00e7as.\u00a0<\/span><\/p>\n<p><span style=\"font-weight: 400\">\u201cNos \u00faltimos 15 anos, esse sonho coletivo desabrochou em festivais de m\u00fasica, espet\u00e1culos que reverberam mem\u00f3rias, aulas que dan\u00e7am entre o aprendizado e a emo\u00e7\u00e3o, e redes que conectam artistas e produtores em um abra\u00e7o de cria\u00e7\u00e3o e diversidade\u201d, informa.\u00a0<\/span><\/p>\n<p><span style=\"font-weight: 400\">St\u00e9ffanie explica que cada a\u00e7\u00e3o do Instituto \u00e9 uma celebra\u00e7\u00e3o da vida, uma b\u00fassola que aponta para caminhos de arte, uni\u00e3o e resist\u00eancia. Para a sua funda\u00e7\u00e3o, a presidente indica que foi levado em considera\u00e7\u00e3o a grande encruzilhada que \u00e9 Bras\u00edlia. \u201cA maior do Brasil\u201d, diz. \u201cEssa caracter\u00edstica quase natural, que tamb\u00e9m representa um importante s\u00edmbolo brasileiro, permite e incentiva a percorrer todos os caminhos poss\u00edveis da cria\u00e7\u00e3o art\u00edstica\u201d, explica.\u00a0<\/span><\/p>\n<p><span style=\"font-weight: 400\">A Rosa dos Ventos, segundo a presidente do Instituto, enxerga a identidade e a diversidade candanga como um reflexo dessa encruzilhada cultural que \u00e9 Bras\u00edlia. Trata-se de uma cidade moldada por pessoas de todos os cantos do Brasil.\u00a0<\/span><\/p>\n<p><span style=\"font-weight: 400\">\u201cEssa conflu\u00eancia de hist\u00f3rias, saberes e tradi\u00e7\u00f5es faz da identidade candanga uma das mais ricas e plurais do pa\u00eds, carregando as marcas das culturas populares, afro-brasileiras, ind\u00edgenas e das periferias\u201d, ressalta.<\/span><\/p>\n<p><b>Fortalecimento da economia criativa<\/b><\/p>\n<p><span style=\"font-weight: 400\">St\u00e9ffanie informa que o Instituto Rosa dos Ventos est\u00e1 profundamente imerso no fazer cultural, trabalhando de forma ativa e colaborativa para fortalecer as culturas populares em todas as suas dimens\u00f5es. &#8220;Somos mais do que um catalisador: somos parte integrante das tradi\u00e7\u00f5es, vivenciando e reproduzindo os saberes ancestrais em a\u00e7\u00f5es concretas que mant\u00eam essas culturas vivas e pulsantes&#8221;, destaca.<\/span><\/p>\n<p><span style=\"font-weight: 400\">Por isso, a\u00e7\u00f5es que fortalecem a economia criativa s\u00e3o abra\u00e7adas pela entidade. \u201cFomentar a cultura criativa \u00e9 vital, porque ela \u00e9 a pulsa\u00e7\u00e3o viva de nossa identidade como povo. A cultura criativa \u00e9 o espa\u00e7o onde mem\u00f3rias ancestrais encontram novas linguagens, onde tradi\u00e7\u00f5es dialogam com a contemporaneidade, criando um ciclo de pertencimento e inova\u00e7\u00e3o\u201d, avalia.<\/span><\/p>\n<p><span style=\"font-weight: 400\">No contexto brasileiro, em especial no Distrito Federal, a presidente indica que a economia criativa desempenha um papel transformador, conectado a grupos, artistas, comunidades e projetando vozes que resistem e criam. \u201cAl\u00e9m disso, a cultura criativa tem o poder de gerar n\u00e3o apenas um senso de identidade, mas tamb\u00e9m oportunidades econ\u00f4micas, fortalecendo cadeias produtivas ligadas \u00e0 cultura popular, \u00e0 arte, ao turismo e \u00e0 educa\u00e7\u00e3o\u201d, complementa.<\/span><\/p>\n<p><span style=\"font-weight: 400\">Ao fomentar essa cultura, na vis\u00e3o de St\u00e9ffanie, \u00e9 poss\u00edvel reconhecer o valor das manifesta\u00e7\u00f5es culturais como ferramentas de cidadania, inclus\u00e3o e resist\u00eancia. \u201cCada incentivo dado \u00e0 cultura popular \u00e9 um investimento na constru\u00e7\u00e3o de um futuro mais diverso, equitativo e repleto de possibilidades para o desenvolvimento humano e social\u201d, finaliza.\u00a0<\/span><\/p>\n<p><b>Tr\u00eas perguntas para St\u00e9ffanie Oliveira, presidente do Instituto Rosa dos Ventos:<\/b><\/p>\n<blockquote><p><b>Por que o nome &#8220;Rosa dos Ventos&#8221;?\u00a0\u00a0<\/b><\/p><\/blockquote>\n<p><span style=\"font-weight: 400\">As raz\u00f5es s\u00e3o v\u00e1rias, mas todas t\u00eam rela\u00e7\u00e3o com caminho, com indica\u00e7\u00f5es, com rotas a serem percorridas e navegadas pela cultura popular e afro-brasileira do Cerrado. Uma delas \u00e9 a proximidade conceitual entre a Rosa dos Ventos e a Encruzilhada. Ambas apontam para a diversidade de caminhos que \u00e9 caracter\u00edstica determinante de nossa identidade como ser criativo brasileiro, ser cultural e art\u00edstico.<\/span><\/p>\n<blockquote><p><b>Quais os projetos realizados ao longo de 2024?\u00a0<\/b><\/p><\/blockquote>\n<p><span style=\"font-weight: 400\">Ao longo de 2024 realizamos o Circuito Candango de Culturas Populares, Territ\u00f3rios Afrocandangos, a 15\u00aa edi\u00e7\u00e3o do Festival S\u00e3o Batuque, a 5\u00aa edi\u00e7\u00e3o da Festa das \u00c1guas, a Festa das Yab\u00e1s e o filme Terras Diversas. A expectativa de 2025 \u00e9 dar continuidade aos festivais de maior representa\u00e7\u00e3o da Rosa dos Ventos. Ganhamos tamb\u00e9m a miss\u00e3o de gerir o Carnaval, uma das festas mais representativas do povo brasileiro e que Bras\u00edlia tem mostrado seu potencial diverso e moderno para essa festa sortida de brasilidade<\/span><\/p>\n<blockquote><p><b>Qual a import\u00e2ncia de fortalecer e celebrar a afrobrasilidade?\u00a0<\/b><\/p><\/blockquote>\n<p><span style=\"font-weight: 400\">Fortalecer e celebrar a afro brasilidade \u00e9 essencial para reafirmar quem somos como povo e como na\u00e7\u00e3o. O Brasil carrega em suas ra\u00edzes a presen\u00e7a marcante das culturas africanas, que moldaram nossa m\u00fasica, nossa culin\u00e1ria, nossa espiritualidade, nossa forma de enxergar o mundo. Ignorar essa riqueza seria apagar uma parte fundamental da nossa identidade.<\/span><\/p>\n","protected":false},"excerpt":{"rendered":"<p>Com in\u00edcio das atividades no Distrito Federal e, atualmente, presen\u00e7a em todo o pa\u00eds, o Instituto Rosa dos Ventos carrega mais de uma d\u00e9cada de atua\u00e7\u00e3o no cen\u00e1rio nacional. Por meio da cultura e da arte, o projeto surgiu para pesquisar, difundir, produzir e comunicar a ess\u00eancia da identidade brasileira.\u00a0 Explorando amplamente os segmentos da m\u00fasica, do teatro, da dan\u00e7a, [&hellip;]<\/p>\n","protected":false},"author":138,"featured_media":594,"comment_status":"open","ping_status":"open","sticky":false,"template":"","format":"standard","meta":{"footnotes":""},"categories":[1],"tags":[],"class_list":["post-593","post","type-post","status-publish","format-standard","has-post-thumbnail","hentry","category-sem-categoria"],"_links":{"self":[{"href":"https:\/\/blogs.correiobraziliense.com.br\/marcas-e-negocios\/wp-json\/wp\/v2\/posts\/593","targetHints":{"allow":["GET"]}}],"collection":[{"href":"https:\/\/blogs.correiobraziliense.com.br\/marcas-e-negocios\/wp-json\/wp\/v2\/posts"}],"about":[{"href":"https:\/\/blogs.correiobraziliense.com.br\/marcas-e-negocios\/wp-json\/wp\/v2\/types\/post"}],"author":[{"embeddable":true,"href":"https:\/\/blogs.correiobraziliense.com.br\/marcas-e-negocios\/wp-json\/wp\/v2\/users\/138"}],"replies":[{"embeddable":true,"href":"https:\/\/blogs.correiobraziliense.com.br\/marcas-e-negocios\/wp-json\/wp\/v2\/comments?post=593"}],"version-history":[{"count":1,"href":"https:\/\/blogs.correiobraziliense.com.br\/marcas-e-negocios\/wp-json\/wp\/v2\/posts\/593\/revisions"}],"predecessor-version":[{"id":595,"href":"https:\/\/blogs.correiobraziliense.com.br\/marcas-e-negocios\/wp-json\/wp\/v2\/posts\/593\/revisions\/595"}],"wp:featuredmedia":[{"embeddable":true,"href":"https:\/\/blogs.correiobraziliense.com.br\/marcas-e-negocios\/wp-json\/wp\/v2\/media\/594"}],"wp:attachment":[{"href":"https:\/\/blogs.correiobraziliense.com.br\/marcas-e-negocios\/wp-json\/wp\/v2\/media?parent=593"}],"wp:term":[{"taxonomy":"category","embeddable":true,"href":"https:\/\/blogs.correiobraziliense.com.br\/marcas-e-negocios\/wp-json\/wp\/v2\/categories?post=593"},{"taxonomy":"post_tag","embeddable":true,"href":"https:\/\/blogs.correiobraziliense.com.br\/marcas-e-negocios\/wp-json\/wp\/v2\/tags?post=593"}],"curies":[{"name":"wp","href":"https:\/\/api.w.org\/{rel}","templated":true}]}}