{"id":574,"date":"2024-11-30T06:00:11","date_gmt":"2024-11-30T09:00:11","guid":{"rendered":"https:\/\/blogs.correiobraziliense.com.br\/marcas-e-negocios\/?p=574"},"modified":"2024-11-29T16:28:03","modified_gmt":"2024-11-29T19:28:03","slug":"solucoes-personalizadas-de-seguro","status":"publish","type":"post","link":"https:\/\/blogs.correiobraziliense.com.br\/marcas-e-negocios\/2024\/11\/30\/solucoes-personalizadas-de-seguro\/","title":{"rendered":"Solu\u00e7\u00f5es personalizadas de seguro"},"content":{"rendered":"<p><span style=\"font-weight: 400\">Sabe-se que o mercado de seguros promove significativamente o desenvolvimento econ\u00f4mico do pa\u00eds. De acordo com a Superintend\u00eancia de Seguros Privados (Susep), autarquia vinculada ao Minist\u00e9rio da Fazenda, o setor arrecadou R$ 324,55 bilh\u00f5es de janeiro a setembro deste ano, um crescimento de 13,4% quando comparado ao mesmo per\u00edodo em 2023.<\/span><\/p>\n<p><span style=\"font-weight: 400\">Acompanhando as modifica\u00e7\u00f5es da \u00e1rea ao longo dos anos, Carlos Renato Martins de Queiroz viu a necessidade de trazer ao mercado uma empresa de seguros inovadora para atender \u00e0 realidade dos brasileiros. Com o objetivo de prestar consultoria e oferecer gest\u00e3o de riscos aos clientes, com qualidade e custos adequados, surgiu a Fiduciam. A marca, que chegou em Bras\u00edlia neste ano, atua com produtos e servi\u00e7os a partir de condi\u00e7\u00f5es diferenciadas.<\/span><\/p>\n<p><span style=\"font-weight: 400\">&#8220;Minha jornada come\u00e7ou h\u00e1 mais de 30 anos, com o desejo de transformar a maneira como empresas gerenciam seus benef\u00edcios e seguros. Em 2020, esse sonho se concretizou com a funda\u00e7\u00e3o da Fiduciam Corretora de Seguros e Benef\u00edcios. O nome \u201cFiduciam\u201d, que significa confian\u00e7a em latim, reflete nosso compromisso com a excel\u00eancia no atendimento e a constru\u00e7\u00e3o de parcerias s\u00f3lidas&#8221;, conta.<\/span><\/p>\n<p><span style=\"font-weight: 400\">O especialista conta que, desde o in\u00edcio da sua carreira, ele compreendeu a import\u00e2ncia de ouvir ativamente as necessidades dos clientes e oferecer solu\u00e7\u00f5es personalizadas. Por isso, a cria\u00e7\u00e3o da Fiduciam foi a resposta a um mercado que precisava de mais proximidade e efici\u00eancia. &#8220;Nosso objetivo sempre foi claro: entregar solu\u00e7\u00f5es completas e sob medida, ajudando empresas a equilibrar custos e aumentar a satisfa\u00e7\u00e3o de seus colaboradores&#8221;, ressalta.<\/span><\/p>\n<p><span style=\"font-weight: 400\">Carlos avalia que o mercado de seguros \u00e9 vasto e fragmentado, com mais de 130 mil corretores atuando de maneira tradicional. Dessa forma, o CEO buscou inovar na \u00e1rea, focando nas necessidades dos clientes, em vez de apenas vender produtos. Com pilares s\u00f3lidos como aprendizado cont\u00ednuo e tecnologia, o empres\u00e1rio destaca que a Fiduciam redefine a experi\u00eancia de prote\u00e7\u00e3o e gest\u00e3o de benef\u00edcios.<\/span><\/p>\n<p><span style=\"font-weight: 400\">&#8220;Na Fiduciam, escutar o cliente \u00e9 nossa prioridade. N\u00e3o oferecemos pacotes prontos. Cada solu\u00e7\u00e3o \u00e9 desenvolvida ap\u00f3s entender a fundo as dores e objetivos do cliente, garantindo resultados que realmente fazem a diferen\u00e7a&#8221;, contextualiza. Para Carlos, a qualidade no atendimento \u00e9 o principal crit\u00e9rio da marca.<\/span><\/p>\n<p><span style=\"font-weight: 400\">Ele pontua que, com orgulho, v\u00ea o impacto da Fiduciam no mercado atendendo a milhares de empresas e seus colaboradores, benefici\u00e1rios de planos de sa\u00fade. \u201cN\u00e3o somos apenas intermedi\u00e1rios, mas parceiros estrat\u00e9gicos que ajudam empresas a equilibrar efici\u00eancia e bem-estar. Nosso futuro \u00e9 promissor: queremos expandir nossa atua\u00e7\u00e3o, adotar novas tecnologias e refor\u00e7ar nosso compromisso com a sustentabilidade\u201d, informa.<\/span><\/p>\n<p><b>As dores das empresas<\/b><\/p>\n<p><span style=\"font-weight: 400\">Com expertise no ramo, Carlos Renato enxergou os principais desafios que as grandes empresas enfrentam ao contratar seguros. Ele explica que, na pr\u00e1tica, h\u00e1 duas grandes dificuldades: manter um pacote de benef\u00edcios (sa\u00fade, odontol\u00f3gico, vida e previd\u00eancia) atraente para seus colaboradores e garantir uma prote\u00e7\u00e3o eficiente ao patrim\u00f4nio, frota e gest\u00e3o de riscos como responsabilidade civil e cibern\u00e9tica. Tudo isso mantendo, ainda, os custos sob controle.<\/span><\/p>\n<p><span style=\"font-weight: 400\">Para driblar esses problemas, ele indica que a sua equipe \u00e9 altamente treinada para as mais complexas demandas. &#8220;Al\u00e9m disso, o nosso programa &#8216;Meu Amigo Doutor&#8217; otimiza a gest\u00e3o de sa\u00fade e qualidade de vida dos colaboradores, reduzindo sinistralidade e mantendo reajustes mais baixos. Para seguros patrimoniais, trabalhamos pr\u00f3ximos aos maiores players do mercado, desenvolvendo solu\u00e7\u00f5es exclusivas e adaptadas \u00e0s necessidades de cada cliente&#8221;, diz.<\/span><\/p>\n<p><span style=\"font-weight: 400\">Em conjunto com esses cuidados, o CEO refor\u00e7a que a Fiduciam ainda aposta em um aprendizado cont\u00ednuo para a sua equipe, visto que se trata de um valor essencial na sua marca. &#8220;Participamos de congressos, trocamos conhecimento com parceiros estrat\u00e9gicos e acompanhamos de perto as inova\u00e7\u00f5es tecnol\u00f3gicas do setor&#8221;, exemplifica.\u00a0<\/span><\/p>\n<p><span style=\"font-weight: 400\">A busca constante pelo conhecimento possibilita que Carlos esteja pr\u00f3ximo \u00e0s tend\u00eancias do mercado. Nesse cen\u00e1rio, ele avalia, por exemplo, que a intelig\u00eancia artificial \u00e9 um dos t\u00f3picos mais promissores na \u00e1rea. Para caminhar em conjunto com a inova\u00e7\u00e3o, o empreendedor indica que a empresa implementou uma assistente virtual para opera\u00e7\u00f5es massificadas. \u201cSeguimos, tamb\u00e9m, em parceria com healthtechs para otimizar nossos servi\u00e7os\u201d, complementa.<\/span><\/p>\n<p><span style=\"font-weight: 400\">De acordo com o Servi\u00e7o Brasileiro de Apoio \u00e0s Micro e Pequenas Empresas (Sebrae), as healthtechs s\u00e3o startups de base tecnol\u00f3gica que atuam na \u00e1rea da sa\u00fade com o objetivo de solucionar problemas com inova\u00e7\u00e3o e tecnologia.<\/span><\/p>\n<p><b>Tr\u00eas perguntas para Carlos Renato Martins de Queiroz, CEO da Fiduciam Corretora de Seguros:<\/b><\/p>\n<blockquote><p><b>Como voc\u00ea avalia o mercado de seguros, atualmente, no Brasil?\u00a0<\/b><\/p><\/blockquote>\n<p><span style=\"font-weight: 400\">O setor passa por mudan\u00e7as profundas: novos produtos, regulamenta\u00e7\u00f5es e o uso crescente de tecnologia, como a intelig\u00eancia artificial, t\u00eam transformado o mercado de maneira acelerada. Tudo isso representa grandes oportunidades para a Fiduciam se destacar, oferecendo solu\u00e7\u00f5es modernas e personalizadas.<\/span><\/p>\n<blockquote><p><b>Quais s\u00e3o os tipos de seguros e benef\u00edcios mais demandados?<\/b><\/p><\/blockquote>\n<p><span style=\"font-weight: 400\">Os planos de sa\u00fade lideram a demanda, sendo a segunda maior despesa do RH, ap\u00f3s a folha de pagamento. Nosso trabalho \u00e9 garantir uma gest\u00e3o eficiente, conciliando qualidade de atendimento e controle de custos.<\/span><\/p>\n<blockquote><p><b>De que forma voc\u00eas oferecem um servi\u00e7o de qualidade e diferenciado no mercado?<\/b><\/p><\/blockquote>\n<p><span style=\"font-weight: 400\">Temos uma equipe qualificada e que foca na proximidade com os clientes e no uso estrat\u00e9gico de tecnologia. Com isso nos destacamos, antecipando demandas e entregando solu\u00e7\u00f5es que equilibram efici\u00eancia e excel\u00eancia.<\/span><\/p>\n","protected":false},"excerpt":{"rendered":"<p>Sabe-se que o mercado de seguros promove significativamente o desenvolvimento econ\u00f4mico do pa\u00eds. De acordo com a Superintend\u00eancia de Seguros Privados (Susep), autarquia vinculada ao Minist\u00e9rio da Fazenda, o setor arrecadou R$ 324,55 bilh\u00f5es de janeiro a setembro deste ano, um crescimento de 13,4% quando comparado ao mesmo per\u00edodo em 2023. Acompanhando as modifica\u00e7\u00f5es da \u00e1rea ao longo dos anos, [&hellip;]<\/p>\n","protected":false},"author":138,"featured_media":575,"comment_status":"open","ping_status":"open","sticky":false,"template":"","format":"standard","meta":{"footnotes":""},"categories":[1],"tags":[],"class_list":["post-574","post","type-post","status-publish","format-standard","has-post-thumbnail","hentry","category-sem-categoria"],"_links":{"self":[{"href":"https:\/\/blogs.correiobraziliense.com.br\/marcas-e-negocios\/wp-json\/wp\/v2\/posts\/574","targetHints":{"allow":["GET"]}}],"collection":[{"href":"https:\/\/blogs.correiobraziliense.com.br\/marcas-e-negocios\/wp-json\/wp\/v2\/posts"}],"about":[{"href":"https:\/\/blogs.correiobraziliense.com.br\/marcas-e-negocios\/wp-json\/wp\/v2\/types\/post"}],"author":[{"embeddable":true,"href":"https:\/\/blogs.correiobraziliense.com.br\/marcas-e-negocios\/wp-json\/wp\/v2\/users\/138"}],"replies":[{"embeddable":true,"href":"https:\/\/blogs.correiobraziliense.com.br\/marcas-e-negocios\/wp-json\/wp\/v2\/comments?post=574"}],"version-history":[{"count":2,"href":"https:\/\/blogs.correiobraziliense.com.br\/marcas-e-negocios\/wp-json\/wp\/v2\/posts\/574\/revisions"}],"predecessor-version":[{"id":577,"href":"https:\/\/blogs.correiobraziliense.com.br\/marcas-e-negocios\/wp-json\/wp\/v2\/posts\/574\/revisions\/577"}],"wp:featuredmedia":[{"embeddable":true,"href":"https:\/\/blogs.correiobraziliense.com.br\/marcas-e-negocios\/wp-json\/wp\/v2\/media\/575"}],"wp:attachment":[{"href":"https:\/\/blogs.correiobraziliense.com.br\/marcas-e-negocios\/wp-json\/wp\/v2\/media?parent=574"}],"wp:term":[{"taxonomy":"category","embeddable":true,"href":"https:\/\/blogs.correiobraziliense.com.br\/marcas-e-negocios\/wp-json\/wp\/v2\/categories?post=574"},{"taxonomy":"post_tag","embeddable":true,"href":"https:\/\/blogs.correiobraziliense.com.br\/marcas-e-negocios\/wp-json\/wp\/v2\/tags?post=574"}],"curies":[{"name":"wp","href":"https:\/\/api.w.org\/{rel}","templated":true}]}}