{"id":539,"date":"2024-10-05T06:00:46","date_gmt":"2024-10-05T09:00:46","guid":{"rendered":"https:\/\/blogs.correiobraziliense.com.br\/marcas-e-negocios\/?p=539"},"modified":"2024-10-02T18:45:18","modified_gmt":"2024-10-02T21:45:18","slug":"mercado-de-limpeza-em-expansao","status":"publish","type":"post","link":"https:\/\/blogs.correiobraziliense.com.br\/marcas-e-negocios\/2024\/10\/05\/mercado-de-limpeza-em-expansao\/","title":{"rendered":"Mercado de limpeza em expans\u00e3o"},"content":{"rendered":"<p><span style=\"font-weight: 400\">De acordo com a Euromonitor International, empresa de pesquisa de mercado com sede em Londres, \u00e9 previsto que o consumo de produtos de limpeza no Brasil cres\u00e7a 35% at\u00e9 2027, atingindo US$ 9,3 bilh\u00f5es. O levantamento tamb\u00e9m indicou que o territ\u00f3rio brasileiro ocupa a quarta posi\u00e7\u00e3o no mercado global deste nicho. A contribui\u00e7\u00e3o para esse aumento \u00e9 feita de forma significativa por empresas relacionadas ao setor.<\/span><\/p>\n<p><span style=\"font-weight: 400\">Em Bras\u00edlia, a Comercial Alvorada tem contribu\u00eddo para esse cen\u00e1rio h\u00e1 quase duas d\u00e9cadas. &#8220;Fundada em 2006, em Bras\u00edlia, com o objetivo de atender ao crescente mercado de limpeza e descart\u00e1veis na regi\u00e3o. Come\u00e7amos com uma equipe pequena, mas sempre com uma vis\u00e3o de crescimento e foco na qualidade do servi\u00e7o. Hoje, temos orgulho de ter expandido nossas opera\u00e7\u00f5es, mantendo os valores que nos trouxeram at\u00e9 aqui&#8221;, conta Everton Braga, CEO do neg\u00f3cio.\u00a0<\/span><\/p>\n<p><span style=\"font-weight: 400\">Segundo o executivo, a empresa valoriza a inova\u00e7\u00e3o, a \u00e9tica e o compromisso com os clientes. Na pr\u00e1tica, o foco \u00e9 fornecer solu\u00e7\u00f5es eficientes para os desafios do dia a dia dos parceiros, trazendo uma vasta gama de produtos de limpeza, higiene profissional e descart\u00e1veis. &#8220;Buscamos ser uma refer\u00eancia no setor, com atendimento personalizado e respeito \u00e0s necessidades de cada cliente&#8221;, diz.<\/span><\/p>\n<p><span style=\"font-weight: 400\">Para Everton, o diferencial do empreendimento diz respeito, justamente, ao atendimento personalizado, aliado \u00e0 agilidade log\u00edstica e \u00e0 capacidade de atender a diversas regi\u00f5es com efici\u00eancia. &#8220;Al\u00e9m disso, investimos constantemente em inova\u00e7\u00e3o, como a automa\u00e7\u00e3o de processos e o uso de intelig\u00eancia artificial para melhorar nossas opera\u00e7\u00f5es e a experi\u00eancia do cliente. A diversidade e qualidade dos nossos produtos tamb\u00e9m s\u00e3o um destaque importante&#8221;, ressalta.<\/span><\/p>\n<p><span style=\"font-weight: 400\">Nesse cen\u00e1rio, a Comercial Alvorada conta, atualmente, com um cat\u00e1logo com mais de quatro mil itens, abrangendo desde produtos de limpeza e descart\u00e1veis at\u00e9 solu\u00e7\u00f5es especializadas para higiene profissional. Os n\u00fameros tamb\u00e9m s\u00e3o significativos quando voltados \u00e0 gera\u00e7\u00e3o de empregos. De acordo com o CEO, j\u00e1 foram gerados, aproximadamente, 2.500 vagas diretas e indiretas ao longo do \u00faltimo ano. Esse marco gerou, inclusive, um reconhecimento do Servi\u00e7o Social do Com\u00e9rcio (SESC).\u00a0<\/span><\/p>\n<p><span style=\"font-weight: 400\">Em agosto, a empresa foi premiada como uma das que mais empregam no Distrito Federal. &#8220;Receber esse reconhecimento \u00e9 uma grande honra, pois reflete o compromisso que temos com a nossa comunidade. Para n\u00f3s, o sucesso n\u00e3o se mede apenas pelos resultados financeiros, mas tamb\u00e9m pelo impacto positivo que causamos na sociedade&#8221;, celebra Everton.<\/span><\/p>\n<p><b>In\u00edcio no N\u00facleo Bandeirante<\/b><\/p>\n<p><span style=\"font-weight: 400\">Os primeiros passos da Comercial Alvorada se deram na regi\u00e3o do N\u00facleo Bandeirante. Com o passar dos anos, a empresa expandiu, mas n\u00e3o deixou as suas ra\u00edzes. Ainda hoje, o showroom da marca permanece no local. No entanto, com a sua evolu\u00e7\u00e3o, o empreendimento buscou novas formas de ampliar a sua atua\u00e7\u00e3o.<\/span><\/p>\n<p><span style=\"font-weight: 400\">&#8220;Desde o in\u00edcio, enfrentamos grandes desafios, como a moderniza\u00e7\u00e3o de nossos processos, a adapta\u00e7\u00e3o \u00e0s novas tecnologias e a necessidade de expandir nossa infraestrutura. A constru\u00e7\u00e3o do novo centro de distribui\u00e7\u00e3o no Polo JK e a abertura da filial em Goi\u00e2nia foram marcos importantes, al\u00e9m da integra\u00e7\u00e3o de tecnologias como o CRM e a automa\u00e7\u00e3o log\u00edstica, que transformaram nossa maneira de operar&#8221;, informa Everton.\u00a0<\/span><\/p>\n<p><b>Planos de neg\u00f3cio<\/b><\/p>\n<p><span style=\"font-weight: 400\">A empresa brasiliense, pensando no futuro, abriu uma filial em Goi\u00e2nia como uma decis\u00e3o estrat\u00e9gica pra a marca. &#8220;A constru\u00e7\u00e3o da filial envolveu um planejamento cuidadoso para garantir que nossas opera\u00e7\u00f5es fossem eficientes e que pud\u00e9ssemos replicar o sucesso de Bras\u00edlia. Foi um processo desafiador, mas que resultou em uma presen\u00e7a mais forte e pr\u00f3xima dos nossos clientes&#8221;, comenta Everton.<\/span><\/p>\n<p><span style=\"font-weight: 400\">Para os pr\u00f3ximos anos, a busca ser\u00e1 na amplia\u00e7\u00e3o das opera\u00e7\u00f5es com novos investimentos em tecnologia e aumento do portf\u00f3lio de produtos. &#8220;Estamos constantemente buscando maneiras de melhorar a experi\u00eancia do cliente e fortalecer nossa presen\u00e7a em outras regi\u00f5es. Queremos continuar inovando no setor, investindo em solu\u00e7\u00f5es sustent\u00e1veis e aprimorando nossos processos internos para garantir um crescimento sustent\u00e1vel&#8221;, ressalta.<\/span><\/p>\n<p><span style=\"font-weight: 400\">\u00a0<\/span><b>Tr\u00eas perguntas para <\/b><b>Everton Braga, CEO da Comercial Alvorada<\/b><b>:<\/b><\/p>\n<blockquote><p><b>O que inspirou a cria\u00e7\u00e3o da Comercial Alvorada?<\/b><\/p><\/blockquote>\n<p><span style=\"font-weight: 400\">A inspira\u00e7\u00e3o veio da vontade de oferecer um servi\u00e7o diferenciado no setor de higiene e limpeza, combinando qualidade, efici\u00eancia e um atendimento focado no cliente. Observamos uma car\u00eancia no mercado e decidimos nos posicionar para preencher essa lacuna, sempre com uma vis\u00e3o inovadora e de longo prazo.<\/span><\/p>\n<blockquote><p><b>Por que investir no ramo de limpeza e descart\u00e1veis?<\/b><\/p><\/blockquote>\n<p><span style=\"font-weight: 400\">O setor de limpeza e descart\u00e1veis tem uma demanda constante, e percebemos uma oportunidade de nos destacar oferecendo um portf\u00f3lio de produtos de alta qualidade e uma log\u00edstica \u00e1gil. Al\u00e9m disso, \u00e9 um segmento essencial para diversos tipos de neg\u00f3cios, desde ind\u00fastrias at\u00e9 pequenos com\u00e9rcios, o que nos permitiu atender a uma variedade de clientes com necessidades distintas.<\/span><\/p>\n<blockquote><p><b>Quais foram os momentos mais marcantes da empresa?<\/b><\/p><\/blockquote>\n<p><span style=\"font-weight: 400\">Um dos momentos mais marcantes foi, sem d\u00favida, a constru\u00e7\u00e3o do nosso centro de distribui\u00e7\u00e3o no Polo JK, que representou um grande passo em nossa capacidade log\u00edstica. Outro momento de destaque foi a conquista do pr\u00eamio Great Place to Work (GPTW), que reflete nosso compromisso em proporcionar um ambiente de trabalho saud\u00e1vel e inspirador para nossos colaboradores. Esse reconhecimento refor\u00e7a nosso foco em inova\u00e7\u00e3o, cultura organizacional e valoriza\u00e7\u00e3o do time, fatores essenciais para o crescimento sustent\u00e1vel da empresa.<\/span><\/p>\n","protected":false},"excerpt":{"rendered":"<p>De acordo com a Euromonitor International, empresa de pesquisa de mercado com sede em Londres, \u00e9 previsto que o consumo de produtos de limpeza no Brasil cres\u00e7a 35% at\u00e9 2027, atingindo US$ 9,3 bilh\u00f5es. O levantamento tamb\u00e9m indicou que o territ\u00f3rio brasileiro ocupa a quarta posi\u00e7\u00e3o no mercado global deste nicho. A contribui\u00e7\u00e3o para esse aumento \u00e9 feita de forma [&hellip;]<\/p>\n","protected":false},"author":138,"featured_media":540,"comment_status":"open","ping_status":"open","sticky":false,"template":"","format":"standard","meta":{"footnotes":""},"categories":[1],"tags":[],"class_list":["post-539","post","type-post","status-publish","format-standard","has-post-thumbnail","hentry","category-sem-categoria"],"_links":{"self":[{"href":"https:\/\/blogs.correiobraziliense.com.br\/marcas-e-negocios\/wp-json\/wp\/v2\/posts\/539","targetHints":{"allow":["GET"]}}],"collection":[{"href":"https:\/\/blogs.correiobraziliense.com.br\/marcas-e-negocios\/wp-json\/wp\/v2\/posts"}],"about":[{"href":"https:\/\/blogs.correiobraziliense.com.br\/marcas-e-negocios\/wp-json\/wp\/v2\/types\/post"}],"author":[{"embeddable":true,"href":"https:\/\/blogs.correiobraziliense.com.br\/marcas-e-negocios\/wp-json\/wp\/v2\/users\/138"}],"replies":[{"embeddable":true,"href":"https:\/\/blogs.correiobraziliense.com.br\/marcas-e-negocios\/wp-json\/wp\/v2\/comments?post=539"}],"version-history":[{"count":1,"href":"https:\/\/blogs.correiobraziliense.com.br\/marcas-e-negocios\/wp-json\/wp\/v2\/posts\/539\/revisions"}],"predecessor-version":[{"id":541,"href":"https:\/\/blogs.correiobraziliense.com.br\/marcas-e-negocios\/wp-json\/wp\/v2\/posts\/539\/revisions\/541"}],"wp:featuredmedia":[{"embeddable":true,"href":"https:\/\/blogs.correiobraziliense.com.br\/marcas-e-negocios\/wp-json\/wp\/v2\/media\/540"}],"wp:attachment":[{"href":"https:\/\/blogs.correiobraziliense.com.br\/marcas-e-negocios\/wp-json\/wp\/v2\/media?parent=539"}],"wp:term":[{"taxonomy":"category","embeddable":true,"href":"https:\/\/blogs.correiobraziliense.com.br\/marcas-e-negocios\/wp-json\/wp\/v2\/categories?post=539"},{"taxonomy":"post_tag","embeddable":true,"href":"https:\/\/blogs.correiobraziliense.com.br\/marcas-e-negocios\/wp-json\/wp\/v2\/tags?post=539"}],"curies":[{"name":"wp","href":"https:\/\/api.w.org\/{rel}","templated":true}]}}