{"id":536,"date":"2024-09-28T06:00:55","date_gmt":"2024-09-28T09:00:55","guid":{"rendered":"https:\/\/blogs.correiobraziliense.com.br\/marcas-e-negocios\/?p=536"},"modified":"2024-09-27T17:18:12","modified_gmt":"2024-09-27T20:18:12","slug":"precos-justos-para-a-populacao","status":"publish","type":"post","link":"https:\/\/blogs.correiobraziliense.com.br\/marcas-e-negocios\/2024\/09\/28\/precos-justos-para-a-populacao\/","title":{"rendered":"Pre\u00e7os justos para a popula\u00e7\u00e3o"},"content":{"rendered":"<p><span style=\"font-weight: 400\">No ano passado, o Servi\u00e7o Brasileiro de Apoio \u00e0s Micro e Pequenas Empresas (Sebrae) apontou que o segmento farmac\u00eautico est\u00e1 em expans\u00e3o no Brasil. O levantamento, feito a partir de dados da Receita Federal, indicou que o territ\u00f3rio brasileiro possui 122 mil farm\u00e1cias. O estudo tamb\u00e9m sinalizou que o maior crescimento foi decorrente da pandemia de covid-19, quando o pa\u00eds obteve 5,8 mil novos estabelecimentos.\u00a0<\/span><\/p>\n<p><span style=\"font-weight: 400\">Muito antes desse <\/span><i><span style=\"font-weight: 400\">boom<\/span><\/i><span style=\"font-weight: 400\">, surgia, na capital, uma das farm\u00e1cias mais tradicionais da cidade: o Atacad\u00e3o Drogacenter. Em 2006, o neg\u00f3cio foi criado em Samambaia a partir do sonho de empreender, especificamente, dentro da \u00e1rea farmac\u00eautica. &#8220;Ap\u00f3s anos de dedica\u00e7\u00e3o e aprendizado, encontrei uma pequena drogaria de apenas 30 metros quadrados que me ofereceu a oportunidade de realizar esse sonho. Para financiar essa empreitada, vendi meu carro, o que demonstrou o quanto estava comprometido\u201d, informa Gilvam J\u00fanior, CEO do Atacad\u00e3o Drogacenter.<\/span><\/p>\n<p><span style=\"font-weight: 400\">No entanto, para ele, a hist\u00f3ria da Drogacenter ganhou uma nova dimens\u00e3o quando conheceu a sua esposa e s\u00f3cia-fundadora, Patr\u00edcia Emerich, que j\u00e1 tinha experi\u00eancia no \u00e2mbito farmac\u00eautico. \u201cUnimos for\u00e7as e conhecimentos para expandir o neg\u00f3cio, moldando a Drogacenter como um verdadeiro legado familiar\u201d, destaca.\u00a0<\/span><\/p>\n<p><span style=\"font-weight: 400\">Ele ressalta que o mercado farmac\u00eautico est\u00e1 intrinsecamente ligado \u00e0 sua hist\u00f3ria familiar. Os pais do casal e o av\u00f4 de Gilvam, por exemplo, foram propriet\u00e1rios de drogarias. Por isso, a tradi\u00e7\u00e3o de cuidar da sa\u00fade e bem-estar das pessoas est\u00e1 profundamente enraizada na ess\u00eancia do neg\u00f3cio. O empres\u00e1rio refor\u00e7a que investir nesse setor trata-se de uma forma de honrar a heran\u00e7a da fam\u00edlia.<\/span><\/p>\n<p><span style=\"font-weight: 400\">O trabalho \u00e1rduo gerou resultados. Atualmente, gerando mais de mil empregos no Distrito Federal e entorno, a rede inaugurar\u00e1 a sua 43\u00aa loja. Gilvam enxerga esse momento como um marco significativo na sua trajet\u00f3ria. Isso porque, para o CEO, cada nova unidade representa n\u00e3o apenas uma expans\u00e3o f\u00edsica, mas tamb\u00e9m a concretiza\u00e7\u00e3o do compromisso\u00a0 da rede com a comunidade, levando mais acessibilidade e variedade em produtos farmac\u00eauticos a diferentes regi\u00f5es.<\/span><\/p>\n<p><span style=\"font-weight: 400\">Como diferencial do neg\u00f3cio, o empreendedor conta que, desde o in\u00edcio, o seu objetivo era oferecer pre\u00e7os baixos e acess\u00edveis para a popula\u00e7\u00e3o. Para isso, a Drogacenter busca vender os medicamentos e produtos com o pre\u00e7o de atacado. \u201cAo longo dos anos, adquiri vasta experi\u00eancia em vendas e negocia\u00e7\u00f5es com fornecedores. Essa expertise me permite obter pre\u00e7os mais competitivos, que podem ser repassados aos nossos clientes\u201d, explica.<\/span><\/p>\n<p><span style=\"font-weight: 400\">Al\u00e9m disso, a Drogacenter tamb\u00e9m estabelece parcerias estrat\u00e9gicas que ajudam a manter a sustentabilidade financeira da empresa, sem comprometer a qualidade dos servi\u00e7os e produtos. \u201cNosso compromisso com pre\u00e7os justos \u00e9 uma das bases da nossa miss\u00e3o de atender a popula\u00e7\u00e3o com dignidade e respeito\u201d, pontua. Gilvam comenta que essa iniciativa busca consolidar a drogaria como uma verdadeira parceira na sa\u00fade da cidade, sempre adaptando os servi\u00e7os \u00e0s necessidades emergentes da popula\u00e7\u00e3o.\u00a0<\/span><\/p>\n<p><span style=\"font-weight: 400\">Outro aspecto que diferencia a Drogacenter no mercado farmac\u00eautico diz respeito ao mix de produtos. &#8220;Estamos sempre em busca de novos produtos que atendam \u00e0s necessidades e expectativas dos nossos clientes. Realizamos pesquisas de mercado para identificar tend\u00eancias e produtos inovadores que podem agregar valor \u00e0 nossa oferta. Al\u00e9m disso, promovemos a\u00e7\u00f5es de feedback com nossos clientes, permitindo que eles nos ajudem a moldar o mix de produtos, garantindo uma experi\u00eancia de compra diversificada e satisfat\u00f3ria&#8221;, comenta.\u00a0<\/span><\/p>\n<p><b>Avan\u00e7os tecnol\u00f3gicos\u00a0<\/b><\/p>\n<p><span style=\"font-weight: 400\">Para Gilvam, a tecnologia revolucionou o papel do farmac\u00eautico, tornando-o um profissional ainda mais essencial no cuidado com a sa\u00fade. &#8220;Contamos com ferramentas que facilitam a comunica\u00e7\u00e3o entre farmac\u00eauticos e m\u00e9dicos, al\u00e9m de sistemas que proporcionam acesso r\u00e1pido a informa\u00e7\u00f5es sobre medicamentos, intera\u00e7\u00f5es e contraindica\u00e7\u00f5es&#8221;, ressalta.<\/span><\/p>\n<p><b>Tr\u00eas perguntas para <\/b><b>Gilvam J\u00fanior, CEO do Atacad\u00e3o Drogacenter<\/b><b>:<\/b><\/p>\n<blockquote><p><b>Quais foram os momentos mais memor\u00e1veis do Atacad\u00e3o Drogacenter?<\/b><\/p><\/blockquote>\n<p><span style=\"font-weight: 400\">Cada nova loja que inauguramos \u00e9 uma celebra\u00e7\u00e3o do trabalho \u00e1rduo e da dedica\u00e7\u00e3o da nossa equipe. Um dos momentos mais memor\u00e1veis foi a abertura da primeira loja no interior do estado, onde fomos acolhidos calorosamente pela comunidade. Esses momentos n\u00e3o s\u00e3o apenas conquistas; s\u00e3o testemunhos do impacto positivo que podemos ter na vida das pessoas.<\/span><\/p>\n<blockquote><p><b>Como a farm\u00e1cia est\u00e1 se adaptando \u00e0s novas tecnologias, como aplicativos de sa\u00fade e telemedicina?<\/b><\/p><\/blockquote>\n<p><span style=\"font-weight: 400\">A Drogacenter sempre se manteve atenta \u00e0s inova\u00e7\u00f5es no setor de sa\u00fade. Antes mesmo da populariza\u00e7\u00e3o da telemedicina, j\u00e1 hav\u00edamos iniciado a implementa\u00e7\u00e3o de lojas focadas em servi\u00e7os de sa\u00fade, como vacinas e exames laboratoriais. Hoje contamos com um complexo de sa\u00fade e farm\u00e1cia de manipula\u00e7\u00e3o. Com a ascens\u00e3o dos aplicativos de sa\u00fade, reconhecemos a import\u00e2ncia de oferecer comodidade aos nossos clientes. Iniciativas como o &#8220;Compre e Retire&#8221; tornam a experi\u00eancia de compra mais pr\u00e1tica, permitindo que nossos consumidores acessem produtos e servi\u00e7os de forma \u00e1gil e eficiente.<\/span><\/p>\n<blockquote><p><b>Quais s\u00e3o os principais desafios que voc\u00eas enfrentam na distribui\u00e7\u00e3o de medicamentos?<\/b><\/p><\/blockquote>\n<p><span style=\"font-weight: 400\">Desde a pandemia, um dos maiores desafios que enfrentamos \u00e9 a ruptura no fornecimento de medicamentos. A cadeia de suprimentos ainda n\u00e3o se restabeleceu completamente, o que requer de n\u00f3s uma adaptabilidade constante e a busca por novas fontes de abastecimento. Estamos comprometidos em minimizar impactos para nossos clientes, investindo em tecnologia e otimiza\u00e7\u00e3o de processos para garantir que as prateleiras estejam sempre abastecidas.<\/span><\/p>\n","protected":false},"excerpt":{"rendered":"<p>No ano passado, o Servi\u00e7o Brasileiro de Apoio \u00e0s Micro e Pequenas Empresas (Sebrae) apontou que o segmento farmac\u00eautico est\u00e1 em expans\u00e3o no Brasil. O levantamento, feito a partir de dados da Receita Federal, indicou que o territ\u00f3rio brasileiro possui 122 mil farm\u00e1cias. O estudo tamb\u00e9m sinalizou que o maior crescimento foi decorrente da pandemia de covid-19, quando o pa\u00eds [&hellip;]<\/p>\n","protected":false},"author":138,"featured_media":537,"comment_status":"open","ping_status":"open","sticky":false,"template":"","format":"standard","meta":{"footnotes":""},"categories":[1],"tags":[],"class_list":["post-536","post","type-post","status-publish","format-standard","has-post-thumbnail","hentry","category-sem-categoria"],"_links":{"self":[{"href":"https:\/\/blogs.correiobraziliense.com.br\/marcas-e-negocios\/wp-json\/wp\/v2\/posts\/536","targetHints":{"allow":["GET"]}}],"collection":[{"href":"https:\/\/blogs.correiobraziliense.com.br\/marcas-e-negocios\/wp-json\/wp\/v2\/posts"}],"about":[{"href":"https:\/\/blogs.correiobraziliense.com.br\/marcas-e-negocios\/wp-json\/wp\/v2\/types\/post"}],"author":[{"embeddable":true,"href":"https:\/\/blogs.correiobraziliense.com.br\/marcas-e-negocios\/wp-json\/wp\/v2\/users\/138"}],"replies":[{"embeddable":true,"href":"https:\/\/blogs.correiobraziliense.com.br\/marcas-e-negocios\/wp-json\/wp\/v2\/comments?post=536"}],"version-history":[{"count":1,"href":"https:\/\/blogs.correiobraziliense.com.br\/marcas-e-negocios\/wp-json\/wp\/v2\/posts\/536\/revisions"}],"predecessor-version":[{"id":538,"href":"https:\/\/blogs.correiobraziliense.com.br\/marcas-e-negocios\/wp-json\/wp\/v2\/posts\/536\/revisions\/538"}],"wp:featuredmedia":[{"embeddable":true,"href":"https:\/\/blogs.correiobraziliense.com.br\/marcas-e-negocios\/wp-json\/wp\/v2\/media\/537"}],"wp:attachment":[{"href":"https:\/\/blogs.correiobraziliense.com.br\/marcas-e-negocios\/wp-json\/wp\/v2\/media?parent=536"}],"wp:term":[{"taxonomy":"category","embeddable":true,"href":"https:\/\/blogs.correiobraziliense.com.br\/marcas-e-negocios\/wp-json\/wp\/v2\/categories?post=536"},{"taxonomy":"post_tag","embeddable":true,"href":"https:\/\/blogs.correiobraziliense.com.br\/marcas-e-negocios\/wp-json\/wp\/v2\/tags?post=536"}],"curies":[{"name":"wp","href":"https:\/\/api.w.org\/{rel}","templated":true}]}}