{"id":517,"date":"2024-08-24T06:00:14","date_gmt":"2024-08-24T09:00:14","guid":{"rendered":"https:\/\/blogs.correiobraziliense.com.br\/marcas-e-negocios\/?p=517"},"modified":"2024-08-23T17:32:05","modified_gmt":"2024-08-23T20:32:05","slug":"descarte-correto-de-residuos-organicos","status":"publish","type":"post","link":"https:\/\/blogs.correiobraziliense.com.br\/marcas-e-negocios\/2024\/08\/24\/descarte-correto-de-residuos-organicos\/","title":{"rendered":"Descarte correto de res\u00edduos org\u00e2nicos"},"content":{"rendered":"<p><span style=\"font-weight: 400\">Neste m\u00eas de agosto, o Brasil deveria extinguir o uso de lix\u00f5es em todo o territ\u00f3rio nacional. A a\u00e7\u00e3o foi determinada pela Pol\u00edtica Nacional de Res\u00edduos S\u00f3lidos, por meio da Lei 12.305\/2010, onde foi estabelecido a data-limite para o cumprimento da norma, de acordo com o tamanho dos munic\u00edpios. Apesar disso, ainda encontram-se, em todo o territ\u00f3rio nacional, dep\u00f3sitos de lixo a c\u00e9u aberto, sem controle ambiental, sanit\u00e1rio ou de seguran\u00e7a.\u00a0<\/span><\/p>\n<p><span style=\"font-weight: 400\">Sabe-se que o tratamento irregular de lixo pode alavancar problemas ambientais e causar danos \u00e0 sa\u00fade da popula\u00e7\u00e3o. No Distrito Federal, buscando minimizar a forma que o descarte de res\u00edduos \u00e9 realizado, Lucas Moya apostou na cria\u00e7\u00e3o do Projeto Compostar, h\u00e1 quase uma d\u00e9cada. Com o intuito de mudar a realidade do lixo org\u00e2nico, o empreendedor enxergou, no problema socioambiental da capital, a possibilidade de fomentar a cria\u00e7\u00e3o de um adubo natural na casa dos brasilienses.<\/span><\/p>\n<p><span style=\"font-weight: 400\">&#8220;O Projeto Compostar veio a partir de uma visita que fiz na \u00e9poca que o lix\u00e3o da Estrutural estava em pleno funcionamento. Achei um absurdo e comecei a estudar maneiras de mudar essa realidade. Percebi que o res\u00edduo org\u00e2nico correspondia a 50% de todo o res\u00edduo gerado, e que n\u00e3o havia solu\u00e7\u00e3o eficiente em Bras\u00edlia&#8221;, conta o s\u00f3cio-fundador.<\/span><\/p>\n<p><span style=\"font-weight: 400\">Conhecido como Lix\u00e3o da Estrutural, o Aterro do J\u00f3quei foi fechado h\u00e1 seis anos. Atualmente, a \u00e1rea \u00e9 ocupada pela Unidade de Recebimento de Entulhos (URE), de responsabilidade do Servi\u00e7o de Limpeza Urbana (SLU), e conta com 123.710 metros quadrados. Ainda assim, o espa\u00e7o permanece enfrentando desafios com o ac\u00famulo de res\u00edduos da constru\u00e7\u00e3o civil.<\/span><\/p>\n<p><span style=\"font-weight: 400\">Na \u00e9poca, com funcionamento intenso, perto do cora\u00e7\u00e3o de Bras\u00edlia, a 15 quil\u00f4metros da Esplanada dos Minist\u00e9rios, Lucas ressalta que o local era considerado um dos maiores lix\u00f5es da Am\u00e9rica Latina e do mundo. \u201cTodo lixo de Bras\u00edlia ia, praticamente, para o lix\u00e3o. N\u00e3o a totalidade, mas a maior parte. Quando visitei o ambiente com a universidade, vi essa realidade e tentei fazer alguma coisa para mudar\u201d, informa.\u00a0<\/span><\/p>\n<p><span style=\"font-weight: 400\">Foi a partir desse insight que os estudos come\u00e7aram e Lucas passou a compreender como funcionava a gest\u00e3o de res\u00edduos. \u201cComecei a entender um pouco melhor. Percebi que n\u00e3o havia um tratamento eficiente para grande parte do que era descartado. Foi por isso que o Compostar surgiu. Inicialmente, a gente juntou v\u00e1rios apoiadores que queriam auxiliar esse projeto sair do papel\u201d, recorda.\u00a0<\/span><\/p>\n<p><span style=\"font-weight: 400\">Com a miss\u00e3o de propor, de maneira simples e descentralizada, a gest\u00e3o dos res\u00edduos org\u00e2nicos, o Projeto Compostar atende, atualmente, cerca de 500 resid\u00eancias na cidade. O processo conta com uma equipe que atua indo at\u00e9 a casa dos associados para coletar os res\u00edduos com o intuito de dar uma destina\u00e7\u00e3o ambientalmente adequada. &#8220;A gente garante que o res\u00edduo de todo mundo est\u00e1 sendo tratado de forma adequada, sendo transformado em adubo e n\u00e3o indo pro aterro, gerando passivos ambientais&#8221;, informa.<\/span><\/p>\n<p><b>Como funciona a compostagem<\/b><\/p>\n<p><span style=\"font-weight: 400\">Processo biol\u00f3gico e ambientalmente seguro, a compostagem trata-se de um mecanismo que utiliza microorganismos, como fungos e bact\u00e9rias, para a decomposi\u00e7\u00e3o da mat\u00e9ria org\u00e2nica para ser transformada em adubo. Na pr\u00e1tica, busca-se evitar evitar o envio de org\u00e2nicos para os aterros, a fim de aliviar a demanda local\u00a0 e evitar o risco de contamina\u00e7\u00e3o da \u00e1gua, solo e ar.<\/span><\/p>\n<p><span style=\"font-weight: 400\">Ao realizar a inscri\u00e7\u00e3o no Projeto Compostar, o associado recebe um kit para separar corretamente os seus res\u00edduos, que conta com baldinho, recipiente especial, sacolinhas compost\u00e1veis e manual de instru\u00e7\u00e3o. Semanalmente ou a cada quinzena, a equipe faz a coleta. Os planos oferecidos variam entre residencial, escrit\u00f3rios, restaurantes e eventos. No caso dos estabelecimentos comerciais, al\u00e9m dos kits, tamb\u00e9m h\u00e1 o treinamento dos funcion\u00e1rios para realizar a separa\u00e7\u00e3o de res\u00edduos de forma correta.\u00a0<\/span><\/p>\n<p><span style=\"font-weight: 400\">\u201cA gente presta esse servi\u00e7o de regulariza\u00e7\u00e3o, principalmente de restaurantes e empresas maiores aqui em Bras\u00edlia, para garantir que os res\u00edduos dessas empresas sejam tratados de forma adequada. Dessa forma, a empresa fica regular, de acordo com as leis distritais que regulamentam toda essa quest\u00e3o, e a gente garante que o estabelecimento est\u00e1 dando um passinho rumo \u00e0 sustentabilidade e que o res\u00edduo dela n\u00e3o est\u00e1 sendo enterrado no aterro\u201d, explica.\u00a0<\/span><\/p>\n<p><b>Tr\u00eas perguntas para Lucas Moya, s\u00f3cio-fundador do Projeto Compostar:<\/b><\/p>\n<p><b>Por que a compostagem dom\u00e9stica deve ser integrada ao cotidiano das fam\u00edlias?<\/b><\/p>\n<p><span style=\"font-weight: 400\">A separa\u00e7\u00e3o correta da parcela org\u00e2nica deve ser implementada nas resid\u00eancias. Quando o res\u00edduo org\u00e2nico n\u00e3o \u00e9 separado, acaba indo majoritariamente para aterros e lix\u00f5es no Brasil, junto com os rejeitos. A separa\u00e7\u00e3o nas resid\u00eancias \u00e9 o primeiro passo. E o segundo \u00e9 realizar a pr\u00f3pria compostagem ou contratar um servi\u00e7o de compostagem como o nosso, que faz toda a coleta e compostagem pras resid\u00eancias que nos contratam.<\/span><\/p>\n<blockquote><p><b>Por que o ato de compostar \u00e9 importante?<\/b><\/p><\/blockquote>\n<p><span style=\"font-weight: 400\">Porque evita que o res\u00edduo v\u00e1 para aterros e lix\u00f5es. Nos aterros e lix\u00f5es, o res\u00edduo org\u00e2nico \u00e9 um grande passivo, podendo gerar gases de efeito estufa, vetores, contamina\u00e7\u00e3o de len\u00e7\u00f3is fre\u00e1ticos, entre outros preju\u00edzos socioambientais. Al\u00e9m de tudo, a compostagem gera adubo org\u00e2nico, retornando os nutrientes para o solo, em um ciclo de sustentabilidade.<\/span><\/p>\n<blockquote><p><b>Como o Projeto Compostar educa e apoia seus clientes na pr\u00e1tica da compostagem?\u00a0<\/b><\/p><\/blockquote>\n<p><span style=\"font-weight: 400\">N\u00f3s coletamos os res\u00edduos que os apoiadores e clientes geram. Nas empresas, oferecemos treinamento para os colaboradores fazerem a separa\u00e7\u00e3o correta. Nas resid\u00eancias dos apoiadores, mandamos material informativo. Mas a grande maioria das resid\u00eancias que nos contrata j\u00e1 possuem a consci\u00eancia socioambiental bem desenvolvida.<\/span><\/p>\n","protected":false},"excerpt":{"rendered":"<p>Neste m\u00eas de agosto, o Brasil deveria extinguir o uso de lix\u00f5es em todo o territ\u00f3rio nacional. A a\u00e7\u00e3o foi determinada pela Pol\u00edtica Nacional de Res\u00edduos S\u00f3lidos, por meio da Lei 12.305\/2010, onde foi estabelecido a data-limite para o cumprimento da norma, de acordo com o tamanho dos munic\u00edpios. Apesar disso, ainda encontram-se, em todo o territ\u00f3rio nacional, dep\u00f3sitos de [&hellip;]<\/p>\n","protected":false},"author":138,"featured_media":518,"comment_status":"open","ping_status":"open","sticky":false,"template":"","format":"standard","meta":{"footnotes":""},"categories":[1],"tags":[],"class_list":["post-517","post","type-post","status-publish","format-standard","has-post-thumbnail","hentry","category-sem-categoria"],"_links":{"self":[{"href":"https:\/\/blogs.correiobraziliense.com.br\/marcas-e-negocios\/wp-json\/wp\/v2\/posts\/517","targetHints":{"allow":["GET"]}}],"collection":[{"href":"https:\/\/blogs.correiobraziliense.com.br\/marcas-e-negocios\/wp-json\/wp\/v2\/posts"}],"about":[{"href":"https:\/\/blogs.correiobraziliense.com.br\/marcas-e-negocios\/wp-json\/wp\/v2\/types\/post"}],"author":[{"embeddable":true,"href":"https:\/\/blogs.correiobraziliense.com.br\/marcas-e-negocios\/wp-json\/wp\/v2\/users\/138"}],"replies":[{"embeddable":true,"href":"https:\/\/blogs.correiobraziliense.com.br\/marcas-e-negocios\/wp-json\/wp\/v2\/comments?post=517"}],"version-history":[{"count":1,"href":"https:\/\/blogs.correiobraziliense.com.br\/marcas-e-negocios\/wp-json\/wp\/v2\/posts\/517\/revisions"}],"predecessor-version":[{"id":519,"href":"https:\/\/blogs.correiobraziliense.com.br\/marcas-e-negocios\/wp-json\/wp\/v2\/posts\/517\/revisions\/519"}],"wp:featuredmedia":[{"embeddable":true,"href":"https:\/\/blogs.correiobraziliense.com.br\/marcas-e-negocios\/wp-json\/wp\/v2\/media\/518"}],"wp:attachment":[{"href":"https:\/\/blogs.correiobraziliense.com.br\/marcas-e-negocios\/wp-json\/wp\/v2\/media?parent=517"}],"wp:term":[{"taxonomy":"category","embeddable":true,"href":"https:\/\/blogs.correiobraziliense.com.br\/marcas-e-negocios\/wp-json\/wp\/v2\/categories?post=517"},{"taxonomy":"post_tag","embeddable":true,"href":"https:\/\/blogs.correiobraziliense.com.br\/marcas-e-negocios\/wp-json\/wp\/v2\/tags?post=517"}],"curies":[{"name":"wp","href":"https:\/\/api.w.org\/{rel}","templated":true}]}}