{"id":51,"date":"2022-09-03T06:00:13","date_gmt":"2022-09-03T09:00:13","guid":{"rendered":"https:\/\/blogs.correiobraziliense.com.br\/marcas-e-negocios\/?p=51"},"modified":"2022-09-05T15:52:29","modified_gmt":"2022-09-05T18:52:29","slug":"cresce-numero-de-jovens-empresarios","status":"publish","type":"post","link":"https:\/\/blogs.correiobraziliense.com.br\/marcas-e-negocios\/2022\/09\/03\/cresce-numero-de-jovens-empresarios\/","title":{"rendered":"Cresce n\u00famero de jovens empres\u00e1rios"},"content":{"rendered":"<p><span style=\"font-weight: 400\">Presente em mais de 120 cidades do Brasil, a C\u00e2mara de Dirigentes Lojistas Jovem (CDL Jovem) \u00e9 um \u00f3rg\u00e3o com quase tr\u00eas d\u00e9cadas e meia de atua\u00e7\u00e3o. Criada com o prop\u00f3sito de oferecer um espa\u00e7o para o desenvolvimento de empres\u00e1rios lojistas jovens, a entidade \u00e9 respons\u00e1vel por complementar as a\u00e7\u00f5es das CDLs regionais, desenvolvendo e capacitando futuros l\u00edderes, e promovendo a\u00e7\u00f5es de responsabilidade social, sustentabilidade e mobiliza\u00e7\u00e3o.<\/span><\/p>\n<p><span style=\"font-weight: 400\">\u201cA CDL Jovem possui a responsabilidade de desenvolver jovens l\u00edderes atrav\u00e9s da troca de experi\u00eancias, busca de inova\u00e7\u00e3o e mobiliza\u00e7\u00e3o associativista para que tenham uma atua\u00e7\u00e3o empreendedora e de destaque nas CDLs, nos neg\u00f3cios e na sociedade\u201d, explica Raphael Paganini, coordenador nacional do \u00f3rg\u00e3o.\u00a0<\/span><\/p>\n<p><span style=\"font-weight: 400\">Paganini destaca que, na pr\u00e1tica, o intuito da entidade \u00e9 preparar os empres\u00e1rios para que seja poss\u00edvel contribuir com a diretoria da organiza\u00e7\u00e3o, a fim de integrar a classe lojista jovem, fortalecendo as C\u00e2maras Dirigentes de Lojistas de diferentes cidades e, tamb\u00e9m, auxiliando no movimento varejista como um todo.\u00a0<\/span><\/p>\n<p><span style=\"font-weight: 400\">Para isso, ele avalia ser fundamental a promo\u00e7\u00e3o de a\u00e7\u00f5es que fortale\u00e7am os pilares de lideran\u00e7a e de mudan\u00e7a de h\u00e1bitos de consumo para, dessa forma, propiciar um ecossistema de empreendedorismo com qualidade e de constante inova\u00e7\u00e3o no mercado. Temas voltados \u00e0 conscientiza\u00e7\u00e3o pol\u00edtica, networking, sustentabilidade e gest\u00e3o pela lideran\u00e7a s\u00e3o alguns dos aspectos trabalhados em prol desse objetivo.\u00a0<\/span><\/p>\n<p><span style=\"font-weight: 400\">Al\u00e9m disso, como outras iniciativas de peso para fomentar o empreendedorismo no varejo, a CDL Jovem tamb\u00e9m promove f\u00f3rum de discuss\u00f5es, integrando ideias, conceitos e experi\u00eancias a partir de reuni\u00f5es regulares, palestras, semin\u00e1rios e eventos.\u00a0<\/span><\/p>\n<p><span style=\"font-weight: 400\">Devido \u00e0s suas a\u00e7\u00f5es, a CDL Jovem conseguiu um crescimento de 33% de 2020 para 2022. &#8220;Nesse processo, identificamos novas lideran\u00e7as de jovens empres\u00e1rios. Pudemos capacit\u00e1-los e prepar\u00e1-los para que pudessem levar os nossos pilares de inova\u00e7\u00e3o e empreendedorismo para o maior n\u00famero poss\u00edvel de associados no Brasil. Hoje o sistema CNDL possui cerca de 500 mil empresas associadas&#8221;, celebra Paganini.<\/span><\/p>\n<p><span style=\"font-weight: 400\">O suporte da CDL Jovem se mostra fundamental, especialmente ap\u00f3s dois anos de adversidades vividas devido a pandemia de Covid-19. O coordenador nacional destaca que o segmento de com\u00e9rcio e servi\u00e7os foi diretamente impactado pela crise sanit\u00e1ria, visto que muitas empresas tiveram que migrar, de forma r\u00e1pida, para o ambiente digital. A transforma\u00e7\u00e3o virtual contou, ainda, com outro desafio: manter os clientes apesar de implementar novos h\u00e1bitos de consumo.<\/span><\/p>\n<p><span style=\"font-weight: 400\">\u201cAinda hoje, com a diminui\u00e7\u00e3o no n\u00famero de casos, os reflexos dessa transforma\u00e7\u00e3o digital s\u00e3o sentidos, haja vista que as novas formas de atender os clientes convivem com a forma presencial. Antigos modelos de neg\u00f3cios tiveram que ser repensados da noite para o dia, a competitividade das empresas preparadas para o mundo digital foi acirrada e o consumidor passou a contar com novas formas de consumo\u201d, contextualiza.\u00a0<\/span><\/p>\n<p><span style=\"font-weight: 400\">Essa realidade onde o mercado digitalizado se tornou cada vez mais presente na rotina dos brasileiros trouxe a necessidade da entidade buscar solu\u00e7\u00f5es para o novo cen\u00e1rio do pa\u00eds. Paganini conta que, inicialmente, manter os associados a par das melhores inova\u00e7\u00f5es tecnol\u00f3gicas foi desafiador. Entretanto, para driblar a situa\u00e7\u00e3o, o \u00f3rg\u00e3o criou o Inova Varejo.\u00a0<\/span><\/p>\n<p><span style=\"font-weight: 400\">\u201cFizemos uma curadoria das principais ferramentas necess\u00e1rias para a transforma\u00e7\u00e3o digital, disponibilizando para nossos associados com vantagens competitivas, auxiliando-os no processo de digitaliza\u00e7\u00e3o das empresas e melhorando sua performance perante os concorrentes\u201d, pontua.\u00a0<\/span><\/p>\n<p><b>O empreendedorismo brasileiro<\/b><\/p>\n<p><span style=\"font-weight: 400\">Avaliando o empreendedorismo no Brasil como uma ferramenta fundamental para o desenvolvimento do pa\u00eds, Paganini defende que a inova\u00e7\u00e3o e a tecnologia, aliadas \u00e0 criatividade do brasileiro, geram uma combina\u00e7\u00e3o perfeita para a gera\u00e7\u00e3o de novos neg\u00f3cios.<\/span><\/p>\n<p><span style=\"font-weight: 400\">No entanto, o coordenador nacional da CDL Nacional avalia dificuldades inerentes ao ambiente corporativo na regi\u00e3o brasileira. &#8220;Esbarramos com dificuldades como o grande peso dos impostos sobre o consumo, um dos maiores do mundo; complexidades tribut\u00e1rias, onde h\u00e1 uma enorme gama de regulamenta\u00e7\u00f5es, impostos e contribui\u00e7\u00f5es; e problemas de financiamento do jovem ao buscar abrir o seu primeiro neg\u00f3cio&#8221;, informa.\u00a0<\/span><\/p>\n<p><span style=\"font-weight: 400\">Para driblar essa realidade, Paganini avalia que a melhora no ambiente de neg\u00f3cios est\u00e1 aliada com a simplifica\u00e7\u00e3o tribut\u00e1ria e a cria\u00e7\u00e3o de capacita\u00e7\u00f5es. Com isso, para ele, \u00e9 poss\u00edvel tornar o empreendedorismo em uma importante alavanca para o desenvolvimento do pa\u00eds. &#8220;Teremos novas gera\u00e7\u00f5es de empreendedores que ir\u00e3o liderar empresa onde jovens possam se desenvolver e abrir oportunidades no mercado de trabalho, contribuindo em um ciclo virtuoso&#8221;, complementa.<\/span><\/p>\n<p><span style=\"font-weight: 400\">Case de sucesso da CDL Jovem e buscando refor\u00e7ar a import\u00e2ncia do debate acerca da tributa\u00e7\u00e3o no pa\u00eds, o Dia Livre de Impostos (DLI) conta com a participa\u00e7\u00e3o da sociedade contra as altas cargas tribut\u00e1rias e o baixo retorno dos impostos arrecadados como sa\u00fade, educa\u00e7\u00e3o, transporte e seguran\u00e7a para a popula\u00e7\u00e3o.\u00a0<\/span><\/p>\n<p><span style=\"font-weight: 400\">&#8220;Chamamos, atrav\u00e9s dessa a\u00e7\u00e3o, a aten\u00e7\u00e3o de lojistas e consumidores. Com a iniciativa, \u00e9 poss\u00edvel entender o real valor da tributa\u00e7\u00e3o embutido no consumo, al\u00e9m de tamb\u00e9m ser uma oportunidade de vendas&#8221;, informa Paganini.\u00a0<\/span><\/p>\n<blockquote><p><b>Qual a expectativa da CDL Jovem para os pr\u00f3ximos meses?<\/b><\/p><\/blockquote>\n<p><span style=\"font-weight: 400\">Estamos com a expectativa de chegarmos a 150 CDLs Jovens espalhadas em todo o Brasil, consolidando a entidade com principal refer\u00eancia do empreendedorismo jovem no Brasil, auxiliando nossos associados no desenvolvimento de lideran\u00e7as, utiliza\u00e7\u00e3o de tecnologia e inova\u00e7\u00e3o em seus neg\u00f3cios.<\/span><\/p>\n<blockquote><p><b>Por que o esp\u00edrito de lideran\u00e7a \u00e9 um tema importante e necess\u00e1rio para a vida profissional de empreendedores?\u00a0<\/b><\/p><\/blockquote>\n<p><span style=\"font-weight: 400\">Atrav\u00e9s do fortalecimento do esp\u00edrito de lideran\u00e7a podemos desenvolver novas ideias, sempre com o foco na inova\u00e7\u00e3o, al\u00e9m de estimular o conhecimento de empreendedores, renova\u00e7\u00e3o nas empresas, al\u00e9m da inspira\u00e7\u00e3o de jovens em busca de oportunidade.<\/span><\/p>\n<blockquote><p><b>Quais marcas est\u00e3o associadas a CDL Jovem?\u00a0<\/b><\/p><\/blockquote>\n<p><span style=\"font-weight: 400\">A CDL Jovem faz parte do Sistema CNDL e do bureau de cr\u00e9dito do SPC Brasil. Atuamos de forma conjunta, sendo a CDL Jovem um pilar no desenvolvimento de novas lideran\u00e7as e capacita\u00e7\u00e3o, al\u00e9m de um centro de novos l\u00edderes que ir\u00e3o auxiliar na renova\u00e7\u00e3o de lideran\u00e7as dentro do pr\u00f3prio sistema.<\/span><\/p>\n<p>&nbsp;<\/p>\n","protected":false},"excerpt":{"rendered":"<p>Presente em mais de 120 cidades do Brasil, a C\u00e2mara de Dirigentes Lojistas Jovem (CDL Jovem) \u00e9 um \u00f3rg\u00e3o com quase tr\u00eas d\u00e9cadas e meia de atua\u00e7\u00e3o. Criada com o prop\u00f3sito de oferecer um espa\u00e7o para o desenvolvimento de empres\u00e1rios lojistas jovens, a entidade \u00e9 respons\u00e1vel por complementar as a\u00e7\u00f5es das CDLs regionais, desenvolvendo e capacitando futuros l\u00edderes, e promovendo [&hellip;]<\/p>\n","protected":false},"author":138,"featured_media":52,"comment_status":"open","ping_status":"open","sticky":false,"template":"","format":"standard","meta":{"footnotes":""},"categories":[1],"tags":[],"class_list":["post-51","post","type-post","status-publish","format-standard","has-post-thumbnail","hentry","category-sem-categoria"],"_links":{"self":[{"href":"https:\/\/blogs.correiobraziliense.com.br\/marcas-e-negocios\/wp-json\/wp\/v2\/posts\/51","targetHints":{"allow":["GET"]}}],"collection":[{"href":"https:\/\/blogs.correiobraziliense.com.br\/marcas-e-negocios\/wp-json\/wp\/v2\/posts"}],"about":[{"href":"https:\/\/blogs.correiobraziliense.com.br\/marcas-e-negocios\/wp-json\/wp\/v2\/types\/post"}],"author":[{"embeddable":true,"href":"https:\/\/blogs.correiobraziliense.com.br\/marcas-e-negocios\/wp-json\/wp\/v2\/users\/138"}],"replies":[{"embeddable":true,"href":"https:\/\/blogs.correiobraziliense.com.br\/marcas-e-negocios\/wp-json\/wp\/v2\/comments?post=51"}],"version-history":[{"count":2,"href":"https:\/\/blogs.correiobraziliense.com.br\/marcas-e-negocios\/wp-json\/wp\/v2\/posts\/51\/revisions"}],"predecessor-version":[{"id":57,"href":"https:\/\/blogs.correiobraziliense.com.br\/marcas-e-negocios\/wp-json\/wp\/v2\/posts\/51\/revisions\/57"}],"wp:featuredmedia":[{"embeddable":true,"href":"https:\/\/blogs.correiobraziliense.com.br\/marcas-e-negocios\/wp-json\/wp\/v2\/media\/52"}],"wp:attachment":[{"href":"https:\/\/blogs.correiobraziliense.com.br\/marcas-e-negocios\/wp-json\/wp\/v2\/media?parent=51"}],"wp:term":[{"taxonomy":"category","embeddable":true,"href":"https:\/\/blogs.correiobraziliense.com.br\/marcas-e-negocios\/wp-json\/wp\/v2\/categories?post=51"},{"taxonomy":"post_tag","embeddable":true,"href":"https:\/\/blogs.correiobraziliense.com.br\/marcas-e-negocios\/wp-json\/wp\/v2\/tags?post=51"}],"curies":[{"name":"wp","href":"https:\/\/api.w.org\/{rel}","templated":true}]}}