{"id":480,"date":"2024-06-22T06:00:06","date_gmt":"2024-06-22T09:00:06","guid":{"rendered":"https:\/\/blogs.correiobraziliense.com.br\/marcas-e-negocios\/?p=480"},"modified":"2024-06-21T18:08:50","modified_gmt":"2024-06-21T21:08:50","slug":"o-potencial-da-arte-brasileira","status":"publish","type":"post","link":"https:\/\/blogs.correiobraziliense.com.br\/marcas-e-negocios\/2024\/06\/22\/o-potencial-da-arte-brasileira\/","title":{"rendered":"O potencial da arte brasileira"},"content":{"rendered":"<p><span style=\"font-weight: 400\">A\u00e7\u00f5es transversais \u00e0 educa\u00e7\u00e3o, inclus\u00e3o e forma\u00e7\u00e3o profissional: essas s\u00e3o as premissas adotadas pela Lente Cultural e que definem a sua atua\u00e7\u00e3o no setor cultural. Diante disso, desde 2009, a empresa busca promover a fotografia enquanto express\u00e3o art\u00edstica, al\u00e9m de fortalecer a produ\u00e7\u00e3o no Distrito Federal e na regi\u00e3o Centro-Oeste. Na pr\u00e1tica, a sua origem se deu a partir da colabora\u00e7\u00e3o de diferentes fot\u00f3grafos, entre eles, Eraldo Peres.\u00a0<\/span><\/p>\n<p><span style=\"font-weight: 400\">\u201cCom o passar dos anos, fomos nos transformando. Hoje em dia, n\u00f3s somos 16 pessoas atuando em diversas \u00e1reas da cultura. N\u00f3s temos fot\u00f3grafos, designers, comunicadores, pessoas de publicidade, gestores e elaboradores de projetos, por exemplo. H\u00e1, conosco, uma gama de profissionais da economia criativa. Vale ressaltar que, ao longo dessa hist\u00f3ria, o coletivo n\u00e3o \u00e9 fixo, ent\u00e3o, tem membros que j\u00e1 sa\u00edram, outros que entraram\u201d, conta Carol Peres, filha de Eraldo e membro-fundadora da Lente Cultural.\u00a0<\/span><\/p>\n<p><span style=\"font-weight: 400\">Avalia-se que a criatividade e os neg\u00f3cios se misturam, na Lente Cultural, para fomentar a cultura. Nesse sentido, o coletivo traz como miss\u00e3o a amplia\u00e7\u00e3o do acesso cultural e, ainda, a sensibiliza\u00e7\u00e3o de novos p\u00fablicos por meio das artes, especialmente os setores das artes visuais, da fotografia, do cinema e da capacita\u00e7\u00e3o. No entanto, h\u00e1 dificuldades no meio dessa jornada rumo \u00e0s artes.\u00a0<\/span><\/p>\n<p><span style=\"font-weight: 400\">\u201cO principal desafio, independente da \u00e1rea cultural de atua\u00e7\u00e3o, para qualquer produtor, hoje, no Brasil, \u00e9 a quest\u00e3o do financiamento e da sustentabilidade financeira do projeto. Enquanto organiza\u00e7\u00e3o da sociedade civil sem fins lucrativos, 90% do nosso incentivo vem de editais p\u00fablicos ou de patroc\u00ednios via leis de incentivo. Quando a gente encerra um projeto, na semana seguinte a gente j\u00e1 est\u00e1 planejando como \u00e9 que a gente vai buscar o financiamento da pr\u00f3xima edi\u00e7\u00e3o\u201d, informa Carol.\u00a0<\/span><\/p>\n<p><span style=\"font-weight: 400\">Para conseguir o investimento, a membro-fundadora explica que a Lente Cultural precisa mostrar para as empresas que a parceria p\u00fablico-privada \u00e9 positiva. \u201cA gente tem muitas cr\u00edticas \u00e0s nossas leis de incentivo fiscal, mas elas s\u00e3o a base que sustentam, principalmente, os projetos e as a\u00e7\u00f5es de pequeno e m\u00e9dio porte. Quando a gente fala de produ\u00e7\u00e3o cultural, a gente n\u00e3o pode pensar s\u00f3 nos grandes eventos. A gente tem que pensar tamb\u00e9m no pequeno produtor e em quem est\u00e1 iniciando. N\u00f3s temos essa preocupa\u00e7\u00e3o\u201d, complementa.\u00a0<\/span><\/p>\n<p><b>Economia criativa\u00a0<\/b><\/p>\n<p><span style=\"font-weight: 400\">De acordo com o Relat\u00f3rio Panorama Economia Criativa, da Universidade Cat\u00f3lica de Bras\u00edlia (UCB), divulgado ano passado, a economia criativa gerou mais de R$ 9 bilh\u00f5es ao Distrito Federal, em 2022, com participa\u00e7\u00e3o de 3,5% no Produto Interno Bruto (PIB) da capital. Estima-se que, na regi\u00e3o, h\u00e1 mais de 90 mil agentes criativos em diferentes regi\u00f5es administrativas.\u00a0<\/span><\/p>\n<p><span style=\"font-weight: 400\">Respons\u00e1vel por incrementar esse mercado, a Lente Cultural atua de diferentes formas. Esse fomento, segundo Carol, se inicia a partir do momento que o coletivo se re\u00fane para buscar produ\u00e7\u00f5es. &#8220;Ao mesmo tempo que a Lente Cultural promove projetos, ela tamb\u00e9m produz produtos culturais, como exposi\u00e7\u00f5es, livros e produtos digitais. Esse \u00e9 um lado de fomento da economia criativa. O outro seria a realiza\u00e7\u00e3o dos projetos, a partir de editais p\u00fablicos, de patroc\u00ednios&#8221;, informa.<\/span><\/p>\n<p><b>M\u00eas da Fotografia<\/b><\/p>\n<p><span style=\"font-weight: 400\">Desde 2010, a Lente Coletiva realiza o Festival M\u00eas da Fotografia, respons\u00e1vel por realizar a difus\u00e3o das artes visuais no Brasil. O projeto busca fortalecer produ\u00e7\u00f5es fotogr\u00e1ficas, locais, regionais e nacionais, al\u00e9m de conectar pessoas com diferentes viv\u00eancias e costumes, possibilitando a sensibiliza\u00e7\u00e3o e novos conhecimentos \u00e0 comunidade. At\u00e9 o ano passado, foram realizadas dez edi\u00e7\u00f5es que somam mais de 70 exposi\u00e7\u00f5es art\u00edsticas com um milh\u00e3o de expectadores e 90 atividades formativas.\u00a0<\/span><\/p>\n<p><span style=\"font-weight: 400\">Al\u00e9m disso, segundo a membro-fundadora, o festival marca a hist\u00f3ria da lente cultural especialmente por se tratar de um projeto que surgiu, praticamente, com o coletivo.\u00a0 \u201cEle consegue movimentar expressivamente o setor da fotografia e da produ\u00e7\u00e3o das artes. No \u00faltimo ano, n\u00f3s tivemos cerca de mil fot\u00f3grafos participando diretamente do evento\u201d, comenta.\u00a0<\/span><\/p>\n<p><b>Tr\u00eas perguntas para <\/b><b>Carol Peres, membro-fundadora da Lente Cultural<\/b><b>:<\/b><\/p>\n<blockquote><p><b>O que inspirou a cria\u00e7\u00e3o da Lente Cultural?\u00a0<\/b><\/p><\/blockquote>\n<p><span style=\"font-weight: 400\">Acho que a nossa primeira inspira\u00e7\u00e3o \u00e9 a fotografia. \u00c9 foment\u00e1-la, enquanto express\u00e3o art\u00edstica, linguagem comunicacional, meio de inclus\u00e3o e de transforma\u00e7\u00e3o social. \u00c9 claro que ela se integra dentro do universo das artes. Ent\u00e3o, a Lente Cultural, hoje, atua em diferentes segmentos, em diferentes linguagens, mas sempre a fotografia vai ser a sua for\u00e7a motriz.\u00a0<\/span><\/p>\n<blockquote><p><b>Quais projetos marcaram a trajet\u00f3ria da marca?<\/b><\/p><\/blockquote>\n<p><span style=\"font-weight: 400\">A gente soma uma quantidade expressiva. Eu acredito que o mais importante seja o Festival M\u00eas da Fotografia, que foi o nosso primeiro grande projeto, em 2010. A gente j\u00e1 tinha feito, em 2009, uma exposi\u00e7\u00e3o menor, mas, no ano seguinte, a gente lan\u00e7a o M\u00eas da Fotografia, considerado, hoje, o maior da regi\u00e3o Centro-Oeste. Competimos, inclusive, com os grandes festivais nacionais e internacionais.\u00a0<\/span><\/p>\n<blockquote><p><b>Quais s\u00e3o os impactos gerados nas comunidades com os projetos da Lente Cultural?<\/b><\/p><\/blockquote>\n<p><span style=\"font-weight: 400\">A gente tenta enxergar qual o legado que os nossos projetos e as nossas a\u00e7\u00f5es deixam. Esse legado \u00e9, justamente, o impacto social. O festival da fotografia tem, por exemplo, al\u00e9m das exposi\u00e7\u00f5es fotogr\u00e1ficas, uma s\u00e9rie de atividades formativas. Acredito que, de um modo geral, a nossa maior a\u00e7\u00e3o \u00e9 a sensibiliza\u00e7\u00e3o dessas pessoas, principalmente dos jovens, que \u00e9 um p\u00fablico que a gente busca muito para os temas das artes.\u00a0<\/span><\/p>\n","protected":false},"excerpt":{"rendered":"<p>A\u00e7\u00f5es transversais \u00e0 educa\u00e7\u00e3o, inclus\u00e3o e forma\u00e7\u00e3o profissional: essas s\u00e3o as premissas adotadas pela Lente Cultural e que definem a sua atua\u00e7\u00e3o no setor cultural. Diante disso, desde 2009, a empresa busca promover a fotografia enquanto express\u00e3o art\u00edstica, al\u00e9m de fortalecer a produ\u00e7\u00e3o no Distrito Federal e na regi\u00e3o Centro-Oeste. Na pr\u00e1tica, a sua origem se deu a partir da [&hellip;]<\/p>\n","protected":false},"author":138,"featured_media":481,"comment_status":"open","ping_status":"open","sticky":false,"template":"","format":"standard","meta":{"footnotes":""},"categories":[1],"tags":[],"class_list":["post-480","post","type-post","status-publish","format-standard","has-post-thumbnail","hentry","category-sem-categoria"],"_links":{"self":[{"href":"https:\/\/blogs.correiobraziliense.com.br\/marcas-e-negocios\/wp-json\/wp\/v2\/posts\/480","targetHints":{"allow":["GET"]}}],"collection":[{"href":"https:\/\/blogs.correiobraziliense.com.br\/marcas-e-negocios\/wp-json\/wp\/v2\/posts"}],"about":[{"href":"https:\/\/blogs.correiobraziliense.com.br\/marcas-e-negocios\/wp-json\/wp\/v2\/types\/post"}],"author":[{"embeddable":true,"href":"https:\/\/blogs.correiobraziliense.com.br\/marcas-e-negocios\/wp-json\/wp\/v2\/users\/138"}],"replies":[{"embeddable":true,"href":"https:\/\/blogs.correiobraziliense.com.br\/marcas-e-negocios\/wp-json\/wp\/v2\/comments?post=480"}],"version-history":[{"count":1,"href":"https:\/\/blogs.correiobraziliense.com.br\/marcas-e-negocios\/wp-json\/wp\/v2\/posts\/480\/revisions"}],"predecessor-version":[{"id":482,"href":"https:\/\/blogs.correiobraziliense.com.br\/marcas-e-negocios\/wp-json\/wp\/v2\/posts\/480\/revisions\/482"}],"wp:featuredmedia":[{"embeddable":true,"href":"https:\/\/blogs.correiobraziliense.com.br\/marcas-e-negocios\/wp-json\/wp\/v2\/media\/481"}],"wp:attachment":[{"href":"https:\/\/blogs.correiobraziliense.com.br\/marcas-e-negocios\/wp-json\/wp\/v2\/media?parent=480"}],"wp:term":[{"taxonomy":"category","embeddable":true,"href":"https:\/\/blogs.correiobraziliense.com.br\/marcas-e-negocios\/wp-json\/wp\/v2\/categories?post=480"},{"taxonomy":"post_tag","embeddable":true,"href":"https:\/\/blogs.correiobraziliense.com.br\/marcas-e-negocios\/wp-json\/wp\/v2\/tags?post=480"}],"curies":[{"name":"wp","href":"https:\/\/api.w.org\/{rel}","templated":true}]}}