{"id":424,"date":"2024-03-23T06:00:53","date_gmt":"2024-03-23T09:00:53","guid":{"rendered":"https:\/\/blogs.correiobraziliense.com.br\/marcas-e-negocios\/?p=424"},"modified":"2024-03-22T17:32:10","modified_gmt":"2024-03-22T20:32:10","slug":"conexao-com-negocios-internacionais","status":"publish","type":"post","link":"https:\/\/blogs.correiobraziliense.com.br\/marcas-e-negocios\/2024\/03\/23\/conexao-com-negocios-internacionais\/","title":{"rendered":"Conex\u00e3o com neg\u00f3cios internacionais"},"content":{"rendered":"<p><span style=\"font-weight: 400\">Dados apresentados pelo \u00cdndice de Cidades Empreendedoras (ICE), em 2023, indicaram que Bras\u00edlia se tornou uma das cidades mais empreendedoras do Brasil. A pesquisa, desenvolvida pela Escola Nacional de Administra\u00e7\u00e3o P\u00fablica (Enap), pontuou que quatro aspectos estimularam o crescimento da capital no ranking, sendo eles infraestrutura, mercado, cultura empreendedora e o acesso \u00e0 regi\u00e3o.<\/span><\/p>\n<p><span style=\"font-weight: 400\">O salto expressivo de Bras\u00edlia, que ocupava a 69\u00aa posi\u00e7\u00e3o, \u00e9 explicado devido ao est\u00edmulo ao ambiente de neg\u00f3cios. Nesse sentido, para somar ao segmento, mais uma iniciativa surgiu na cidade, neste ano, procurando potencializar o desenvolvimento do empreendedorismo brasiliense: o Conselho Internacional de Empreendedorismo, Rela\u00e7\u00f5es Governamentais e Interc\u00e2mbio Comercial.<\/span><\/p>\n<p><span style=\"font-weight: 400\">Lan\u00e7ado na primeira quinzena do m\u00eas de mar\u00e7o, o Conselho Internacional, colegiado da Associa\u00e7\u00e3o Comercial do Distrito Federal (ACDF), foi constru\u00eddo com a premissa de conectar empres\u00e1rios do Distrito Federal a oportunidades de neg\u00f3cios em outras partes do mundo.\u00a0<\/span><\/p>\n<p><span style=\"font-weight: 400\">\u201cQueremos ser a ponte de a\u00e7\u00e3o entre o ambiente interno, o ecossistema do setor produtivo do Distrito Federal e regi\u00e3o e as oportunidades de neg\u00f3cio externas. Vamos fazer isso em parceria com as embaixadas, organismos e entidades internacionais\u201d, afirmou a presidente do Conselho, Vanessa Mendon\u00e7a.\u00a0<\/span><\/p>\n<p><span style=\"font-weight: 400\">Ela indica que, para isso, esses di\u00e1logos ser\u00e3o estabelecidos de maneira s\u00f3lida e confi\u00e1vel, fundamentado em experi\u00eancias pr\u00e9vias bem-sucedidas e por meio de parcerias estrat\u00e9gicas com diversos mecanismos de coopera\u00e7\u00e3o. \u201cAl\u00e9m da participa\u00e7\u00e3o ativa em eventos internacionais relevantes, o Conselho buscar\u00e1 estabelecer uma comunica\u00e7\u00e3o constante e transparente, promovendo o interc\u00e2mbio de informa\u00e7\u00f5es e experi\u00eancias para fortalecer as rela\u00e7\u00f5es comerciais e facilitar o acesso a novos mercados para os empres\u00e1rios\u201d, explica.\u00a0<\/span><\/p>\n<p><span style=\"font-weight: 400\">Segundo Vanessa, a ideia do Conselho surgiu a partir do presidente da ACDF, Fernando Brites. A iniciativa foi inspirada pela vis\u00e3o, experi\u00eancia e necessidade percebida de fortalecer e promover o interc\u00e2mbio comercial e as rela\u00e7\u00f5es governamentais internacionais, visando o crescimento do empreendedorismo em diversos setores.<\/span><\/p>\n<p><span style=\"font-weight: 400\">Para a presidente, o colegiado pode ser considerado uma plataforma dedicada a fomentar parcerias e oportunidades de neg\u00f3cios, visando o crescimento sustent\u00e1vel dos empreendedores. \u201cNosso foco priorit\u00e1rio \u00e9 o Distrito Federal, conectando oportunidades de neg\u00f3cios com empresas nacionais para atender o mercado internacional\u201d, ressalta.\u00a0<\/span><\/p>\n<p><span style=\"font-weight: 400\">Na vis\u00e3o da presidente, a relev\u00e2ncia do Conselho na capital est\u00e1 relacionada ao potencial internacional do Distrito Federal devido \u00e0 sua posi\u00e7\u00e3o estrat\u00e9gica no centro do pa\u00eds, \u00e0 presen\u00e7a de um eficiente HUB a\u00e9reo e \u00e0 concentra\u00e7\u00e3o de diversas representa\u00e7\u00f5es diplom\u00e1ticas. \u201cAl\u00e9m disso, a regi\u00e3o se destaca pela produ\u00e7\u00e3o agr\u00edcola diversificada, que inclui gr\u00e3os, frutas, hortali\u00e7as e flores, bem como pela pecu\u00e1ria, com cria\u00e7\u00e3o de gado bovino, aves e su\u00ednos. Na \u00e1rea de agroind\u00fastria, destacam-se produtos como queijos e vinhos\u201d, avalia.\u00a0<\/span><\/p>\n<p><span style=\"font-weight: 400\">Vanessa ainda destaca que outras \u00e1reas tamb\u00e9m fomentam a conquista de mercados internacionais, como \u00e9 o caso do setor artesanal. \u201cOferecemos uma variedade de produtos, desde cer\u00e2micas, flores at\u00e9 pe\u00e7as de madeira e esculturas. Essa diversidade de produtos e a qualidade de sua produ\u00e7\u00e3o representam oportunidades promissoras para o com\u00e9rcio internacional, contribuindo para o desenvolvimento econ\u00f4mico e cultural da regi\u00e3o\u201d, complementa.\u00a0<\/span><\/p>\n<p><b>Expans\u00e3o empresarial<\/b><\/p>\n<p><span style=\"font-weight: 400\">Composto por 40 empres\u00e1rios de diversas \u00e1reas de atua\u00e7\u00e3o, como tecnologia, eventos, comunica\u00e7\u00e3o, turismo e artesanato, Vanessa destaca que o Conselho tem a convic\u00e7\u00e3o de que promover oportunidades e benef\u00edcios para os empres\u00e1rios brasileiros \u00e9 fundamental para o crescimento econ\u00f4mico e a expans\u00e3o global de nossas empresas.\u00a0<\/span><\/p>\n<p><span style=\"font-weight: 400\">\u201cAcreditamos firmemente que Bras\u00edlia pode desempenhar um papel crucial como o HUB de exporta\u00e7\u00e3o do Brasil para o mundo, aproveitando sua posi\u00e7\u00e3o estrat\u00e9gica e a presen\u00e7a de diversas representa\u00e7\u00f5es diplom\u00e1ticas. Estamos prontos para sermos um elo de conex\u00e3o entre os interesses dos pa\u00edses representados pelas embaixadas, numa atua\u00e7\u00e3o estritamente comercial, buscando fortalecer as rela\u00e7\u00f5es bilaterais e facilitar o com\u00e9rcio internacional\u201d, ressalta.\u00a0<\/span><\/p>\n<p><b>Tr\u00eas perguntas para <\/b><b>Vanessa Mendon\u00e7a, presidente do Conselho Internacional de Empreendedorismo, Rela\u00e7\u00f5es Governamentais e Interc\u00e2mbio Comercial<\/b><b>:<\/b><\/p>\n<blockquote><p><b>Quais os objetivos do Conselho a curto e a longo prazo?<\/b><\/p><\/blockquote>\n<p><span style=\"font-weight: 400\">Os objetivos a curto prazo incluem estabelecer parcerias estrat\u00e9gicas, enquanto a longo prazo buscamos a expans\u00e3o global das empresas brasileiras.<\/span><\/p>\n<blockquote><p><strong>Quais os projetos que ser\u00e3o implementados?<\/strong><\/p><\/blockquote>\n<p>Projetos como miss\u00f5es comerciais, networking internacional e programas de capacita\u00e7\u00e3o est\u00e3o sendo planejados. Algumas iniciativas j\u00e1 est\u00e3o em andamento, a exemplo de miss\u00f5es comerciais que receberemos nessa pr\u00f3xima semana em Bras\u00edlia. E eventos com temas internacionais que atendam de forma efetiva a demandas dos empres\u00e1rios.<\/p>\n<blockquote><p><b>Por que a atua\u00e7\u00e3o na \u00e1rea de empreendedorismo?\u00a0<\/b><\/p><\/blockquote>\n<p><span style=\"font-weight: 400\">Bras\u00edlia, a capital brasileira, nasceu do empreendedorismo vision\u00e1rio de Juscelino Kubitschek, um s\u00edmbolo do esp\u00edrito audacioso de empreender e criar algo do zero, do nada. Mesmo diante das incertezas, inseguran\u00e7as e desafios inerentes ao processo, o empreendedorismo resplandece como uma for\u00e7a transformadora e inspiradora.\u00a0<\/span><\/p>\n<p><span style=\"font-weight: 400\">Acreditamos firmemente que, seguindo os passos de Juscelino, o Conselho Internacional de Empreendedorismo, Rela\u00e7\u00f5es Governamentais e Interc\u00e2mbio Comercial pode ser um agente catalisador de novas oportunidades, crescimento e desenvolvimento para Bras\u00edlia e para todo o Brasil.<\/span><\/p>\n","protected":false},"excerpt":{"rendered":"<p>Dados apresentados pelo \u00cdndice de Cidades Empreendedoras (ICE), em 2023, indicaram que Bras\u00edlia se tornou uma das cidades mais empreendedoras do Brasil. A pesquisa, desenvolvida pela Escola Nacional de Administra\u00e7\u00e3o P\u00fablica (Enap), pontuou que quatro aspectos estimularam o crescimento da capital no ranking, sendo eles infraestrutura, mercado, cultura empreendedora e o acesso \u00e0 regi\u00e3o. O salto expressivo de Bras\u00edlia, que [&hellip;]<\/p>\n","protected":false},"author":138,"featured_media":425,"comment_status":"open","ping_status":"open","sticky":false,"template":"","format":"standard","meta":{"footnotes":""},"categories":[1],"tags":[],"class_list":["post-424","post","type-post","status-publish","format-standard","has-post-thumbnail","hentry","category-sem-categoria"],"_links":{"self":[{"href":"https:\/\/blogs.correiobraziliense.com.br\/marcas-e-negocios\/wp-json\/wp\/v2\/posts\/424","targetHints":{"allow":["GET"]}}],"collection":[{"href":"https:\/\/blogs.correiobraziliense.com.br\/marcas-e-negocios\/wp-json\/wp\/v2\/posts"}],"about":[{"href":"https:\/\/blogs.correiobraziliense.com.br\/marcas-e-negocios\/wp-json\/wp\/v2\/types\/post"}],"author":[{"embeddable":true,"href":"https:\/\/blogs.correiobraziliense.com.br\/marcas-e-negocios\/wp-json\/wp\/v2\/users\/138"}],"replies":[{"embeddable":true,"href":"https:\/\/blogs.correiobraziliense.com.br\/marcas-e-negocios\/wp-json\/wp\/v2\/comments?post=424"}],"version-history":[{"count":3,"href":"https:\/\/blogs.correiobraziliense.com.br\/marcas-e-negocios\/wp-json\/wp\/v2\/posts\/424\/revisions"}],"predecessor-version":[{"id":428,"href":"https:\/\/blogs.correiobraziliense.com.br\/marcas-e-negocios\/wp-json\/wp\/v2\/posts\/424\/revisions\/428"}],"wp:featuredmedia":[{"embeddable":true,"href":"https:\/\/blogs.correiobraziliense.com.br\/marcas-e-negocios\/wp-json\/wp\/v2\/media\/425"}],"wp:attachment":[{"href":"https:\/\/blogs.correiobraziliense.com.br\/marcas-e-negocios\/wp-json\/wp\/v2\/media?parent=424"}],"wp:term":[{"taxonomy":"category","embeddable":true,"href":"https:\/\/blogs.correiobraziliense.com.br\/marcas-e-negocios\/wp-json\/wp\/v2\/categories?post=424"},{"taxonomy":"post_tag","embeddable":true,"href":"https:\/\/blogs.correiobraziliense.com.br\/marcas-e-negocios\/wp-json\/wp\/v2\/tags?post=424"}],"curies":[{"name":"wp","href":"https:\/\/api.w.org\/{rel}","templated":true}]}}