{"id":394,"date":"2024-01-27T06:00:28","date_gmt":"2024-01-27T09:00:28","guid":{"rendered":"https:\/\/blogs.correiobraziliense.com.br\/marcas-e-negocios\/?p=394"},"modified":"2024-01-26T18:25:09","modified_gmt":"2024-01-26T21:25:09","slug":"250-mil-bicicletas-vendidas-em-44-anos","status":"publish","type":"post","link":"https:\/\/blogs.correiobraziliense.com.br\/marcas-e-negocios\/2024\/01\/27\/250-mil-bicicletas-vendidas-em-44-anos\/","title":{"rendered":"250 mil bicicletas vendidas em 44 anos"},"content":{"rendered":"<p><span style=\"font-weight: 400\">Em 2022, a Federa\u00e7\u00e3o Metropolitana de Ciclismo do Distrito Federal (FMC-DF) indicou que Bras\u00edlia conta com mais de 1,1 milh\u00e3o de bicicletas e cerca de 500 mil ciclistas ativos. Os dados s\u00e3o significativos e justificam o t\u00edtulo da cidade em possuir a segunda maior malha ciclovi\u00e1ria do Brasil. No ano passado, a regi\u00e3o alcan\u00e7ou os 675 quil\u00f4metros de extens\u00e3o em 30 regi\u00f5es administrativas, ficando atr\u00e1s apenas da cidade de S\u00e3o Paulo, com mais de 700 km.\u00a0<\/span><\/p>\n<p><span style=\"font-weight: 400\">Uma das empresas que contribuiu com o avan\u00e7o da implementa\u00e7\u00e3o de bikes na capital, e consequentemente do aumento das ciclovias, foi a Sportcicle, fundada em 1980. Com quase quatro d\u00e9cadas e meia de atua\u00e7\u00e3o, localizada na 310 Sul, Caio Caltabiano, propriet\u00e1rio da marca especializada em produtos de ciclismo, indica que a loja vendeu aproximadamente 250 mil bicicletas at\u00e9 hoje.\u00a0<\/span><\/p>\n<p><span style=\"font-weight: 400\">&#8220;A Sportcicle foi criada pelo Lu\u00eds Carlos e pelo Jos\u00e9 Carlos Caloi, sobrinhos do Bruno Caloi&#8221;, conta. Importante empres\u00e1rio do pa\u00eds, o Bruno apostou na fabrica\u00e7\u00e3o das bicicletas que, at\u00e9 hoje, levam o seu sobrenome. A empresa esteve entre as dez maiores fabricantes de bikes do mundo nos anos 1980 e 1990.<\/span><\/p>\n<p><span style=\"font-weight: 400\">&#8220;Jos\u00e9 Carlos tinha uma loja no interior de S\u00e3o Paulo e o Lu\u00eds Carlos, que \u00e9 o meu pai, morador de Bras\u00edlia, deu a ideia deles abrirem um empreendimento na cidade. Primeiramente, ela surgiu aqui como concession\u00e1ria Caloi e manteve esse formato por, mais ou menos, 15 anos&#8221;, complementa.<\/span><\/p>\n<p><span style=\"font-weight: 400\">Quando a Sportcicle surgiu, Caio ainda cursava a Universidade de Bras\u00edlia (UnB). Aos poucos, foi se familiarizando com os processos da loja para, em 1988, assumi-la por completo. Na avalia\u00e7\u00e3o do empreendedor, o segmento evoluiu bastante desde a \u00e9poca em que as opera\u00e7\u00f5es iniciaram no DF.<\/span><\/p>\n<p><span style=\"font-weight: 400\">&#8220;Naquele tempo, a bicicleta era uma coisa muito simples e n\u00e3o tinha sofistica\u00e7\u00e3o. O mercado brasileiro tamb\u00e9m n\u00e3o conseguia muita bicicleta importada. O sonho de consumo era uma Caloi. No entanto, o setor evoluiu demais, tanto para o lado esportivo quanto para o lado do lazer. Hoje em dia, o ciclismo \u00e9 um esporte muito difundido no mundo, ent\u00e3o, as ind\u00fastrias buscam aplicar novidades tecnol\u00f3gicas, como c\u00e2mbios eletr\u00f4nicos e, agora, at\u00e9 mesmo bicicletas el\u00e9tricas\u201d, destaca.\u00a0<\/span><\/p>\n<p><span style=\"font-weight: 400\">Acompanhando as tend\u00eancias do mercado, a Sportcicle se tornou uma op\u00e7\u00e3o natural para os brasilienses que buscam novidades para pedalar, o que a consolidou como uma loja tradicional para artigos cicl\u00edsticos.\u00a0<\/span><\/p>\n<p><span style=\"font-weight: 400\">&#8220;Estamos h\u00e1 44 anos no cora\u00e7\u00e3o da cidade. Hoje, n\u00f3s estamos atendendo os bisnetos dos primeiros clientes. A gente est\u00e1 presente, envelhecendo com os clientes e amigos. Acredito que isso traz o reconhecimento da loja para a cidade. N\u00e3o h\u00e1 tantas empresas em Bras\u00edlia com uma idade grande, sendo t\u00e3o reconhecida&#8221;, ressalta.<\/span><\/p>\n<p><span style=\"font-weight: 400\">Com um p\u00fablico fiel, os clientes da Sportcicle t\u00eam acesso a uma variedade de produtos e servi\u00e7os na loja. \u201cAl\u00e9m de termos uma oficina muito bem equipada, trabalhamos com bicicletas e equipamentos mais sofisticados. A loja tamb\u00e9m oferece um Bike Fit (processo voltado ao ajuste da bicicleta ao corpo do ciclista para trazer conforto e desempenho), que \u00e9 um est\u00fadio super bem equipado com os melhores equipamentos e que conta com o profissional mais renomado do Brasil, o Marcelo Rocha\u201d, informa.\u00a0<\/span><\/p>\n<p><span style=\"font-weight: 400\">Segundo Caio, tamb\u00e9m \u00e9 realizada consultoria aos clientes na hora de comprar. \u201cMuitos clientes compram, porque acham bonito e, no dia seguinte, est\u00e3o reclamando do conforto. Ent\u00e3o, a gente tenta consertar isso antes de vender para o cliente n\u00e3o passar por essa situa\u00e7\u00e3o\u201d, pontua.\u00a0<\/span><\/p>\n<p><b>Para todas as idades<\/b><\/p>\n<p><span style=\"font-weight: 400\">Com um portf\u00f3lio pensado para atender desde o p\u00fablico infantil at\u00e9 o adulto, a Sportcicle \u00e9 destinada a diferentes nichos. Seja a lazer ou para atletas profissionais, a loja atua para suprir todas as necessidades do seu p\u00fablico.\u00a0<\/span><\/p>\n<p><span style=\"font-weight: 400\">\u201cSomos uma \u00f3tima op\u00e7\u00e3o para os atletas profissionais, sejam eles do ciclismo, de <\/span><i><span style=\"font-weight: 400\">mountain bike<\/span><\/i><span style=\"font-weight: 400\"> ou de modalidades el\u00e9tricas, que est\u00e3o crescendo no mercado. J\u00e1 para quem deseja come\u00e7ar a pedalar, a loja tamb\u00e9m tem a preocupa\u00e7\u00e3o em oferecer uma grande linha infantil, porque acreditamos que as coisas come\u00e7am na inf\u00e2ncia\u201d, indica.<\/span><\/p>\n<p><b>Tr\u00eas perguntas para <\/b><b>Caio Caltabiano, propriet\u00e1rio da Sportcicle:<\/b><\/p>\n<blockquote><p><b>Quais s\u00e3o os diferenciais da Sportcicle?\u00a0<\/b><\/p><\/blockquote>\n<p><span style=\"font-weight: 400\">A gente trabalha com a marca mais desejada do mundo, que \u00e9 a Specialized. O mundo inteiro conhece e aprecia, especialmente por ser campe\u00e3 nas grandes provas do mundo. \u00c9 totalmente diferenciada. Quem gosta desse produto, procura a gente, pois somos os representantes na cidade.\u00a0<\/span><\/p>\n<blockquote><p><b>Como s\u00e3o feitas as sele\u00e7\u00f5es dos produtos que s\u00e3o vendidos na loja?<\/b><\/p><\/blockquote>\n<p><span style=\"font-weight: 400\">N\u00f3s pensamos, justamente, em oferecer para o cliente um produto de \u00f3tima qualidade que n\u00e3o seja t\u00e3o caro, com um custo-benef\u00edcio interessante. Isso \u00e9 uma preocupa\u00e7\u00e3o verdadeira, porque eu poderia trabalhar com v\u00e1rias outras marcas e produtos, itens que a gente n\u00e3o considera interessante. No entanto, optamos por trabalhar com uma marca de qualidade e, por essa raz\u00e3o, sempre falamos para os nossos clientes: <\/span><i><span style=\"font-weight: 400\">\u201cpodem confiar que voc\u00eas est\u00e3o muito bem servidos\u201d<\/span><\/i><span style=\"font-weight: 400\">.\u00a0\u00a0<\/span><\/p>\n<blockquote><p><b>Quais foram os momentos mais marcantes para a Sportcicle?\u00a0<\/b><\/p><\/blockquote>\n<p><span style=\"font-weight: 400\">Acredito que o momento mais marcante da vida da loja foi na era do in\u00edcio do triathlon em Bras\u00edlia, onde n\u00f3s patrocinamos dezenas de provas. Nessa \u00e9poca, nasceram os grandes triatletas de Bras\u00edlia: Leandro Macedo, Alexandre Manzan e Mariana Ohata, por exemplo. Isso foi algo marcante, porque a gente sente que participou da cria\u00e7\u00e3o desses atletas de renome.<\/span><\/p>\n","protected":false},"excerpt":{"rendered":"<p>Em 2022, a Federa\u00e7\u00e3o Metropolitana de Ciclismo do Distrito Federal (FMC-DF) indicou que Bras\u00edlia conta com mais de 1,1 milh\u00e3o de bicicletas e cerca de 500 mil ciclistas ativos. Os dados s\u00e3o significativos e justificam o t\u00edtulo da cidade em possuir a segunda maior malha ciclovi\u00e1ria do Brasil. No ano passado, a regi\u00e3o alcan\u00e7ou os 675 quil\u00f4metros de extens\u00e3o em [&hellip;]<\/p>\n","protected":false},"author":138,"featured_media":395,"comment_status":"open","ping_status":"open","sticky":false,"template":"","format":"standard","meta":{"footnotes":""},"categories":[1],"tags":[],"class_list":["post-394","post","type-post","status-publish","format-standard","has-post-thumbnail","hentry","category-sem-categoria"],"_links":{"self":[{"href":"https:\/\/blogs.correiobraziliense.com.br\/marcas-e-negocios\/wp-json\/wp\/v2\/posts\/394","targetHints":{"allow":["GET"]}}],"collection":[{"href":"https:\/\/blogs.correiobraziliense.com.br\/marcas-e-negocios\/wp-json\/wp\/v2\/posts"}],"about":[{"href":"https:\/\/blogs.correiobraziliense.com.br\/marcas-e-negocios\/wp-json\/wp\/v2\/types\/post"}],"author":[{"embeddable":true,"href":"https:\/\/blogs.correiobraziliense.com.br\/marcas-e-negocios\/wp-json\/wp\/v2\/users\/138"}],"replies":[{"embeddable":true,"href":"https:\/\/blogs.correiobraziliense.com.br\/marcas-e-negocios\/wp-json\/wp\/v2\/comments?post=394"}],"version-history":[{"count":1,"href":"https:\/\/blogs.correiobraziliense.com.br\/marcas-e-negocios\/wp-json\/wp\/v2\/posts\/394\/revisions"}],"predecessor-version":[{"id":396,"href":"https:\/\/blogs.correiobraziliense.com.br\/marcas-e-negocios\/wp-json\/wp\/v2\/posts\/394\/revisions\/396"}],"wp:featuredmedia":[{"embeddable":true,"href":"https:\/\/blogs.correiobraziliense.com.br\/marcas-e-negocios\/wp-json\/wp\/v2\/media\/395"}],"wp:attachment":[{"href":"https:\/\/blogs.correiobraziliense.com.br\/marcas-e-negocios\/wp-json\/wp\/v2\/media?parent=394"}],"wp:term":[{"taxonomy":"category","embeddable":true,"href":"https:\/\/blogs.correiobraziliense.com.br\/marcas-e-negocios\/wp-json\/wp\/v2\/categories?post=394"},{"taxonomy":"post_tag","embeddable":true,"href":"https:\/\/blogs.correiobraziliense.com.br\/marcas-e-negocios\/wp-json\/wp\/v2\/tags?post=394"}],"curies":[{"name":"wp","href":"https:\/\/api.w.org\/{rel}","templated":true}]}}