{"id":375,"date":"2023-12-27T10:23:40","date_gmt":"2023-12-27T13:23:40","guid":{"rendered":"https:\/\/blogs.correiobraziliense.com.br\/marcas-e-negocios\/?p=375"},"modified":"2023-12-27T10:23:40","modified_gmt":"2023-12-27T13:23:40","slug":"pioneiro-como-hub-de-negocios","status":"publish","type":"post","link":"https:\/\/blogs.correiobraziliense.com.br\/marcas-e-negocios\/2023\/12\/27\/pioneiro-como-hub-de-negocios\/","title":{"rendered":"Pioneiro como hub de neg\u00f3cios"},"content":{"rendered":"<p><span style=\"font-weight: 400\">De acordo com a Confedera\u00e7\u00e3o Nacional de Dirigentes Lojistas (CNDL) e o Servi\u00e7o de Prote\u00e7\u00e3o ao Cr\u00e9dito (SPC Brasil), mais de 132,9 milh\u00f5es de consumidores ir\u00e3o movimentar o Natal deste ano. O estudo, realizado em parceria com a Offerwise Pesquisas, indicou que o varejo possui a expectativa de injetar R$ 74,6 bilh\u00f5es na economia.\u00a0<\/span><\/p>\n<p><span style=\"font-weight: 400\">Em Bras\u00edlia, a busca pelo presente ideal ser\u00e1 feita por diversos moradores da regi\u00e3o. Nesse sentido, um dos p\u00f3los comerciais buscados para as compras de fim de ano \u00e9 o Ven\u00e2ncio Shopping, considerado tradicional dentro do varejo da capital e que estima um crescimento em 20% das suas vendas quando comparado a 2022. O empreendimento, inaugurado em 1976, \u00e9 fruto do investimento da fam\u00edlia de Andr\u00e9 e Rafael Ven\u00e2ncio, que atualmente est\u00e3o \u00e0 frente dos neg\u00f3cios.\u00a0<\/span><\/p>\n<p><span style=\"font-weight: 400\">A hist\u00f3ria do <\/span><i><span style=\"font-weight: 400\">mall<\/span><\/i><span style=\"font-weight: 400\"> come\u00e7ou quando Ant\u00f4nio Ven\u00e2ncio da Silva, pai de Andr\u00e9 e Rafael, convidado por Juscelino Kubitschek, chegou a Bras\u00edlia em 1960 para contribuir com o desenvolvimento da cidade. Dezesseis anos depois, sa\u00eda do papel o Ven\u00e2ncio 2000, hoje chamado de Ven\u00e2ncio Shopping. O empreendimento buscou integrar opera\u00e7\u00f5es comerciais e servi\u00e7os essenciais para a cidade.\u00a0<\/span><\/p>\n<p><span style=\"font-weight: 400\">Andr\u00e9 e Rafael, diretores do <\/span><i><span style=\"font-weight: 400\">mall<\/span><\/i><span style=\"font-weight: 400\">, pontuam que, ao longo dos anos, o Ven\u00e2ncio Shopping evoluiu para se adaptar \u00e0s necessidades da sociedade. Os irm\u00e3os destacam que o seu legado perdura como um s\u00edmbolo de pioneirismo ao desenvolvimento econ\u00f4mico e social da regi\u00e3o.\u00a0<\/span><\/p>\n<p><span style=\"font-weight: 400\">\u201cO Ven\u00e2ncio Shopping desempenha um papel que vai al\u00e9m de um centro de compras, \u00e9 um espa\u00e7o onde as pessoas v\u00e3o passear, resolver situa\u00e7\u00f5es do dia a dia ou encontrar os amigos durante <\/span><i><span style=\"font-weight: 400\">happy hour<\/span><\/i><span style=\"font-weight: 400\">, al\u00e9m de fazer suas compras\u201d, informa o diretor Rafael Ven\u00e2ncio. \u201cO empreendimento \u00e9 fundamental para a vitalidade econ\u00f4mica e social da comunidade, ao unir os segmentos de entretenimento com programa\u00e7\u00e3o cultural, varejo e gastronomia\u201d, complementa.<\/span><\/p>\n<p><span style=\"font-weight: 400\">Al\u00e9m disso, com 120 mil m\u00b2 de \u00e1rea, o Ven\u00e2ncio possui um complexo integrado que conta com duas torres. Uma, denominada torre office, abriga salas e lajes corporativas em diversas metragens. A outra \u00e9 onde se encontra o shopping. \u201cNosso empreendimento proporciona oportunidades \u00fanicas para aqueles que buscam empreender, favorecendo o crescimento dos neg\u00f3cios\u201d, indica.\u00a0<\/span><\/p>\n<p><span style=\"font-weight: 400\">Rafael explica que, para isso, as depend\u00eancias do <\/span><i><span style=\"font-weight: 400\">mall<\/span><\/i><span style=\"font-weight: 400\"> foram pensadas para proporcionar aos consumidores um ambiente completo e agrad\u00e1vel para suas necessidades e desejos, al\u00e9m de criar um ecossistema multifuncional e din\u00e2mico.\u00a0<\/span><\/p>\n<p><span style=\"font-weight: 400\">\u201cEstamos atentos ao dia a dia das pessoas que circulam pela \u00e1rea central da cidade e vivem nas proximidades, o complexo agrega uma s\u00e9rie de vantagens e servi\u00e7os essenciais que diferencia o Ven\u00e2ncio Shopping dos demais centros comerciais e shoppings da capital do pa\u00eds\u201d, destaca.\u00a0<\/span><\/p>\n<p><span style=\"font-weight: 400\">Na vis\u00e3o do diretor, esse cuidado possibilita que o shopping se mantenha atualizado no mercado para oferecer os melhores servi\u00e7os e produtos aos consumidores da cidade. Segundo Rafael, as altera\u00e7\u00f5es no comportamento de compra do consumidor e a identifica\u00e7\u00e3o de tend\u00eancias emergentes s\u00e3o dois aspectos que conseguem, por exemplo, auxiliar para a manuten\u00e7\u00e3o do ecossistema consolidado do <\/span><i><span style=\"font-weight: 400\">mall<\/span><\/i><span style=\"font-weight: 400\">.<\/span><\/p>\n<p><span style=\"font-weight: 400\">Para ele, isso tamb\u00e9m envolve a forma\u00e7\u00e3o de parcerias estrat\u00e9gicas, como empresas e organiza\u00e7\u00f5es que estejam na vanguarda das tend\u00eancias locais e at\u00e9 mesmo globais, visto que s\u00e3o aspectos capazes de influenciar tanto o comportamento do consumidor quanto \u00e0s pr\u00e1ticas do varejo.\u00a0<\/span><\/p>\n<p><span style=\"font-weight: 400\">\u201cO investimento em inova\u00e7\u00f5es tecnol\u00f3gicas tamb\u00e9m desempenha um papel fundamental nesse processo. Isso inclui a implementa\u00e7\u00e3o de solu\u00e7\u00f5es como pagamento digital e intelig\u00eancia artificial, com o objetivo de proporcionar uma experi\u00eancia de compra moderna e eficiente\u201d, refor\u00e7a.\u00a0<\/span><\/p>\n<p><b>Tr\u00eas perguntas para <\/b><b>Andr\u00e9 e Rafael Ven\u00e2ncio, diretores do Ven\u00e2ncio Shopping:<\/b><\/p>\n<blockquote><p><b>Por que o Ven\u00e2ncio \u00e9 considerado um hub de neg\u00f3cios?\u00a0<\/b><\/p><\/blockquote>\n<p><b>Rafael Ven\u00e2ncio &#8211;<\/b><span style=\"font-weight: 400\"> Assumidamente multiuso, somos um empreendimento diferente e com localiza\u00e7\u00e3o privilegiada no cora\u00e7\u00e3o de Bras\u00edlia. Somos um hub de neg\u00f3cios, onde unificamos o varejo e a maior oferta de servi\u00e7os essenciais da cidade que tem surpreendido a quem chega para visit\u00e1-lo. Al\u00e9m das marcas renomadas do varejo, concentramos mais servi\u00e7os complementares para compor uma oferta de solu\u00e7\u00f5es que atenda \u00e0 rotina e ao cotidiano dos nossos clientes.\u00a0<\/span><\/p>\n<blockquote><p><b>Quais os maiores desafios em gerir um shopping?<\/b><\/p><\/blockquote>\n<p><b>Andr\u00e9 Ven\u00e2ncio &#8211;<\/b><span style=\"font-weight: 400\"> Gerir um shopping \u00e9 uma tarefa complexa e desafiadora, que envolve diversos aspectos. Entre os maiores desafios que enfrentamos na gest\u00e3o do shopping, destacamos as adapta\u00e7\u00f5es \u00e0s mudan\u00e7as de mercado, aprimorar cada vez mais a experi\u00eancia do cliente e acompanhar a inova\u00e7\u00e3o tecnol\u00f3gica que acontece de forma r\u00e1pida. Al\u00e9m de promover a gest\u00e3o de locat\u00e1rios gerenciando as demandas e expectativas individuais e promover a melhor seguran\u00e7a e infraestrutura poss\u00edvel. Estamos comprometidos em superar esses desafios por meio de uma gest\u00e3o proativa, inova\u00e7\u00e3o constante e colabora\u00e7\u00e3o estreita com nossos parceiros e a comunidade local.\u00a0<\/span><\/p>\n<blockquote><p><b>De que forma o Ven\u00e2ncio busca integrar a sua atua\u00e7\u00e3o on-line e off-line?\u00a0<\/b><\/p><\/blockquote>\n<p><b>Andr\u00e9 Ven\u00e2ncio &#8211; <\/b><span style=\"font-weight: 400\">O shopping busca integrar sua atua\u00e7\u00e3o on-line e off-line atrav\u00e9s de estrat\u00e9gias que promovem uma experi\u00eancia omnicanal, ou seja, uma integra\u00e7\u00e3o de nossos canais para os consumidores. Isso inclui a implementa\u00e7\u00e3o de plataformas digitais e eventos h\u00edbridos, que conectam o espa\u00e7o f\u00edsico e virtual. Essas iniciativas visam criar uma sinergia entre os ambientes digital e f\u00edsico, proporcionando conveni\u00eancia, personaliza\u00e7\u00e3o e engajamento cont\u00ednuo para os consumidores.<\/span><\/p>\n","protected":false},"excerpt":{"rendered":"<p>De acordo com a Confedera\u00e7\u00e3o Nacional de Dirigentes Lojistas (CNDL) e o Servi\u00e7o de Prote\u00e7\u00e3o ao Cr\u00e9dito (SPC Brasil), mais de 132,9 milh\u00f5es de consumidores ir\u00e3o movimentar o Natal deste ano. O estudo, realizado em parceria com a Offerwise Pesquisas, indicou que o varejo possui a expectativa de injetar R$ 74,6 bilh\u00f5es na economia.\u00a0 Em Bras\u00edlia, a busca pelo presente [&hellip;]<\/p>\n","protected":false},"author":138,"featured_media":376,"comment_status":"open","ping_status":"open","sticky":false,"template":"","format":"standard","meta":{"footnotes":""},"categories":[1],"tags":[],"class_list":["post-375","post","type-post","status-publish","format-standard","has-post-thumbnail","hentry","category-sem-categoria"],"_links":{"self":[{"href":"https:\/\/blogs.correiobraziliense.com.br\/marcas-e-negocios\/wp-json\/wp\/v2\/posts\/375","targetHints":{"allow":["GET"]}}],"collection":[{"href":"https:\/\/blogs.correiobraziliense.com.br\/marcas-e-negocios\/wp-json\/wp\/v2\/posts"}],"about":[{"href":"https:\/\/blogs.correiobraziliense.com.br\/marcas-e-negocios\/wp-json\/wp\/v2\/types\/post"}],"author":[{"embeddable":true,"href":"https:\/\/blogs.correiobraziliense.com.br\/marcas-e-negocios\/wp-json\/wp\/v2\/users\/138"}],"replies":[{"embeddable":true,"href":"https:\/\/blogs.correiobraziliense.com.br\/marcas-e-negocios\/wp-json\/wp\/v2\/comments?post=375"}],"version-history":[{"count":1,"href":"https:\/\/blogs.correiobraziliense.com.br\/marcas-e-negocios\/wp-json\/wp\/v2\/posts\/375\/revisions"}],"predecessor-version":[{"id":377,"href":"https:\/\/blogs.correiobraziliense.com.br\/marcas-e-negocios\/wp-json\/wp\/v2\/posts\/375\/revisions\/377"}],"wp:featuredmedia":[{"embeddable":true,"href":"https:\/\/blogs.correiobraziliense.com.br\/marcas-e-negocios\/wp-json\/wp\/v2\/media\/376"}],"wp:attachment":[{"href":"https:\/\/blogs.correiobraziliense.com.br\/marcas-e-negocios\/wp-json\/wp\/v2\/media?parent=375"}],"wp:term":[{"taxonomy":"category","embeddable":true,"href":"https:\/\/blogs.correiobraziliense.com.br\/marcas-e-negocios\/wp-json\/wp\/v2\/categories?post=375"},{"taxonomy":"post_tag","embeddable":true,"href":"https:\/\/blogs.correiobraziliense.com.br\/marcas-e-negocios\/wp-json\/wp\/v2\/tags?post=375"}],"curies":[{"name":"wp","href":"https:\/\/api.w.org\/{rel}","templated":true}]}}