{"id":338,"date":"2023-09-30T06:00:21","date_gmt":"2023-09-30T09:00:21","guid":{"rendered":"https:\/\/blogs.correiobraziliense.com.br\/marcas-e-negocios\/?p=338"},"modified":"2023-09-29T11:52:01","modified_gmt":"2023-09-29T14:52:01","slug":"um-espaco-com-mil-possibilidades-para-eventos","status":"publish","type":"post","link":"https:\/\/blogs.correiobraziliense.com.br\/marcas-e-negocios\/2023\/09\/30\/um-espaco-com-mil-possibilidades-para-eventos\/","title":{"rendered":"Um espa\u00e7o com mil possibilidades para eventos"},"content":{"rendered":"<p><span style=\"font-weight: 400\">\u00danico e m\u00faltiplo s\u00e3o os adjetivos utilizados no slogan do Centro Internacional de Conven\u00e7\u00f5es do Brasil (CICB). Os termos buscam fazer refer\u00eancia ao espa\u00e7o, localizado no Setor de Clubes Esportivos Sul. A constru\u00e7\u00e3o, realizada em 2011, deu origem a um dos maiores ambientes da Am\u00e9rica Latina para a realiza\u00e7\u00e3o de eventos de diferentes nichos e formatos.\u00a0<\/span><\/p>\n<p><span style=\"font-weight: 400\">\u201cPara poder competir com os grandes centros de conven\u00e7\u00f5es de S\u00e3o Paulo e Rio de Janeiro, o centro de conven\u00e7\u00f5es deveria possuir atributos estruturais, facilidades e qualidade de servi\u00e7os diferenciada. Assim, cada detalhe foi pensado e v\u00e1rias solu\u00e7\u00f5es foram planejadas pelo grupo t\u00e9cnico respons\u00e1vel pela obra e pelo produto CICB, que tamb\u00e9m visitou outros empreendimentos e consultou v\u00e1rios especialistas no setor\u201d, explica <\/span><span style=\"font-weight: 400\">Marcos Cumagai, conselheiro do Cons\u00f3rcio Capital, que administra o CICB.<\/span><\/p>\n<p><span style=\"font-weight: 400\">Com 135 salas distribu\u00eddas em cinco pisos que permitem acomodar aproximadamente 20 mil pessoas sentadas, o CICB soma mais de mil reuni\u00f5es, confer\u00eancias, congressos e diferentes tipos de ocasi\u00f5es. Segundo Cumagai, a robustez do estabelecimento permite a implementa\u00e7\u00e3o de eventos variados e que atinjam p\u00fablicos diversificados.\u00a0<\/span><\/p>\n<p><span style=\"font-weight: 400\">\u201cUm atributo bastante importante no que diz respeito \u00e0 estrutura \u00e9 a modularidade das salas, que permite rapidamente configurar e reconfigurar ao ambientes em diferentes layouts (arruma\u00e7\u00e3o de salas e espa\u00e7os), incluindo diferentes tipos de eventos, desde uma plen\u00e1ria para cinco mil pessoas em uma confer\u00eancia com 60 salas de palestras\/simp\u00f3sios cient\u00edficos, a 10 quadras para a pr\u00e1tica de esporte \u2018indoor\u2019, como foi o caso recente dos Grand Slam Internacional de Jud\u00f4, em 2019; e Jogos Universit\u00e1rios Brasileiros (JUBS), em 2022\u201d, indica.\u00a0<\/span><\/p>\n<p><span style=\"font-weight: 400\">Segundo Marcos Cumagai, cada evento pode ser feito de forma customizada e individual, desde o acesso ao estacionamento, \u00e1reas de credenciamento e entradas \u00e0s salas de eventos. Cumagai explica que, na pr\u00e1tica, tudo pode ser separado de forma a oferecer privacidade a cada cliente e aos participantes dos eventos.\u00a0<\/span><\/p>\n<p><span style=\"font-weight: 400\">\u201cTamb\u00e9m contamos grandes audit\u00f3rios que possuem p\u00e9 direito de variando de seis a dez metros, ilumina\u00e7\u00e3o natural, jardins e grandes \u00e1reas verdes, espa\u00e7os de \u2018descompress\u00e3o\u2019, restaurantes, cozinha industrial e cozinhas de distribui\u00e7\u00e3o e apoio totalmente equipadas, com capacidade de produ\u00e7\u00e3o de sei mil refei\u00e7\u00f5es a cada 30 minutos, que oferecem ainda, a possibilidade de v\u00e1rios fornecedores de alimenta\u00e7\u00e3o trabalhando simultaneamente para atender a diversos eventos\u201d, conta.<\/span><\/p>\n<p><span style=\"font-weight: 400\">Al\u00e9m de todo o espa\u00e7o destinado \u00e0 realiza\u00e7\u00e3o dos eventos, o CICB ainda incluiu na sua estrutura uma usina para garantir o fornecimento de energia e redund\u00e2ncia para total seguran\u00e7a dos clientes e do p\u00fablico. \u201cPara deixar o nosso espa\u00e7o mais completo, dispomos de internet de alt\u00edssima qualidade; ar condicionado com dupla filtragem em todos os ambientes, garantindo o conforto t\u00e9rmico; e divis\u00f3rias ac\u00fasticas a prova de vazamentos de som. Esses atributos trazem o reconhecimento do mercado ao CICB\u201d, informa.\u00a0<\/span><\/p>\n<p><span style=\"font-weight: 400\">Aspectos voltados \u00e0 sustentabilidade tamb\u00e9m fazem diferen\u00e7a para o centro de conven\u00e7\u00f5es. De acordo com Cumagai, toda a energia consumida no CICB \u00e9 gerada por fontes renov\u00e1veis com certificado internacional de energia renov\u00e1vel. Al\u00e9m disso, o lixo org\u00e2nico produzido pela cozinha de produ\u00e7\u00e3o e o consumo dos restaurantes s\u00e3o depositados na usina de compostagem instalada no espa\u00e7o, produzindo adubo org\u00e2nico.\u00a0<\/span><\/p>\n<p><b>Mercado de eventos<\/b><\/p>\n<p>E<span style=\"font-weight: 400\">m 10 anos de opera\u00e7\u00e3o, o CICB j\u00e1 sediou mais de mil eventos. Para Cumagai, Bras\u00edlia, tem condi\u00e7\u00f5es de ser reconhecida como a capital dos eventos no Brasil, sobretudo dos grandes congressos e f\u00f3runs organizados por diferentes entidades do mercado associativo.<\/span><\/p>\n<p><span style=\"font-weight: 400\">\u201cBras\u00edlia possui uma localiza\u00e7\u00e3o estrat\u00e9gica. Nosso aeroporto, que al\u00e9m da envergadura e qualidade, se transformou em um grande hub a\u00e9reo para todo o Brasil. A log\u00edstica da cidade \u00e9 muito positiva, onde, em 15 minutos, voc\u00ea consegue se deslocar dos setores hoteleiros aos principais pontos tur\u00edsticos, centros de conven\u00e7\u00f5es e do Plano Piloto\u201d, avalia.\u00a0<\/span><\/p>\n<p><b>Tr\u00eas perguntas para <\/b><b>Marcos Cumagai, conselheiro do Cons\u00f3rcio Capital, que administra o CICB<\/b><b>:<\/b><\/p>\n<blockquote><p><b>Qual a import\u00e2ncia do Centro Internacional de Conven\u00e7\u00f5es do Brasil (CICB) para o DF?<\/b><\/p><\/blockquote>\n<p><span style=\"font-weight: 400\">Acreditamos que o CICB contribuiu para a reinser\u00e7\u00e3o de Bras\u00edlia no circuito dos grandes eventos e congressos nacionais e internacionais, contribuindo tamb\u00e9m para a amplia\u00e7\u00e3o e diversifica\u00e7\u00e3o de todo o setor no Distrito Federal, impactando positivamente \u00e0 hotelaria, restaurantes, setor de transportes e log\u00edstica e o lazer.<\/span><\/p>\n<blockquote><p><b>Por que o ambiente se tornou um espa\u00e7o tradicional em Bras\u00edlia para a realiza\u00e7\u00e3o de eventos?<\/b><\/p><\/blockquote>\n<p><span style=\"font-weight: 400\">O CICB hoje \u00e9 reconhecido por v\u00e1rios segmentos de neg\u00f3cio como o principal, sen\u00e3o o melhor centro de conven\u00e7\u00f5es do Brasil para reuni\u00f5es, f\u00f3runs, grandes confer\u00eancias, conven\u00e7\u00f5es e congressos. Esse reconhecimento \u00e9 significativo e importante porque vem diretamente dos clientes, dos meios especializados do setor de turismo e eventos, incluindo associa\u00e7\u00f5es de classe.<\/span><\/p>\n<blockquote><p><b>De que forma o CICB aposta em tecnologia e inova\u00e7\u00e3o no seu espa\u00e7o?\u00a0<\/b><\/p><\/blockquote>\n<p><span style=\"font-weight: 400\">O CICB investe significativamente em automa\u00e7\u00e3o, processos e sistemas. O time de gest\u00e3o acompanha \u201con-line\u201d e em tempo real cada movimento, desde o primeiro contato com o cliente at\u00e9 a capta\u00e7\u00e3o, contrata\u00e7\u00e3o do evento, passando por sua realiza\u00e7\u00e3o e gest\u00e3o financeira administrativa. Com isso, praticamente todos os processos foram automatizados, obtendo agilidade, informa\u00e7\u00e3o \u00fanica e controle administrativo e financeiro das nossas opera\u00e7\u00f5es.<\/span><\/p>\n","protected":false},"excerpt":{"rendered":"<p>\u00danico e m\u00faltiplo s\u00e3o os adjetivos utilizados no slogan do Centro Internacional de Conven\u00e7\u00f5es do Brasil (CICB). Os termos buscam fazer refer\u00eancia ao espa\u00e7o, localizado no Setor de Clubes Esportivos Sul. A constru\u00e7\u00e3o, realizada em 2011, deu origem a um dos maiores ambientes da Am\u00e9rica Latina para a realiza\u00e7\u00e3o de eventos de diferentes nichos e formatos.\u00a0 \u201cPara poder competir com [&hellip;]<\/p>\n","protected":false},"author":138,"featured_media":339,"comment_status":"open","ping_status":"open","sticky":false,"template":"","format":"standard","meta":{"footnotes":""},"categories":[1],"tags":[],"class_list":["post-338","post","type-post","status-publish","format-standard","has-post-thumbnail","hentry","category-sem-categoria"],"_links":{"self":[{"href":"https:\/\/blogs.correiobraziliense.com.br\/marcas-e-negocios\/wp-json\/wp\/v2\/posts\/338","targetHints":{"allow":["GET"]}}],"collection":[{"href":"https:\/\/blogs.correiobraziliense.com.br\/marcas-e-negocios\/wp-json\/wp\/v2\/posts"}],"about":[{"href":"https:\/\/blogs.correiobraziliense.com.br\/marcas-e-negocios\/wp-json\/wp\/v2\/types\/post"}],"author":[{"embeddable":true,"href":"https:\/\/blogs.correiobraziliense.com.br\/marcas-e-negocios\/wp-json\/wp\/v2\/users\/138"}],"replies":[{"embeddable":true,"href":"https:\/\/blogs.correiobraziliense.com.br\/marcas-e-negocios\/wp-json\/wp\/v2\/comments?post=338"}],"version-history":[{"count":1,"href":"https:\/\/blogs.correiobraziliense.com.br\/marcas-e-negocios\/wp-json\/wp\/v2\/posts\/338\/revisions"}],"predecessor-version":[{"id":340,"href":"https:\/\/blogs.correiobraziliense.com.br\/marcas-e-negocios\/wp-json\/wp\/v2\/posts\/338\/revisions\/340"}],"wp:featuredmedia":[{"embeddable":true,"href":"https:\/\/blogs.correiobraziliense.com.br\/marcas-e-negocios\/wp-json\/wp\/v2\/media\/339"}],"wp:attachment":[{"href":"https:\/\/blogs.correiobraziliense.com.br\/marcas-e-negocios\/wp-json\/wp\/v2\/media?parent=338"}],"wp:term":[{"taxonomy":"category","embeddable":true,"href":"https:\/\/blogs.correiobraziliense.com.br\/marcas-e-negocios\/wp-json\/wp\/v2\/categories?post=338"},{"taxonomy":"post_tag","embeddable":true,"href":"https:\/\/blogs.correiobraziliense.com.br\/marcas-e-negocios\/wp-json\/wp\/v2\/tags?post=338"}],"curies":[{"name":"wp","href":"https:\/\/api.w.org\/{rel}","templated":true}]}}