{"id":331,"date":"2023-09-16T06:00:44","date_gmt":"2023-09-16T09:00:44","guid":{"rendered":"https:\/\/blogs.correiobraziliense.com.br\/marcas-e-negocios\/?p=331"},"modified":"2023-09-15T17:55:08","modified_gmt":"2023-09-15T20:55:08","slug":"fortalecendo-o-empreendedorismo-jovem","status":"publish","type":"post","link":"https:\/\/blogs.correiobraziliense.com.br\/marcas-e-negocios\/2023\/09\/16\/fortalecendo-o-empreendedorismo-jovem\/","title":{"rendered":"Fortalecendo o empreendedorismo jovem"},"content":{"rendered":"<p><span style=\"font-weight: 400\">Completando 25 anos de atua\u00e7\u00e3o, a <\/span><span style=\"font-weight: 400\">C\u00e2mara de Dirigentes Lojistas Jovem do Distrito Federal (CDL Jovem-DF)<\/span><span style=\"font-weight: 400\"> \u00e9 respons\u00e1vel por desenvolver novos l\u00edderes e fomentar o empreendedorismo jovem na capital. Buscando fortalecer o esp\u00edrito empreendedor e atualizar os membros associados sobre tend\u00eancias e inova\u00e7\u00f5es do mercado, a entidade promove f\u00f3rum de discuss\u00f5es e aposta na imers\u00e3o de experi\u00eancias a partir de reuni\u00f5es regulares, palestras, semin\u00e1rios e eventos.<\/span><\/p>\n<p><span style=\"font-weight: 400\">Segundo o coordenador geral Hugo Leite, por meio da CDL Jovem-DF, \u00e9 poss\u00edvel apresentar ferramentas de sucesso para o neg\u00f3cio a partir da avalia\u00e7\u00e3o das dores desse segmento. De acordo com o coordenador geral, essa tratativa, por ser espec\u00edfica do nicho, possibilita a implementa\u00e7\u00e3o de <\/span><span style=\"font-weight: 400\">um ambiente de neg\u00f3cios melhor e o fortalecimento do empreendedorismo em uma cidade onde predomina o funcionalismo p\u00fablico.<\/span><\/p>\n<p><span style=\"font-weight: 400\">Na avalia\u00e7\u00e3o do coordenador, esse setor \u00e9 vital para a sociedade e, por isso, precisa de suporte para o seu desenvolvimento. \u201cO empreendedorismo gera emprego e renda. Atende de maneira mais espec\u00edfica a demanda do consumidor, cria uma conex\u00e3o empresarial que gera benef\u00edcios para aquela regi\u00e3o. Onde tem um empreendimento, tem infraestrutura e transporte, al\u00e9m de agregar valor para a localidade e afastar a criminalidade\u201d, indica.\u00a0<\/span><\/p>\n<p><span style=\"font-weight: 400\">Hugo ressalta que uma das iniciativas da entidade \u00e9, justamente, promover o segmento para que a popula\u00e7\u00e3o compreenda a import\u00e2ncia do empreendedorismo. \u201c\u00c9 um setor muito importante e trabalhamos para que a sociedade perceba isso, para que as pol\u00edticas p\u00fablicas levem em considera\u00e7\u00e3o os benef\u00edcios de curto, m\u00e9dio e longo prazo que a \u00e1rea promove para a sociedade na hora de pensar os investimentos e de ofertar linhas de cr\u00e9dito e fomento\u201d, diz.\u00a0<\/span><\/p>\n<p><span style=\"font-weight: 400\">Para auxiliar no desenvolvimento do empreendedorismo na cidade, Hugo informa que a CDL Jovem-DF tem atuado com pautas voltadas, especialmente, ao sistema tribut\u00e1rio. O intuito da entidade \u00e9 reduzir a carga e simplificar os tributos para os empres\u00e1rios. \u201cEsse \u00e9 um tema que toca muito profundamente ao empreendedor que est\u00e1 come\u00e7ando e significa uma das causas para que os neg\u00f3cios n\u00e3o sobrevivam. Seja porque o tributo \u00e9 pesado, seja porque o sistema \u00e9 t\u00e3o complexo para quem est\u00e1 come\u00e7ando que se torna oneroso e, muitas vezes, inviabiliza os neg\u00f3cios\u201d, avalia.<\/span><\/p>\n<p><span style=\"font-weight: 400\">Para Hugo, outra pauta importante para a CDL Jovem-DF \u00e9 a inova\u00e7\u00e3o. Fomentar a inova\u00e7\u00e3o, debater e divulgar formas inovadoras para empreender mais, melhor, com mais seguran\u00e7a e entregas mais eficientes do ponto de vista negocial \u00e9 fundamental para a sa\u00fade do varejo. \u201cEm todas as nossas a\u00e7\u00f5es, buscamos trazer discuss\u00f5es, debates e experi\u00eancias que tenham como foco a inova\u00e7\u00e3o\u201d, complementa.\u00a0<\/span><\/p>\n<p><b>Dia Livre de Imposto<\/b><\/p>\n<p><span style=\"font-weight: 400\">Buscando conscientizar a popula\u00e7\u00e3o do DF sobre as altas cargas e a complexidade do sistema tribut\u00e1rio brasileiro, a CDL Jovem-DF promove o Dia Livre de Imposto. &#8220;Os lojistas vendem os produtos sem o valor dos impostos que incidem sobre a mercadoria. Com isso, mostra para a popula\u00e7\u00e3o o quanto ela paga de imposto. A a\u00e7\u00e3o ocorre uma vez por ano, mas h\u00e1, ao longo do ano, uma mobiliza\u00e7\u00e3o entre empres\u00e1rios para conscientiza\u00e7\u00e3o da import\u00e2ncia do tema e com o poder p\u00fablico na busca de alternativas para a redu\u00e7\u00e3o da carga e da complexidade do sistema tribut\u00e1rio\u201d, informa.\u00a0<\/span><\/p>\n<p><span style=\"font-weight: 400\">De acordo com Hugo, a iniciativa do Dia Livre de Imposto come\u00e7ou com a CDL Jovem de Belo Horizonte, em Minas Gerais. \u201cSempre houve uma preocupa\u00e7\u00e3o da C\u00e2mara Nacional de Dirigentes Lojistas, a CNDL, de que a popula\u00e7\u00e3o percebesse o quanto os impostos impactam no valor dos produtos\u201d, complementa.\u00a0<\/span><\/p>\n<p><b>Tr\u00eas perguntas para <\/b><b>Hugo Leite, coordenador geral da C\u00e2mara de Dirigentes Lojistas Jovem do Distrito Federal (CDL Jovem-DF)<\/b><b>:<\/b><\/p>\n<blockquote><p><b>Por que se associar \u00e0 CDL Jovem-DF \u00e9 positivo?\u00a0<\/b><\/p><\/blockquote>\n<p><span style=\"font-weight: 400\">Porque \u00e9 um espa\u00e7o de aprendizado, conhecimento, troca de experi\u00eancia e possibilidade de contar com uma rede de apoio altamente qualificada, que pode tirar d\u00favidas, dar dicas de investimentos e de acesso a cr\u00e9dito, entre outros. Os pr\u00e9-requisitos para ser um associado s\u00e3o: possuir CNPJ no Distrito Federal e ter entre 18 e 40 anos.<\/span><\/p>\n<blockquote><p><b>Nesses 25 anos de atua\u00e7\u00e3o, quais os grandes marcos da CDL Jovem-DF?<\/b><\/p><\/blockquote>\n<p><span style=\"font-weight: 400\">Temos muitos, mas, sem d\u00favidas, o Dia Livre de Impostos est\u00e1 entre os nossos grandes marcos. \u00c9 importante para os empres\u00e1rios, visto que muitos n\u00e3o entendem como funciona o sistema tribut\u00e1rio. \u00c9 importante para a sociedade, porque fica mais informada e consciente e d\u00e1 visibilidade para o trabalho dos empres\u00e1rios.\u00a0<\/span><\/p>\n<p><span style=\"font-weight: 400\">O Papo de Empres\u00e1rio tamb\u00e9m \u00e9 um marco importante para n\u00f3s, j\u00e1 entrou no calend\u00e1rio do setor e trouxe grandes nomes do varejo do Distrito Federal.\u00a0 A cada dois meses, na sede da CDL-DF, um empreendedor j\u00e1 consolidado no seu setor para contar sua experi\u00eancia e ouvir, um pouco, os jovens empres\u00e1rios numa troca muito rica.\u00a0<\/span><\/p>\n<blockquote><p><b>Quais as principais dificuldades enfrentadas pelos empreendedores jovens no DF?<\/b><\/p><\/blockquote>\n<p><span style=\"font-weight: 400\">N\u00f3s temos os mesmos problemas que os empreendedores de outras localidades, que s\u00e3o a dificuldade e o custo de cr\u00e9dito para dar in\u00edcio ao neg\u00f3cio, a alta carga tribut\u00e1ria e a sua complexidade, a concorr\u00eancia desleal com os marketplaces que, hoje, s\u00e3o pouco fiscalizados e, com isso, \u00e9 alta a evas\u00e3o fiscal, desequilibrando a concorr\u00eancia com o com\u00e9rcio f\u00edsico, entre outros.\u00a0<\/span><\/p>\n<p><span style=\"font-weight: 400\">Mas esses fatores, que s\u00e3o comuns, demonstram ainda a dificuldade de m\u00e3o de obra. Em Bras\u00edlia, o setor p\u00fablico exerce um apelo grande. Ent\u00e3o, \u00e9 comum que as pessoas queiram ou se submeter a um concurso p\u00fablico ou prestar servi\u00e7o como terceirizados. Isso retira m\u00e3o de obra qualificada do mercado privado e eleva os custos de contrata\u00e7\u00e3o.\u00a0<\/span><\/p>\n","protected":false},"excerpt":{"rendered":"<p>Completando 25 anos de atua\u00e7\u00e3o, a C\u00e2mara de Dirigentes Lojistas Jovem do Distrito Federal (CDL Jovem-DF) \u00e9 respons\u00e1vel por desenvolver novos l\u00edderes e fomentar o empreendedorismo jovem na capital. Buscando fortalecer o esp\u00edrito empreendedor e atualizar os membros associados sobre tend\u00eancias e inova\u00e7\u00f5es do mercado, a entidade promove f\u00f3rum de discuss\u00f5es e aposta na imers\u00e3o de experi\u00eancias a partir de [&hellip;]<\/p>\n","protected":false},"author":138,"featured_media":332,"comment_status":"open","ping_status":"open","sticky":false,"template":"","format":"standard","meta":{"footnotes":""},"categories":[1],"tags":[],"class_list":["post-331","post","type-post","status-publish","format-standard","has-post-thumbnail","hentry","category-sem-categoria"],"_links":{"self":[{"href":"https:\/\/blogs.correiobraziliense.com.br\/marcas-e-negocios\/wp-json\/wp\/v2\/posts\/331","targetHints":{"allow":["GET"]}}],"collection":[{"href":"https:\/\/blogs.correiobraziliense.com.br\/marcas-e-negocios\/wp-json\/wp\/v2\/posts"}],"about":[{"href":"https:\/\/blogs.correiobraziliense.com.br\/marcas-e-negocios\/wp-json\/wp\/v2\/types\/post"}],"author":[{"embeddable":true,"href":"https:\/\/blogs.correiobraziliense.com.br\/marcas-e-negocios\/wp-json\/wp\/v2\/users\/138"}],"replies":[{"embeddable":true,"href":"https:\/\/blogs.correiobraziliense.com.br\/marcas-e-negocios\/wp-json\/wp\/v2\/comments?post=331"}],"version-history":[{"count":1,"href":"https:\/\/blogs.correiobraziliense.com.br\/marcas-e-negocios\/wp-json\/wp\/v2\/posts\/331\/revisions"}],"predecessor-version":[{"id":333,"href":"https:\/\/blogs.correiobraziliense.com.br\/marcas-e-negocios\/wp-json\/wp\/v2\/posts\/331\/revisions\/333"}],"wp:featuredmedia":[{"embeddable":true,"href":"https:\/\/blogs.correiobraziliense.com.br\/marcas-e-negocios\/wp-json\/wp\/v2\/media\/332"}],"wp:attachment":[{"href":"https:\/\/blogs.correiobraziliense.com.br\/marcas-e-negocios\/wp-json\/wp\/v2\/media?parent=331"}],"wp:term":[{"taxonomy":"category","embeddable":true,"href":"https:\/\/blogs.correiobraziliense.com.br\/marcas-e-negocios\/wp-json\/wp\/v2\/categories?post=331"},{"taxonomy":"post_tag","embeddable":true,"href":"https:\/\/blogs.correiobraziliense.com.br\/marcas-e-negocios\/wp-json\/wp\/v2\/tags?post=331"}],"curies":[{"name":"wp","href":"https:\/\/api.w.org\/{rel}","templated":true}]}}