{"id":324,"date":"2023-09-02T06:00:31","date_gmt":"2023-09-02T09:00:31","guid":{"rendered":"https:\/\/blogs.correiobraziliense.com.br\/marcas-e-negocios\/?p=324"},"modified":"2023-09-01T17:02:16","modified_gmt":"2023-09-01T20:02:16","slug":"em-busca-pelo-fortalecimento-do-varejo-no-df","status":"publish","type":"post","link":"https:\/\/blogs.correiobraziliense.com.br\/marcas-e-negocios\/2023\/09\/02\/em-busca-pelo-fortalecimento-do-varejo-no-df\/","title":{"rendered":"Em busca pelo fortalecimento do varejo no DF"},"content":{"rendered":"<p><span style=\"font-weight: 400\">De acordo com o Instituto Brasileiro de Geografia e Estat\u00edstica (IBGE), o volume de vendas do com\u00e9rcio varejista se manteve est\u00e1vel em junho, quando comparado ao m\u00eas anterior. Ap\u00f3s duas quedas consecutivas em maio e abril, os dados trouxeram um respiro para o setor. O levantamento, realizado pela Pesquisa Mensal do Com\u00e9rcio (PMC), acompanha o comportamento conjuntural do segmento em \u00e2mbito nacional.\u00a0<\/span><\/p>\n<p><span style=\"font-weight: 400\">Considerado um setor de grande import\u00e2ncia econ\u00f4mica do Brasil, o varejo tamb\u00e9m possui for\u00e7a significativa em Bras\u00edlia. Para representar os trabalhadores dessa \u00e1rea, a regi\u00e3o conta com o Sindicato do Com\u00e9rcio Varejista do Distrito Federal (Sindivarejista\/DF), que atua em defesa de mais de 30 mil lojistas.\u00a0<\/span><\/p>\n<p><span style=\"font-weight: 400\">Criada em 1970, a entidade tem intuito de lutar pela economia local, visando a gera\u00e7\u00e3o de empregos e renda, al\u00e9m do desenvolvimento e aprimoramento do com\u00e9rcio. Primeiro sindicato patronal aberto na cidade, foi respons\u00e1vel por, anos depois, dar origem \u00e0 Federa\u00e7\u00e3o do Com\u00e9rcio de Bens, Servi\u00e7os e Turismo (Fecom\u00e9rcio\/DF).<\/span><\/p>\n<p><span style=\"font-weight: 400\">\u00c0 frente do Sindivarejista desde 2022, o presidente Sebasti\u00e3o Abritta busca manter permanente contato com autoridades do Governo do Distrito Federal (GDF) e dos Tr\u00eas Poderes para auxiliar na defesa dos temas relacionados ao varejo.\u00a0<\/span><\/p>\n<p><span style=\"font-weight: 400\">\u201cTem-se hoje, passados 53 anos desde a cria\u00e7\u00e3o, um sindicato moderno a servi\u00e7o de seus associados. Na minha gest\u00e3o, desde 2022, estamos indo \u00e0s regi\u00f5es administrativas para ouvir as reivindica\u00e7\u00f5es dos varejistas e oferecer servi\u00e7os nas \u00e1reas de economia e de sa\u00fade, entre outras. A receptividade \u00e9 das mais altas, atestando o acerto da medida\u201d, conta Abritta<\/span><\/p>\n<p><span style=\"font-weight: 400\">Segundo o presidente, ao longo dos \u00faltimos anos, o sindicato ampliou o seu leque de projetos destinados ao com\u00e9rcio e aos empres\u00e1rios da cidade. Nesse sentido, foi criado, por exemplo, consultorias jur\u00eddicas para oferecer suporte jur\u00eddico aos empreendedores.\u00a0<\/span><\/p>\n<p><span style=\"font-weight: 400\">\u201cO Sindivarejista defende micro e pequenas empresas, a quem presta assessoria jur\u00eddica. A Conven\u00e7\u00e3o Coletiva de Trabalho d\u00e1 diretrizes para o funcionamento do com\u00e9rcio sob a manto das leis trabalhistas. O Sindivarejista mant\u00e9m o com\u00e9rcio sempre atualizado quanto \u00e0 aplica\u00e7\u00e3o das leis trabalhistas e tribut\u00e1rias\u201d, explica.\u00a0<\/span><\/p>\n<p><span style=\"font-weight: 400\">Outra iniciativa adotada pelo Sindivarejista, em prol do fomento do setor, envolve a implementa\u00e7\u00e3o do balc\u00e3o de empregos, servi\u00e7o exclusivo para os associados que oferece acesso a um banco de curr\u00edculos que possuem perfis comportamentais programados para corresponder \u00e0s demandas espec\u00edficas dos associados.<\/span><\/p>\n<p><span style=\"font-weight: 400\">\u201cTamb\u00e9m oferecemos aos seus associados descontos de at\u00e9 50% nos pre\u00e7os das mensalidades de institui\u00e7\u00f5es de ensino fundamental, ensino m\u00e9dio, gradua\u00e7\u00e3o e p\u00f3s-gradua\u00e7\u00e3o. Al\u00e9m disso, ainda \u00e9 disponibilizado planos de sa\u00fade e odontol\u00f3gicos para lojistas, funcion\u00e1rios e dependentes que pagam valores abaixo do mercado\u201d, complementa Abritta.<\/span><\/p>\n<p><b>Desempenho do com\u00e9rcio<\/b><\/p>\n<p><span style=\"font-weight: 400\">Segundo Abritta, o varejo precisa ser fortalecido para enfrentar os desafios do dia a dia, a fim de superar empecilhos rumo \u00e0 moderniza\u00e7\u00e3o. O presidente do sindicato indica que o fortalecimento do segmento reflete no desenvolvimento da economia com mais renda e empregos.<\/span><\/p>\n<p><span style=\"font-weight: 400\">\u201cDepois de vencer os obst\u00e1culos impostos pelos dois primeiros anos da pandemia de covid-19, o com\u00e9rcio do DF vem se recuperando gradualmente desde que acabou a fase de lockdown, que determinou o fechamento de grande parte das empresas e que resultou em mais de seis mil demiss\u00f5es em diferentes setores\u201d, ressalta.\u00a0<\/span><\/p>\n<p><b>Tr\u00eas perguntas para Sebasti\u00e3o Abritta, presidente do Sindicato do Com\u00e9rcio Varejista do Distrito Federal (Sindivarejista\/DF):<\/b><\/p>\n<blockquote><p><b>Quais as atuais reivindica\u00e7\u00f5es do sindicato?<\/b><\/p><\/blockquote>\n<p><span style=\"font-weight: 400\">A atualiza\u00e7\u00e3o do Simples Local ao Simples Nacional \u00e9 uma dos principais pleitos do nosso setor. Desejamos, tamb\u00e9m, melhores condi\u00e7\u00f5es de seguran\u00e7a para o com\u00e9rcio de quadras e mais vagas para ve\u00edculos. V\u00e1rios pontos comerciais necessitam de ilumina\u00e7\u00e3o de l\u00e2mpadas LED.<\/span><\/p>\n<p><span style=\"font-weight: 400\">Al\u00e9m disso, o sindicato criou o programa Sindivarejista nas regi\u00f5es administrativas levando at\u00e9 elas assist\u00eancia nas \u00e1reas de sa\u00fade e economia. Pretendemos expandir, ainda neste ano, essa atividade, cuja receptividade foi positiva. Dessa forma, nos dias 16 e 17 de dezembro faremos outra edi\u00e7\u00e3o do programa.<\/span><\/p>\n<blockquote><p><b>Como o sindicato avalia o varejo do Distrito Federal?\u00a0<\/b><\/p><\/blockquote>\n<p><span style=\"font-weight: 400\">Em todo o pa\u00eds, o varejo \u00e9 uma das molas mestras da economia. Somente no Distrito Federal, ele emprega mais de 120 mil pessoas. A capital tem, hoje, cerca de 21 shoppings com excelente n\u00edvel de consumo, notadamente nas datas especiais.<\/span><\/p>\n<p><span style=\"font-weight: 400\">Com esses dados, nosso segmento busca estar em permanente atualiza\u00e7\u00e3o para atender as necessidades dos consumidores da cidade. Nesse \u00e2mbito, destaco que o sindicato acompanha o desenvolvimento da economia <\/span><span style=\"font-weight: 400\">\u2013 <\/span><span style=\"font-weight: 400\">e do varejo em particular <\/span><span style=\"font-weight: 400\">\u2013<\/span><span style=\"font-weight: 400\"> n\u00e3o apenas no DF, como nos outros principais centros de consumo.<\/span><\/p>\n<blockquote><p><b>Como acompanhar as mudan\u00e7as de comportamento do consumidor?\u00a0<\/b><\/p><\/blockquote>\n<p><span style=\"font-weight: 400\">O varejo est\u00e1 atento \u00e0s mudan\u00e7as de comportamento dos consumidores, cada vez mais exigentes. Para acompanhar a evolu\u00e7\u00e3o do consumo, o Sindivarejista firmou parceria com a Universidade de Bras\u00edlia (UnB) e com a Funda\u00e7\u00e3o Getulio Vargas (FGV) para a realiza\u00e7\u00e3o de pesquisas de consumo envolvendo notadamente datas especiais, como Natal, P\u00e1scoa, Dia das M\u00e3es e Dia dos Namorados.\u00a0<\/span><\/p>\n<p><span style=\"font-weight: 400\">Os resultados dos levantamentos s\u00e3o disponibilizados a todos os nossos associados atrav\u00e9s da internet, para que eles se mantenham atualizados e se preparem para as pr\u00f3ximas datas especiais, onde as vendas sempre crescem.<\/span><\/p>\n","protected":false},"excerpt":{"rendered":"<p>De acordo com o Instituto Brasileiro de Geografia e Estat\u00edstica (IBGE), o volume de vendas do com\u00e9rcio varejista se manteve est\u00e1vel em junho, quando comparado ao m\u00eas anterior. Ap\u00f3s duas quedas consecutivas em maio e abril, os dados trouxeram um respiro para o setor. O levantamento, realizado pela Pesquisa Mensal do Com\u00e9rcio (PMC), acompanha o comportamento conjuntural do segmento em [&hellip;]<\/p>\n","protected":false},"author":138,"featured_media":325,"comment_status":"open","ping_status":"open","sticky":false,"template":"","format":"standard","meta":{"footnotes":""},"categories":[1],"tags":[],"class_list":["post-324","post","type-post","status-publish","format-standard","has-post-thumbnail","hentry","category-sem-categoria"],"_links":{"self":[{"href":"https:\/\/blogs.correiobraziliense.com.br\/marcas-e-negocios\/wp-json\/wp\/v2\/posts\/324","targetHints":{"allow":["GET"]}}],"collection":[{"href":"https:\/\/blogs.correiobraziliense.com.br\/marcas-e-negocios\/wp-json\/wp\/v2\/posts"}],"about":[{"href":"https:\/\/blogs.correiobraziliense.com.br\/marcas-e-negocios\/wp-json\/wp\/v2\/types\/post"}],"author":[{"embeddable":true,"href":"https:\/\/blogs.correiobraziliense.com.br\/marcas-e-negocios\/wp-json\/wp\/v2\/users\/138"}],"replies":[{"embeddable":true,"href":"https:\/\/blogs.correiobraziliense.com.br\/marcas-e-negocios\/wp-json\/wp\/v2\/comments?post=324"}],"version-history":[{"count":1,"href":"https:\/\/blogs.correiobraziliense.com.br\/marcas-e-negocios\/wp-json\/wp\/v2\/posts\/324\/revisions"}],"predecessor-version":[{"id":326,"href":"https:\/\/blogs.correiobraziliense.com.br\/marcas-e-negocios\/wp-json\/wp\/v2\/posts\/324\/revisions\/326"}],"wp:featuredmedia":[{"embeddable":true,"href":"https:\/\/blogs.correiobraziliense.com.br\/marcas-e-negocios\/wp-json\/wp\/v2\/media\/325"}],"wp:attachment":[{"href":"https:\/\/blogs.correiobraziliense.com.br\/marcas-e-negocios\/wp-json\/wp\/v2\/media?parent=324"}],"wp:term":[{"taxonomy":"category","embeddable":true,"href":"https:\/\/blogs.correiobraziliense.com.br\/marcas-e-negocios\/wp-json\/wp\/v2\/categories?post=324"},{"taxonomy":"post_tag","embeddable":true,"href":"https:\/\/blogs.correiobraziliense.com.br\/marcas-e-negocios\/wp-json\/wp\/v2\/tags?post=324"}],"curies":[{"name":"wp","href":"https:\/\/api.w.org\/{rel}","templated":true}]}}