{"id":304,"date":"2023-08-05T06:00:03","date_gmt":"2023-08-05T09:00:03","guid":{"rendered":"https:\/\/blogs.correiobraziliense.com.br\/marcas-e-negocios\/?p=304"},"modified":"2023-08-04T16:56:51","modified_gmt":"2023-08-04T19:56:51","slug":"pioneiros-na-producao-de-alimentos-organicos","status":"publish","type":"post","link":"https:\/\/blogs.correiobraziliense.com.br\/marcas-e-negocios\/2023\/08\/05\/pioneiros-na-producao-de-alimentos-organicos\/","title":{"rendered":"Pioneiros na produ\u00e7\u00e3o de alimentos org\u00e2nicos"},"content":{"rendered":"<p><span style=\"font-weight: 400\">No ano passado, o Servi\u00e7o Brasileiro de Apoio \u00e0s Micro e Pequenas Empresas (Sebrae) indicou que o setor de alimenta\u00e7\u00e3o saud\u00e1vel, no Brasil, cresceu 98% nos \u00faltimos anos. A entidade avaliou que essa tend\u00eancia, que estava ganhando for\u00e7a entre os brasileiros, foi acelerada devido a pandemia de Covid-19. Foi estimado que, em 2020, as vendas de produtos deste nicho atingiram R$ 100 bilh\u00f5es no pa\u00eds, segundo a Euromonitor International.<\/span><\/p>\n<p><span style=\"font-weight: 400\">Na capital federal, uma das refer\u00eancias em produtos org\u00e2nicos e saud\u00e1veis \u00e9 o mercado Malunga, que atua com o intuito de oferecer variedade e qualidade de alimentos para a comunidade. A marca tamb\u00e9m busca semear a conscientiza\u00e7\u00e3o da popula\u00e7\u00e3o no que diz respeito \u00e0 alimenta\u00e7\u00e3o saud\u00e1vel. Segundo a empresa, busca-se tecer uma rede colaborativa para fomentar o cuidado com a sa\u00fade do ser humano e do planeta.<\/span><\/p>\n<p><span style=\"font-weight: 400\">Apesar de ser um estabelecimento que j\u00e1 est\u00e1 integrado ao dia a dia dos brasilienses, a hist\u00f3ria do Malunga come\u00e7ou bem antes da inaugura\u00e7\u00e3o da primeira loja. &#8220;A fazenda Malunga j\u00e1 entregava hortali\u00e7as, legumes e latic\u00ednios org\u00e2nicos em Bras\u00edlia. No entanto, a demanda por uma maior variedade de op\u00e7\u00f5es era grande e, com isso, surgiu a ideia do primeiro emp\u00f3rio, reunindo fornecedores de org\u00e2nicos da regi\u00e3o e de todo o Brasil, possibilitando ao consumidor inserir o alimento org\u00e2nico em todas as suas refei\u00e7\u00f5es\u201d, relembra <\/span><span style=\"font-weight: 400\">Joe Valle, s\u00f3cio-fundador do mercado.<\/span><\/p>\n<p><span style=\"font-weight: 400\">A partir desse insight, o empres\u00e1rio destaca que o emp\u00f3rio se expandiu com a entrada de um s\u00f3cio e se tornou mercado Malunga, ampliando o portf\u00f3lio e reunindo variedade de alimentos org\u00e2nicos, saud\u00e1veis e sustent\u00e1veis dispon\u00edveis, al\u00e9m das hortali\u00e7as frescas vindas da pr\u00f3pria fazenda da rede, que iniciou toda a trajet\u00f3ria de sucesso da marca. Atualmente, a rede conta com um quadro de 60 funcion\u00e1rios e quatro unidades em Bras\u00edlia, localizadas no Lago Sul, Sudoeste, Asa Sul e Asa Norte.<\/span><\/p>\n<p><span style=\"font-weight: 400\">\u201cA fazenda Malunga \u00e9 a base que fundou a hist\u00f3ria do mercado Malunga. O seu prop\u00f3sito e a sua cultura se relacionam, al\u00e9m de ser o principal fornecedor do mercado, entregando seus produtos diariamente em cada loja. Ela fica a 70km de Bras\u00edlia. S\u00e3o 100 hectares de \u00e1rea plantada, entre hortali\u00e7as e legumes, com mais de 30 variedades\u201d, ressalta Valle.\u00a0<\/span><\/p>\n<p><span style=\"font-weight: 400\">O s\u00f3cio-fundador indica que, apesar de ser uma marca recente, o Malunga foi pioneiro na produ\u00e7\u00e3o de org\u00e2nicos no Distrito Federal. O empreendedor avalia que o alimento org\u00e2nico \u00e9 capaz de conscientizar as pessoas com rela\u00e7\u00e3o \u00e0 alimenta\u00e7\u00e3o saud\u00e1vel, indo al\u00e9m da prote\u00e7\u00e3o do meio ambiente, que tamb\u00e9m \u00e9 uma caracter\u00edstica marcante dentro desse segmento.\u00a0<\/span><\/p>\n<p><span style=\"font-weight: 400\">\u201cValorizamos um produto que tenha em seu pilar principal o respeito \u00e0 natureza e seus ciclos; que valorize o trabalhador rural e sua sa\u00fade. O alimento org\u00e2nico promove uma rede colaborativa desde a produ\u00e7\u00e3o at\u00e9 ao consumidor final, que sabe que aquele produto representa muito mais que um alimento\u201d, complementa.\u00a0<\/span><\/p>\n<p><span style=\"font-weight: 400\">Al\u00e9m disso, Valle indica que o Malunga aposta nos org\u00e2nicos por se tratar de um estilo de vida adotado pela marca. Para ele, os agrot\u00f3xicos s\u00e3o nocivos \u00e0 sa\u00fade do planeta e, por isso, torna-se necess\u00e1rio encontrar sa\u00eddas sustent\u00e1veis, especialmente para a produ\u00e7\u00e3o de alimentos. \u201cNosso posicionamento se estabelece nas op\u00e7\u00f5es que priorizamos oferecer aos nossos clientes, pois valorizamos uma alimenta\u00e7\u00e3o segura, transparente e que traga benef\u00edcios para sa\u00fade de quem o consome\u201d, destaca.\u00a0<\/span><\/p>\n<p><b>Novidade em agosto<\/b><\/p>\n<p><span style=\"font-weight: 400\">De 18 a 20 de agosto, na unidade do Sudoeste, a empresa ir\u00e1 realizar a primeira feira Natural Malunga, onde reunir\u00e1 as principais novidades da Naturaltech, maior feira de produtos naturais da Am\u00e9rica Latina; e do Bio Brazil, grande encontro anual do mercado org\u00e2nico no pa\u00eds. O intuito da iniciativa \u00e9 apresentar as \u00faltimas tend\u00eancias do mercado de alimentos saud\u00e1veis \u200b\u200be org\u00e2nicos. &#8220;Os pr\u00f3prios fornecedores estar\u00e3o presentes, com degusta\u00e7\u00f5es, para aproximar o consumidor de quem produz os alimentos e, assim, tecer uma rede colaborativa org\u00e2nica e saud\u00e1vel&#8221;, informa.<\/span><\/p>\n<p><b>Tr\u00eas perguntas para Joe Valle, s\u00f3cio-fundador do mercado Malunga:<\/b><\/p>\n<blockquote><p><b>Como o Malunga se tornou refer\u00eancia em produtos org\u00e2nicos e frescos de qualidade?<\/b><\/p><\/blockquote>\n<p><span style=\"font-weight: 400\">Persist\u00eancia, pois a produ\u00e7\u00e3o de org\u00e2nicos \u00e9 extremamente desafiadora. S\u00e3o diversas vari\u00e1veis que precisam estar alinhadas para que a produ\u00e7\u00e3o d\u00ea bons resultados para empresa. Hoje, com 30 anos de hist\u00f3ria, a Malunga se mant\u00e9m pela persist\u00eancia da equipe, de uma cultura bem estabelecida e prop\u00f3sitos bem alinhados, al\u00e9m da mentalidade de buscar solu\u00e7\u00f5es.\u00a0<\/span><\/p>\n<blockquote><p><b>Quais os grandes diferenciais da rede?<\/b><\/p><\/blockquote>\n<p><span style=\"font-weight: 400\">Nosso principal diferencial \u00e9 termos nossa pr\u00f3pria produ\u00e7\u00e3o de org\u00e2nicos, que abastece as lojas todos os dias e fica apenas a uma hora de Bras\u00edlia, garantindo um produto fresco para os nossos setor de frutas, legumes e verduras, que \u00e9 100% org\u00e2nico. Analisamos todos os produtos que entram no mercado, garantindo ao cliente confian\u00e7a e qualidade quanto \u00e0s marcas saud\u00e1veis selecionadas.\u00a0<\/span><\/p>\n<blockquote><p><b>De que forma o Malunga busca estimular empresas familiares?<\/b><\/p><\/blockquote>\n<p><span style=\"font-weight: 400\">Valorizamos todo produto advindo da agroind\u00fastria e agricultura familiar. Temos espa\u00e7os nas nossas lojas reservados apenas para estes produtos e buscamos comunicar aos clientes de sua import\u00e2ncia, al\u00e9m de estarmos sempre abertos e recebendo empresas familiares na fazenda para troca de experi\u00eancias. Damos oportunidades aos pequenos empres\u00e1rios que precisam da primeira experi\u00eancia para formalizar seu neg\u00f3cio e entrar no varejo. Temos tido muitos casos assim e somos muito realizados com isso.\u00a0<\/span><\/p>\n","protected":false},"excerpt":{"rendered":"<p>No ano passado, o Servi\u00e7o Brasileiro de Apoio \u00e0s Micro e Pequenas Empresas (Sebrae) indicou que o setor de alimenta\u00e7\u00e3o saud\u00e1vel, no Brasil, cresceu 98% nos \u00faltimos anos. A entidade avaliou que essa tend\u00eancia, que estava ganhando for\u00e7a entre os brasileiros, foi acelerada devido a pandemia de Covid-19. Foi estimado que, em 2020, as vendas de produtos deste nicho atingiram [&hellip;]<\/p>\n","protected":false},"author":138,"featured_media":305,"comment_status":"open","ping_status":"open","sticky":false,"template":"","format":"standard","meta":{"footnotes":""},"categories":[1],"tags":[],"class_list":["post-304","post","type-post","status-publish","format-standard","has-post-thumbnail","hentry","category-sem-categoria"],"_links":{"self":[{"href":"https:\/\/blogs.correiobraziliense.com.br\/marcas-e-negocios\/wp-json\/wp\/v2\/posts\/304","targetHints":{"allow":["GET"]}}],"collection":[{"href":"https:\/\/blogs.correiobraziliense.com.br\/marcas-e-negocios\/wp-json\/wp\/v2\/posts"}],"about":[{"href":"https:\/\/blogs.correiobraziliense.com.br\/marcas-e-negocios\/wp-json\/wp\/v2\/types\/post"}],"author":[{"embeddable":true,"href":"https:\/\/blogs.correiobraziliense.com.br\/marcas-e-negocios\/wp-json\/wp\/v2\/users\/138"}],"replies":[{"embeddable":true,"href":"https:\/\/blogs.correiobraziliense.com.br\/marcas-e-negocios\/wp-json\/wp\/v2\/comments?post=304"}],"version-history":[{"count":1,"href":"https:\/\/blogs.correiobraziliense.com.br\/marcas-e-negocios\/wp-json\/wp\/v2\/posts\/304\/revisions"}],"predecessor-version":[{"id":306,"href":"https:\/\/blogs.correiobraziliense.com.br\/marcas-e-negocios\/wp-json\/wp\/v2\/posts\/304\/revisions\/306"}],"wp:featuredmedia":[{"embeddable":true,"href":"https:\/\/blogs.correiobraziliense.com.br\/marcas-e-negocios\/wp-json\/wp\/v2\/media\/305"}],"wp:attachment":[{"href":"https:\/\/blogs.correiobraziliense.com.br\/marcas-e-negocios\/wp-json\/wp\/v2\/media?parent=304"}],"wp:term":[{"taxonomy":"category","embeddable":true,"href":"https:\/\/blogs.correiobraziliense.com.br\/marcas-e-negocios\/wp-json\/wp\/v2\/categories?post=304"},{"taxonomy":"post_tag","embeddable":true,"href":"https:\/\/blogs.correiobraziliense.com.br\/marcas-e-negocios\/wp-json\/wp\/v2\/tags?post=304"}],"curies":[{"name":"wp","href":"https:\/\/api.w.org\/{rel}","templated":true}]}}