{"id":297,"date":"2023-07-22T06:00:06","date_gmt":"2023-07-22T09:00:06","guid":{"rendered":"https:\/\/blogs.correiobraziliense.com.br\/marcas-e-negocios\/?p=297"},"modified":"2023-07-21T17:28:26","modified_gmt":"2023-07-21T20:28:26","slug":"representatividade-na-arte-e-cultura","status":"publish","type":"post","link":"https:\/\/blogs.correiobraziliense.com.br\/marcas-e-negocios\/2023\/07\/22\/representatividade-na-arte-e-cultura\/","title":{"rendered":"Representatividade na arte e cultura"},"content":{"rendered":"<p><span style=\"font-weight: 400\">H\u00e1 quase dois meses, o Sindicato dos Artistas e T\u00e9cnicos em Espet\u00e1culos de Divers\u00f5es do Distrito Federal (SATED\/DF) ganhou um cap\u00edtulo especial ap\u00f3s as suas quatro d\u00e9cadas de funda\u00e7\u00e3o. No final de maio, foi apresentada a nova diretoria da entidade, respons\u00e1vel por representar a classe cultural da Regi\u00e3o Integrada de Desenvolvimento do Distrito Federal e Entorno (RIDE\/DF) e do Centro-Norte do Brasil, que abrange o Amazonas, o Par\u00e1 e o Tocantins.\u00a0<\/span><\/p>\n<p><span style=\"font-weight: 400\">\u201c\u00c9 um sindicato representativo que surgiu no final da d\u00e9cada de 1970, mas foi reconhecido pelo Minist\u00e9rio do Trabalho a partir de 1983. Ele surgiu com a demanda da representa\u00e7\u00e3o de classe que estava bem forte na \u00e9poca, em um per\u00edodo que terminava a ditadura militar e estava tendo uma abertura pol\u00edtica. Ent\u00e3o, veio para representar a classe art\u00edstica e os seus direitos trabalhistas\u201d, indica <\/span><span style=\"font-weight: 400\">Juliana Seixas, a nova presidente do SATED\/DF.<\/span><\/p>\n<p><span style=\"font-weight: 400\">Al\u00e9m de \u00f3rg\u00e3o de representa\u00e7\u00e3o sindical, o SATED\/DF tamb\u00e9m atua com o objetivo de atender a categoria profissional representada, bem como a sociedade em geral. Para Juliana, esse trabalho \u00e9 fundamental e de extrema relev\u00e2ncia. Ela indica que o sindicato \u00e9 um lugar onde o indiv\u00edduo faz parte de um grupo em prol das defesas e interesses do segmento que est\u00e3o no mercado.\u00a0<\/span><\/p>\n<p><span style=\"font-weight: 400\">\u201cAs categorias precisam de suporte e orienta\u00e7\u00e3o, ent\u00e3o, o sindicato faz isso. Os trabalhadores t\u00eam interesses diversos. Quando voc\u00ea \u00e9 sindicalizado, voc\u00ea passa a ter um objetivo em comum com outra pessoa, como um sal\u00e1rio mais digno, um piso salarial, melhores condi\u00e7\u00f5es de trabalho e outros benef\u00edcios mais espec\u00edficos, como integra\u00e7\u00e3o com conv\u00eanios de sa\u00fade, quest\u00f5es trabalhistas e econ\u00f4micas\u201d, explica.\u00a0<\/span><\/p>\n<p><span style=\"font-weight: 400\">Para viabilizar todas as necessidades dos trabalhadores do nicho art\u00edstico e cultural, Juliana buscou implementar melhorias na comunica\u00e7\u00e3o da entidade logo no in\u00edcio da sua gest\u00e3o. Para alcan\u00e7ar os seus associados, a presidente trabalha para que haja mais transpar\u00eancia no que diz respeito \u00e0s informa\u00e7\u00f5es referentes ao sindicato. Ap\u00f3s essa iniciativa, foi necess\u00e1rio pensar em aspectos relacionados ao desenvolvimento da classe.\u00a0<\/span><\/p>\n<p><span style=\"font-weight: 400\">\u201cLogo depois, n\u00f3s come\u00e7amos a pensar nas nossas Conven\u00e7\u00f5es Coletivas para que nossos trabalhadores e trabalhadoras tenham os direitos garantidos e um piso salarial, que ainda n\u00e3o \u00e9 firmado no Distrito Federal e na regi\u00e3o integrada. A gente est\u00e1 correndo atr\u00e1s. J\u00e1 fizemos v\u00e1rias assembl\u00e9ias com delibera\u00e7\u00f5es que v\u00e3o desde logomarca at\u00e9 novas mensalidades. Somos uma gest\u00e3o recente e acreditamos na representa\u00e7\u00e3o sindical. Reunir nossa categoria, construir uma base forte para lutar por direitos essenciais \u00e9 o nosso foco\u201d, comenta.<\/span><\/p>\n<p><span style=\"font-weight: 400\">Al\u00e9m disso, para Juliana, o per\u00edodo em que a Covid-19 chegou ao Brasil, especialmente no Distrito Federal, foi muito intenso e trouxe preju\u00edzos para o segmento de forma expressiva. \u201cQueremos que o trabalhador n\u00e3o fique desamparado. N\u00f3s tivemos um per\u00edodo de pandemia muito perigoso para a categoria e, levando em considera\u00e7\u00e3o tudo isso, \u00e9 importante a gente nunca mais deixar esses profissionais sem os seus direitos b\u00e1sicos\u201d, ressalta.\u00a0<\/span><\/p>\n<p><b>Tr\u00eas perguntas para <\/b><b>Juliana Seixas, presidente do SATED\/DF<\/b><b>:<\/b><\/p>\n<blockquote><p><b>Qual a import\u00e2ncia do SATED\/DF?<\/b><\/p><\/blockquote>\n<p><span style=\"font-weight: 400\">\u00a0<\/span><span style=\"font-weight: 400\">A import\u00e2ncia \u00e9 a representa\u00e7\u00e3o dos trabalhadores e trabalhadoras. \u00c9 garantir que eles n\u00e3o tenham perdas dos seus direitos sociais e econ\u00f4micos perante as leis vigentes no pa\u00eds. Ent\u00e3o, a quest\u00e3o \u00e9 a representa\u00e7\u00e3o para garantir os direitos b\u00e1sicos dos trabalhadores, dos artistas e dos t\u00e9cnicos. Eles t\u00eam leis trabalhistas e essas leis t\u00eam que ser usadas para que eles tenham os seus direitos garantidos. O sindicato \u00e9 a representa\u00e7\u00e3o da categoria e o que traz seguran\u00e7a para esse trabalhador.\u00a0<\/span><\/p>\n<blockquote><p><b>Quais foram as a\u00e7\u00f5es de grande destaque realizadas pelo SATED\/DF?<\/b><\/p><\/blockquote>\n<p><span style=\"font-weight: 400\">O SATED\/DF ficou 41 anos tomado por pessoas que faziam parte da antiga diretoria. Eles, geralmente, eram homens e estavam sempre se revezando na cadeira da presid\u00eancia, do secretariado e da tesouraria. N\u00e3o sei dizer quais foram os destaques e grandes realiza\u00e7\u00f5es do sindicato.<\/span><\/p>\n<p><span style=\"font-weight: 400\">A partir desse ano, conseguimos fazer essa reviravolta hist\u00f3rica. Pela primeira vez, temos artistas da cidade tomando esse posto e essa diretoria. Agora que estamos estabelecendo alguns par\u00e2metros e correndo atr\u00e1s das conven\u00e7\u00f5es coletivas de trabalho que \u00e9 fundamental para a classe ter os seus direitos garantidos.\u00a0<\/span><\/p>\n<blockquote><p><b>Quais s\u00e3o os maiores desafios do SATED?<\/b><\/p><\/blockquote>\n<p><span style=\"font-weight: 400\">Foi muito desafiadora a quest\u00e3o da gente colocar o nosso sindicato mais acess\u00edvel para as pessoas. Para driblar esse cen\u00e1rio, a tecnologia foi de fundamental import\u00e2ncia para que a gente conseguisse chegar at\u00e9 as pessoas e promover o SATED. Temos outras quest\u00f5es tamb\u00e9m: o desafio maior agora \u00e9 a Conven\u00e7\u00e3o Coletiva de Trabalho (CCT), que vai trazer direitos fundamentais para os nossos trabalhadores, como os direitos a um piso salarial t\u00e3o sagrado para a nossa categoria. Essas conven\u00e7\u00f5es nunca foram feitas, pois foram muitos anos de inoper\u00e2ncia. Ent\u00e3o, traremos essa CCT, vamos conversar com os nossos laborais e nossos produtores para que todos, unidos, possamos trazer os benef\u00edcios para a categoria.<\/span><\/p>\n","protected":false},"excerpt":{"rendered":"<p>H\u00e1 quase dois meses, o Sindicato dos Artistas e T\u00e9cnicos em Espet\u00e1culos de Divers\u00f5es do Distrito Federal (SATED\/DF) ganhou um cap\u00edtulo especial ap\u00f3s as suas quatro d\u00e9cadas de funda\u00e7\u00e3o. No final de maio, foi apresentada a nova diretoria da entidade, respons\u00e1vel por representar a classe cultural da Regi\u00e3o Integrada de Desenvolvimento do Distrito Federal e Entorno (RIDE\/DF) e do Centro-Norte [&hellip;]<\/p>\n","protected":false},"author":138,"featured_media":298,"comment_status":"open","ping_status":"open","sticky":false,"template":"","format":"standard","meta":{"footnotes":""},"categories":[1],"tags":[],"class_list":["post-297","post","type-post","status-publish","format-standard","has-post-thumbnail","hentry","category-sem-categoria"],"_links":{"self":[{"href":"https:\/\/blogs.correiobraziliense.com.br\/marcas-e-negocios\/wp-json\/wp\/v2\/posts\/297","targetHints":{"allow":["GET"]}}],"collection":[{"href":"https:\/\/blogs.correiobraziliense.com.br\/marcas-e-negocios\/wp-json\/wp\/v2\/posts"}],"about":[{"href":"https:\/\/blogs.correiobraziliense.com.br\/marcas-e-negocios\/wp-json\/wp\/v2\/types\/post"}],"author":[{"embeddable":true,"href":"https:\/\/blogs.correiobraziliense.com.br\/marcas-e-negocios\/wp-json\/wp\/v2\/users\/138"}],"replies":[{"embeddable":true,"href":"https:\/\/blogs.correiobraziliense.com.br\/marcas-e-negocios\/wp-json\/wp\/v2\/comments?post=297"}],"version-history":[{"count":1,"href":"https:\/\/blogs.correiobraziliense.com.br\/marcas-e-negocios\/wp-json\/wp\/v2\/posts\/297\/revisions"}],"predecessor-version":[{"id":299,"href":"https:\/\/blogs.correiobraziliense.com.br\/marcas-e-negocios\/wp-json\/wp\/v2\/posts\/297\/revisions\/299"}],"wp:featuredmedia":[{"embeddable":true,"href":"https:\/\/blogs.correiobraziliense.com.br\/marcas-e-negocios\/wp-json\/wp\/v2\/media\/298"}],"wp:attachment":[{"href":"https:\/\/blogs.correiobraziliense.com.br\/marcas-e-negocios\/wp-json\/wp\/v2\/media?parent=297"}],"wp:term":[{"taxonomy":"category","embeddable":true,"href":"https:\/\/blogs.correiobraziliense.com.br\/marcas-e-negocios\/wp-json\/wp\/v2\/categories?post=297"},{"taxonomy":"post_tag","embeddable":true,"href":"https:\/\/blogs.correiobraziliense.com.br\/marcas-e-negocios\/wp-json\/wp\/v2\/tags?post=297"}],"curies":[{"name":"wp","href":"https:\/\/api.w.org\/{rel}","templated":true}]}}