{"id":279,"date":"2023-06-17T06:00:04","date_gmt":"2023-06-17T09:00:04","guid":{"rendered":"https:\/\/blogs.correiobraziliense.com.br\/marcas-e-negocios\/?p=279"},"modified":"2023-06-16T16:42:56","modified_gmt":"2023-06-16T19:42:56","slug":"solucoes-personalizadas-nas-construcoes","status":"publish","type":"post","link":"https:\/\/blogs.correiobraziliense.com.br\/marcas-e-negocios\/2023\/06\/17\/solucoes-personalizadas-nas-construcoes\/","title":{"rendered":"Solu\u00e7\u00f5es personalizadas nas constru\u00e7\u00f5es"},"content":{"rendered":"<p><span style=\"font-weight: 400\">Com nove anos de experi\u00eancia na capital, a Centra Engenharia \u00e9 considerada uma construtora multidisciplinar. O termo, ainda pouco explorado no mercado, faz refer\u00eancia aos servi\u00e7os prestados envolvendo a integra\u00e7\u00e3o de diferentes \u00e1reas do segmento de constru\u00e7\u00e3o para que o resultado final de uma obra seja diferenciado e \u00fanico para os clientes.\u00a0<\/span><\/p>\n<p><span style=\"font-weight: 400\">\u201cTer, entre os diretores, um especialista em obras e outro em projetos de engenharia \u00e9 um diferencial e nos possibilita dar solu\u00e7\u00f5es mais adequadas para cada empreendimento. Conseguimos ter clareza das situa\u00e7\u00f5es com o gerenciamento de projetos e de obras sem ficar na total depend\u00eancia dos escrit\u00f3rios projetistas\u201d, explica Gustavo Azevedo, diretor comercial e administrativo da Centra Engenharia.\u00a0<\/span><\/p>\n<p><span style=\"font-weight: 400\">De acordo com o s\u00f3cio, a Centra Engenharia surgiu na capital em meio \u00e0 crise da constru\u00e7\u00e3o civil, que assolou a cidade em 2014. A partir dessa avalia\u00e7\u00e3o e, atualmente, sob o comando dos engenheiros Gustavo Azevedo, Euler Nunes e Vitor Jardim, a empresa nasceu para mudar o conceito dos empreendimentos constru\u00eddos no Distrito Federal.<\/span><\/p>\n<p><span style=\"font-weight: 400\">&#8220;Eu e o Vitor vimos uma defici\u00eancia t\u00e9cnica no mercado de casas de alto padr\u00e3o e, por isso, decidimos nos dedicar a essa \u00e1rea&#8221;, relembra Azevedo. Pouco tempo depois, o empreendimento entrou no ramo de constru\u00e7\u00e3o civil com a chegada de mais um s\u00f3cio, o Euler Nunes. \u201cO nome Centra teve origem com o pensamento de centralizar os projetos de engenharia em uma s\u00f3 empresa, desde o projeto estrutural at\u00e9 o hidrossanit\u00e1rio, el\u00e9trico e climatiza\u00e7\u00e3o\u201d, contextualiza.\u00a0<\/span><\/p>\n<p><span style=\"font-weight: 400\">Consolidada no cen\u00e1rio brasiliense, a empresa se destaca pela expertise acerca do segmento. Nesse sentido, o caminho para se destacar na regi\u00e3o envolveu muito estudo e dedica\u00e7\u00e3o t\u00e9cnica na \u00e1rea. Por isso, para o engenheiro, o conhecimento e a experi\u00eancia dos profissionais projetistas s\u00e3o essenciais para que o resultado f\u00edsico e financeiro do empreendimento seja o melhor poss\u00edvel.\u00a0<\/span><\/p>\n<p><span style=\"font-weight: 400\">Al\u00e9m disso, para que os projetos se concretizem de forma exitosa, Azevedo comenta sobre os principais aspectos que devem ser incorporados na hora de estruturar as constru\u00e7\u00f5es. \u201c<\/span><span style=\"font-weight: 400\">N\u00f3s indicamos aos nossos clientes e parceiros que sempre fa\u00e7am um estudo de viabilidade, n\u00e3o s\u00f3 financeira, mas de alternativas de projetos e construtivas<\/span><span style=\"font-weight: 400\">, na fase de estudo preliminar do empreendimento\u201d, comenta.<\/span><\/p>\n<p><span style=\"font-weight: 400\">Segundo ele, avan\u00e7ar com a aprova\u00e7\u00e3o do projeto de arquitetura ou conclus\u00e3o do projeto executivo de arquitetura, por exemplo, sem o estudo dos projetos de engenharia e an\u00e1lise pr\u00e9via construtiva e financeira, pode se tornar um grande problema a ser enfrentado posteriormente.<\/span><\/p>\n<p><span style=\"font-weight: 400\">Com todo o know-how, a Centra Engenharia coleciona momentos marcantes em sua trajet\u00f3ria antes mesmo de ter uma d\u00e9cada de funda\u00e7\u00e3o. Em 2016, por exemplo, a empresa contou com um projeto estrutural que repercutiu positivamente. \u201cEstivemos entre os cinco melhores projetos estruturais do Brasil, na avalia\u00e7\u00e3o da Associa\u00e7\u00e3o Brasileira de Engenharia e Consultoria Estrutural (ABECE)\u201d, ressalta.<\/span><\/p>\n<p><span style=\"font-weight: 400\">Entre as \u00faltimas iniciativas da Centra Engenharia, Azevedo destaca a constru\u00e7\u00e3o de casas de dois condom\u00ednios localizados no Lago Sul e, tamb\u00e9m, o desenvolvimento de um complexo gastron\u00f4mico que ficar\u00e1 \u00e0s margens do Lago Parano\u00e1, no Setor de Clubes Sul. &#8220;Vai encantar todos os brasilienses e, certamente, ser\u00e1 um dos principais da nossa cidade&#8221;, sobre o empreendimento comercial.\u00a0<\/span><\/p>\n<blockquote>\n<h2><em><span style=\"font-weight: 400\">&#8220;N\u00f3s indicamos aos nossos clientes e parceiros que sempre fa\u00e7am um estudo de viabilidade, n\u00e3o s\u00f3 financeira, mas de alternativas de projetos e construtivas<\/span><span style=\"font-weight: 400\">, na fase de estudo preliminar do empreendimento&#8221;<br \/>\n<\/span><\/em>&#8211; Gustavo Azevedo, diretor comercial e administrativo da Centra Engenharia<\/h2>\n<\/blockquote>\n<p><b>Tr\u00eas perguntas para <\/b><b>Gustavo Azevedo, diretor comercial e administrativo da Centra Engenharia:<\/b><\/p>\n<blockquote><p><b>Os custos de uma constru\u00e7\u00e3o s\u00e3o reduzidos quando se tem um projeto de engenharia?\u00a0<\/b><\/p><\/blockquote>\n<p><span style=\"font-weight: 400\">Sem d\u00favidas. N\u00e3o s\u00f3 porque dar\u00e1 seguran\u00e7a ao empreendimento, mas tamb\u00e9m ser\u00e1 projetado o que \u00e9 necess\u00e1rio para a situa\u00e7\u00e3o. Nem a mais nem a menos. Claro que isso acontece quando se trabalha com profissionais muito bem preparados.\u00a0<\/span><\/p>\n<p><span style=\"font-weight: 400\">A Centra Engenharia, por exemplo, encontrou uma solu\u00e7\u00e3o para o alto custo dos materiais b\u00e1sicos de obra e desenvolveu, neste ano, um modelo estrutural espec\u00edfico para suas obras, que pode gerar uma economia acima de 25% para f\u00f4rma e escoramento.<\/span><\/p>\n<blockquote><p><b>Quais tecnologias a construtora utiliza para executar os seus projetos com qualidade?<\/b><\/p><\/blockquote>\n<p><span style=\"font-weight: 400\">A Centra Engenharia vem implementando em suas obras o Building Information Modeling (BIM)\u00a0 \u2013 em portugu\u00eas Modelagem da Informa\u00e7\u00e3o da Constru\u00e7\u00e3o \u2013,\u00a0 um processo que conta com profissionais especializados e tecnologias diversas para trabalhar com projetos modelados.\u00a0<\/span><\/p>\n<p><span style=\"font-weight: 400\">Por meio desta modelagem \u00e9 poss\u00edvel saber exatamente o consumo de materiais de cada etapa de planejamento de obra de uma forma muito mais pr\u00e1tica e fiel ao produto final. Al\u00e9m disso, \u00e9 poss\u00edvel eliminar muitos contratempos de projetos que somente seriam percebidos durante a execu\u00e7\u00e3o.<\/span><\/p>\n<blockquote><p><b>Quais s\u00e3o as tend\u00eancias do setor neste ano?\u00a0<\/b><\/p><\/blockquote>\n<p><span style=\"font-weight: 400\">As resid\u00eancias est\u00e3o cada vez mais personalizadas e maiores para que as pessoas usufruam com qualidade no seu dia a dia e em recep\u00e7\u00f5es com seus familiares e amigos. Mais programa\u00e7\u00f5es da fam\u00edlia acontecem em casa mesmo.<\/span><\/p>\n<p><span style=\"font-weight: 400\">Al\u00e9m disso, a constru\u00e7\u00e3o de resid\u00eancias e comerciais, especialmente aqueles voltados para o lazer, se mant\u00e9m aquecido e promissor p\u00f3s-pandemia porque as pessoas perceberam a import\u00e2ncia do bem-estar cotidiano, de aproveitar melhor seu tempo e a vida de maneira geral, de que \u00e9 poss\u00edvel e muito bom passar mais tempo no conforto de sua casa, at\u00e9 mesmo trabalhando.<\/span><\/p>\n","protected":false},"excerpt":{"rendered":"<p>Com nove anos de experi\u00eancia na capital, a Centra Engenharia \u00e9 considerada uma construtora multidisciplinar. O termo, ainda pouco explorado no mercado, faz refer\u00eancia aos servi\u00e7os prestados envolvendo a integra\u00e7\u00e3o de diferentes \u00e1reas do segmento de constru\u00e7\u00e3o para que o resultado final de uma obra seja diferenciado e \u00fanico para os clientes.\u00a0 \u201cTer, entre os diretores, um especialista em obras [&hellip;]<\/p>\n","protected":false},"author":138,"featured_media":280,"comment_status":"open","ping_status":"open","sticky":false,"template":"","format":"standard","meta":{"footnotes":""},"categories":[1],"tags":[],"class_list":["post-279","post","type-post","status-publish","format-standard","has-post-thumbnail","hentry","category-sem-categoria"],"_links":{"self":[{"href":"https:\/\/blogs.correiobraziliense.com.br\/marcas-e-negocios\/wp-json\/wp\/v2\/posts\/279","targetHints":{"allow":["GET"]}}],"collection":[{"href":"https:\/\/blogs.correiobraziliense.com.br\/marcas-e-negocios\/wp-json\/wp\/v2\/posts"}],"about":[{"href":"https:\/\/blogs.correiobraziliense.com.br\/marcas-e-negocios\/wp-json\/wp\/v2\/types\/post"}],"author":[{"embeddable":true,"href":"https:\/\/blogs.correiobraziliense.com.br\/marcas-e-negocios\/wp-json\/wp\/v2\/users\/138"}],"replies":[{"embeddable":true,"href":"https:\/\/blogs.correiobraziliense.com.br\/marcas-e-negocios\/wp-json\/wp\/v2\/comments?post=279"}],"version-history":[{"count":1,"href":"https:\/\/blogs.correiobraziliense.com.br\/marcas-e-negocios\/wp-json\/wp\/v2\/posts\/279\/revisions"}],"predecessor-version":[{"id":281,"href":"https:\/\/blogs.correiobraziliense.com.br\/marcas-e-negocios\/wp-json\/wp\/v2\/posts\/279\/revisions\/281"}],"wp:featuredmedia":[{"embeddable":true,"href":"https:\/\/blogs.correiobraziliense.com.br\/marcas-e-negocios\/wp-json\/wp\/v2\/media\/280"}],"wp:attachment":[{"href":"https:\/\/blogs.correiobraziliense.com.br\/marcas-e-negocios\/wp-json\/wp\/v2\/media?parent=279"}],"wp:term":[{"taxonomy":"category","embeddable":true,"href":"https:\/\/blogs.correiobraziliense.com.br\/marcas-e-negocios\/wp-json\/wp\/v2\/categories?post=279"},{"taxonomy":"post_tag","embeddable":true,"href":"https:\/\/blogs.correiobraziliense.com.br\/marcas-e-negocios\/wp-json\/wp\/v2\/tags?post=279"}],"curies":[{"name":"wp","href":"https:\/\/api.w.org\/{rel}","templated":true}]}}