{"id":265,"date":"2023-06-03T06:00:28","date_gmt":"2023-06-03T09:00:28","guid":{"rendered":"https:\/\/blogs.correiobraziliense.com.br\/marcas-e-negocios\/?p=265"},"modified":"2023-06-02T19:02:00","modified_gmt":"2023-06-02T22:02:00","slug":"40-anos-construindo-sonhos","status":"publish","type":"post","link":"https:\/\/blogs.correiobraziliense.com.br\/marcas-e-negocios\/2023\/06\/03\/40-anos-construindo-sonhos\/","title":{"rendered":"40 anos construindo sonhos"},"content":{"rendered":"<p><span style=\"font-weight: 400\">De acordo com o Sindicato da Ind\u00fastria da Constru\u00e7\u00e3o Civil no Distrito Federal (Sinduscon\/DF), o setor de constru\u00e7\u00e3o civil, no Distrito Federal, representa 55,9% do Produto Interno Bruto (PIB) da ind\u00fastria local. Os dados foram apresentados no in\u00edcio deste ano. Para o \u00eaxito do segmento, h\u00e1 um fator determinante que direciona o seu percentual positivo: os materiais de constru\u00e7\u00e3o.\u00a0<\/span><\/p>\n<p><span style=\"font-weight: 400\">Em Bras\u00edlia, a S\u00e3o Geraldo \u00e9 um dos empreendimentos mais tradicionais da cidade que est\u00e1 inserido nesse mercado. Com 40 anos de atua\u00e7\u00e3o, a empresa surgiu a partir de um sonho familiar que, aos poucos, conquistou toda a capital. \u201cN\u00f3s entramos no segmento de material de constru\u00e7\u00e3o em 1983. Como a fam\u00edlia j\u00e1 mexia com constru\u00e7\u00e3o civil, vimos a necessidade e oportunidade de abrir uma pequena loja na Asa Norte. Come\u00e7amos a vida ali. Em 1987, fomos para o Setor de Ind\u00fastria e Abastecimento (SIA)\u201d, destaca <\/span><span style=\"font-weight: 400\">Ramez Farah, diretor da S\u00e3o Geraldo.<\/span><\/p>\n<p><span style=\"font-weight: 400\">O pai de Farah, junto com o empres\u00e1rio e os seus irm\u00e3os, criou a marca candanga. A loja, que iniciou a sua opera\u00e7\u00e3o em um espa\u00e7o de 60m\u00b2, oferecia materiais de constru\u00e7\u00e3o comuns, como a maioria das lojas do segmento. No entanto, a mudan\u00e7a para o SIA expandiu os horizontes da fam\u00edlia e, com o intuito de trazer novas possibilidades para o Distrito Federal, apostou em um neg\u00f3cio diferente e inovador.\u00a0<\/span><\/p>\n<p><span style=\"font-weight: 400\">\u201cEm 1988, vimos a necessidade de nos especializarmos em acabamento. Buscamos os principais fornecedores que existiam na \u00e9poca e tivemos \u00eaxito nessa escolha\u201d, informa. Dez anos depois, a busca em consolidar a marca com o diferencial inovador se manteve. Dessa forma, Farah comenta que, perto dos anos 2000, foi realizada uma reforma de fachada que destacou ainda mais a empresa.<\/span><\/p>\n<p><span style=\"font-weight: 400\">\u201cMudamos toda a vitrine e climatizamos a loja. Poucas lojas no Brasil foram constru\u00eddas dessa forma. N\u00f3s, por outro lado, busc\u00e1vamos a inova\u00e7\u00e3o, inclusive, no que diz respeito ao atendimento. Os estabelecimentos recebiam os clientes em balc\u00f5es, enquanto j\u00e1 oferec\u00edamos mesa com computador\u201d, relembra.<\/span><\/p>\n<p><span style=\"font-weight: 400\">Em 2004, houve outra mudan\u00e7a de relev\u00e2ncia: o showroom saiu de 400m\u00b2 e conquistou os seus 1200m\u00b2. Aproveitando o momento, novos produtos foram inseridos no cat\u00e1logo e, em cinco anos, chegou aos 2600m\u00b2. Em 2016, foi o momento de realizar a inaugura\u00e7\u00e3o do Centro de Distribui\u00e7\u00e3o da rede, o que auxiliou a consolidar ainda mais a marca na regi\u00e3o.\u00a0<\/span><\/p>\n<p><span style=\"font-weight: 400\">\u201cAmpliamos com eletrodom\u00e9sticos e ilumina\u00e7\u00e3o. Apostamos em novos produtos e tamb\u00e9m em novos fornecedores. Desde o in\u00edcio da trajet\u00f3ria, a gente sempre buscou o que existe de melhor em tend\u00eancia, nos adaptando ao mercado da melhor maneira, para que o consumidor veja a S\u00e3o Geraldo como uma empresa inovadora e que traz solu\u00e7\u00f5es para a suas obras e sua casa\u201d, diz.<\/span><\/p>\n<p><b>Valores da marca<\/b><\/p>\n<p><span style=\"font-weight: 400\">A S\u00e3o Geraldo ressalta em suas lojas e, tamb\u00e9m, nos espa\u00e7os virtuais, que a hist\u00f3ria da marca vai al\u00e9m da constru\u00e7\u00e3o de espa\u00e7os ou da oferta de produtos. Segundo a empresa, s\u00e3o constru\u00eddas tamb\u00e9m rela\u00e7\u00f5es humanas diariamente.\u00a0<\/span><\/p>\n<p><span style=\"font-weight: 400\">\u201cA gente busca o relacionamento principalmente com a equipe. Hoje n\u00f3s temos muitos funcion\u00e1rios que est\u00e3o desde o in\u00edcio da empresa. Essa rela\u00e7\u00e3o \u00e9 preservada com muito respeito e muita lealdade. Com os arquitetos e designers, tamb\u00e9m temos o mesmo sentimento\u201d, indica.\u00a0<\/span><\/p>\n<p><span style=\"font-weight: 400\">Al\u00e9m disso, para os profissionais associados ao setor, a S\u00e3o Geraldo oferece treinamentos, palestras e informa\u00e7\u00f5es para crescimento na \u00e1rea. \u201cEstamos sempre buscando essas quest\u00f5es. Esse relacionamento faz da S\u00e3o Geraldo uma empresa que est\u00e1 alinhada com a sociedade e com o mercado\u201d, pontua.\u00a0<\/span><\/p>\n<p><span style=\"font-weight: 400\">Associado a esse cuidado com as rela\u00e7\u00f5es como um todo, Farah tamb\u00e9m destaca que o esfor\u00e7o, a paix\u00e3o pelo trabalho e, acima de tudo, a resili\u00eancia, s\u00e3o caracter\u00edsticas que fortaleceram a empresa. \u201cAvalio que o sucesso da marca \u00e9 um pouco disso tudo e o que faz a empresa estar na ativa mesmo ap\u00f3s 40 anos\u201d, celebra.\u00a0<\/span><\/p>\n<blockquote>\n<h2><span style=\"font-weight: 400\">&#8220;\u00c9 sempre um prazer trabalhar na empresa, pois h\u00e1 muitos valores envolvidos, tanto para mim quanto para os s\u00f3cios e os funcion\u00e1rios. Somos respeitados no mercado por termos firmeza e qualidade perpetuando na sociedade&#8221;<\/span><\/h2>\n<h2>&#8211; Ramez Farah, diretor da S\u00e3o Geraldo<\/h2>\n<\/blockquote>\n<p><b>Tr\u00eas perguntas para <\/b><b>Ramez Farah, diretor da S\u00e3o Geraldo:<\/b><\/p>\n<blockquote><p><b>Como \u00e9 a log\u00edstica para manter o funcionamento das unidades da S\u00e3o Geraldo?<\/b><\/p><\/blockquote>\n<p><span style=\"font-weight: 400\">Quando voc\u00ea cresce em vendas, voc\u00ea tem que aumentar o seu servi\u00e7o de entregas e armazenamento. Nesse sentido, com a log\u00edstica, a gente sempre buscou solu\u00e7\u00f5es em espa\u00e7o e tecnologia. Hoje em dia, o nosso Centro de Distribui\u00e7\u00e3o (CD) tem 15 mil metros quadrados para estoque. Esse CD \u00e9 quase todo paletizado, o que existe de mais moderno em tecnologia de paletiza\u00e7\u00e3o. J\u00e1 vai fazer oito anos que mudamos completamente o nosso sistema de log\u00edstica. Fizemos isso antes da pandemia, gra\u00e7as a Deus. Se fosse nesse per\u00edodo, n\u00e3o ter\u00edamos uma solu\u00e7\u00e3o log\u00edstica para suportar tantas demandas.<\/span><\/p>\n<blockquote><p><b>Como a empresa se tornou refer\u00eancia no segmento de materiais de constru\u00e7\u00e3o?<\/b><\/p><\/blockquote>\n<p><span style=\"font-weight: 400\">Luta, atualiza\u00e7\u00e3o dentro do mercado, esfor\u00e7o, dedica\u00e7\u00e3o, paix\u00e3o pelo que faz, perseveran\u00e7a e, acima de tudo, resili\u00eancia. Avalio que o sucesso da marca \u00e9 um pouco disso tudo e o que faz a empresa estar na ativa mesmo ap\u00f3s 40 anos.<\/span><\/p>\n<blockquote><p><b>Como a S\u00e3o Geraldo acompanhou as mudan\u00e7as das tend\u00eancias e se adaptou ao mercado?<\/b><\/p><\/blockquote>\n<p><span style=\"font-weight: 400\">Apesar de estarmos celebrando 40 anos de atua\u00e7\u00e3o, parece que foi ontem que a gente come\u00e7ou. \u00c9 sempre um prazer trabalhar na empresa, pois h\u00e1 muitos valores envolvidos, tanto para mim quanto para os s\u00f3cios e os funcion\u00e1rios. Somos respeitados no mercado por termos firmeza e qualidade perpetuando na sociedade. Al\u00e9m disso, \u00e9 muito dif\u00edcil voc\u00ea sobreviver no mercado p\u00fablico por tanto tempo sem perder essas quest\u00f5es. Dessa forma, s\u00e3o aspectos que prezamos desde o in\u00edcio e continuaremos prezando nas pr\u00f3ximas quatro d\u00e9cadas.\u00a0<\/span><\/p>\n","protected":false},"excerpt":{"rendered":"<p>De acordo com o Sindicato da Ind\u00fastria da Constru\u00e7\u00e3o Civil no Distrito Federal (Sinduscon\/DF), o setor de constru\u00e7\u00e3o civil, no Distrito Federal, representa 55,9% do Produto Interno Bruto (PIB) da ind\u00fastria local. Os dados foram apresentados no in\u00edcio deste ano. Para o \u00eaxito do segmento, h\u00e1 um fator determinante que direciona o seu percentual positivo: os materiais de constru\u00e7\u00e3o.\u00a0 Em [&hellip;]<\/p>\n","protected":false},"author":138,"featured_media":266,"comment_status":"open","ping_status":"open","sticky":false,"template":"","format":"standard","meta":{"footnotes":""},"categories":[1],"tags":[],"class_list":["post-265","post","type-post","status-publish","format-standard","has-post-thumbnail","hentry","category-sem-categoria"],"_links":{"self":[{"href":"https:\/\/blogs.correiobraziliense.com.br\/marcas-e-negocios\/wp-json\/wp\/v2\/posts\/265","targetHints":{"allow":["GET"]}}],"collection":[{"href":"https:\/\/blogs.correiobraziliense.com.br\/marcas-e-negocios\/wp-json\/wp\/v2\/posts"}],"about":[{"href":"https:\/\/blogs.correiobraziliense.com.br\/marcas-e-negocios\/wp-json\/wp\/v2\/types\/post"}],"author":[{"embeddable":true,"href":"https:\/\/blogs.correiobraziliense.com.br\/marcas-e-negocios\/wp-json\/wp\/v2\/users\/138"}],"replies":[{"embeddable":true,"href":"https:\/\/blogs.correiobraziliense.com.br\/marcas-e-negocios\/wp-json\/wp\/v2\/comments?post=265"}],"version-history":[{"count":1,"href":"https:\/\/blogs.correiobraziliense.com.br\/marcas-e-negocios\/wp-json\/wp\/v2\/posts\/265\/revisions"}],"predecessor-version":[{"id":267,"href":"https:\/\/blogs.correiobraziliense.com.br\/marcas-e-negocios\/wp-json\/wp\/v2\/posts\/265\/revisions\/267"}],"wp:featuredmedia":[{"embeddable":true,"href":"https:\/\/blogs.correiobraziliense.com.br\/marcas-e-negocios\/wp-json\/wp\/v2\/media\/266"}],"wp:attachment":[{"href":"https:\/\/blogs.correiobraziliense.com.br\/marcas-e-negocios\/wp-json\/wp\/v2\/media?parent=265"}],"wp:term":[{"taxonomy":"category","embeddable":true,"href":"https:\/\/blogs.correiobraziliense.com.br\/marcas-e-negocios\/wp-json\/wp\/v2\/categories?post=265"},{"taxonomy":"post_tag","embeddable":true,"href":"https:\/\/blogs.correiobraziliense.com.br\/marcas-e-negocios\/wp-json\/wp\/v2\/tags?post=265"}],"curies":[{"name":"wp","href":"https:\/\/api.w.org\/{rel}","templated":true}]}}