{"id":252,"date":"2023-05-13T06:00:56","date_gmt":"2023-05-13T09:00:56","guid":{"rendered":"https:\/\/blogs.correiobraziliense.com.br\/marcas-e-negocios\/?p=252"},"modified":"2023-05-12T17:54:03","modified_gmt":"2023-05-12T20:54:03","slug":"conhecimento-tecnico-etica-e-resiliencia","status":"publish","type":"post","link":"https:\/\/blogs.correiobraziliense.com.br\/marcas-e-negocios\/2023\/05\/13\/conhecimento-tecnico-etica-e-resiliencia\/","title":{"rendered":"Conhecimento t\u00e9cnico, \u00e9tica e resili\u00eancia"},"content":{"rendered":"<p><span style=\"font-weight: 400\">No ano passado, a Ordem dos Advogados (OAB Nacional) indicou que o Brasil \u00e9 o pa\u00eds com a maior propor\u00e7\u00e3o de profissionais de advocacia por habitante do mundo. Dados levantados na \u00e9poca indicavam que, ao todo, cerca de 1,3 milh\u00e3o de advogados exerciam regularmente a profiss\u00e3o entre 212,7 milh\u00f5es de pessoas. Atualmente, no Distrito Federal, \u00e9 estimado que a capital tenha 48.484 advogados inscritos.<\/span><\/p>\n<p><span style=\"font-weight: 400\">Um dos escrit\u00f3rios de relev\u00e2ncia em Bras\u00edlia foi fundado em 2010, o Caputo, Bastos e Serra Advogados. Criado com intuito de se tornar refer\u00eancia em servi\u00e7os jur\u00eddicos de alto n\u00edvel, a empresa expandiu com o passar dos anos e, hoje em dia, conta com filiais em S\u00e3o Paulo, no Recife e em Goi\u00e2nia.\u00a0<\/span><\/p>\n<p><span style=\"font-weight: 400\">Com foco predominante nas \u00e1reas de contencioso judicial, consultivo empresarial e no segmento de direito p\u00fablico e privado, Francisco Caputo, fundador da sociedade, conta, atualmente, com equipes multidisciplinares para atender demandas nacionais e internacionais.<\/span><\/p>\n<p><span style=\"font-weight: 400\">&#8220;O escrit\u00f3rio surgiu em 2010, fruto da associa\u00e7\u00e3o com um irm\u00e3o, um cunhado e outros colegas que trabalhavam conosco no escrit\u00f3rio do meu pai. Tenho 29 anos de advocacia ininterrupta. Sempre soube que queria ser advogado, desde muito pequeno&#8221;, comenta Francisco Caputo, s\u00f3cio-fundador do escrit\u00f3rio.\u00a0<\/span><\/p>\n<p><span style=\"font-weight: 400\">Ao longo da trajet\u00f3ria de Caputo, Bastos e Serra Advogados, o advogado relembra momentos especiais, no entanto, um dos grandes destaques foi o aumento da opera\u00e7\u00e3o do escrit\u00f3rio. <\/span><span style=\"font-weight: 400\">\u201cTivemos vit\u00f3rias importantes para grandes clientes nacionais e estrangeiros ao longo dos nossos 13 anos de exist\u00eancia, mas talvez a maior conquista tenha sido a expans\u00e3o para outras unidades da federa\u00e7\u00e3o (SP, PE e GO)<\/span><span style=\"font-weight: 400\">\u201d, destaca.<\/span><\/p>\n<p><span style=\"font-weight: 400\">Com amplo conhecimento da \u00e1rea, Caputo indica que, para o \u00eaxito de um escrit\u00f3rio de advocacia, o conhecimento t\u00e9cnico, a \u00e9tica profissional e a resili\u00eancia s\u00e3o caracter\u00edsticas essenciais para se ter. &#8220;Abrir e administrar um escrit\u00f3rio n\u00e3o \u00e9 dif\u00edcil, mas exige muita dedica\u00e7\u00e3o do profissional. O mercado sempre tem espa\u00e7o para absorver novos bons profissionais. Por isso, al\u00e9m do conhecimento t\u00e9cnico e da atua\u00e7\u00e3o \u00e9tica, o novo advogado tem que se esfor\u00e7ar para se colocar no mercado que pretende atuar&#8221;, ressalta.\u00a0<\/span><\/p>\n<p><span style=\"font-weight: 400\">P\u00f3s-graduado em Direito do Trabalho pela Associa\u00e7\u00e3o dos Ju\u00edzes do Trabalho do Distrito Federal (AMAGIS\/DF), Caputo atua em casos de alto risco e assessora empresas e institui\u00e7\u00f5es financeiras para assuntos p\u00fablicos e privados. O advogado \u00e9 ex-presidente da Ordem dos Advogados do Distrito Federal (OAB\/DF), no per\u00edodo de 2010 a 2012; al\u00e9m de ter sido titular no Conselho da Rep\u00fablica, de 2018 a 2021.\u00a0<\/span><\/p>\n<h2><em>&#8220;Tivemos vit\u00f3rias importantes para grandes clientes nacionais e estrangeiros ao longo dos nossos 13 anos de exist\u00eancia, mas talvez a maior conquista tenha sido a expans\u00e3o para outras unidades da federa\u00e7\u00e3o (SP, PE e GO)&#8221;<br \/>\n&#8211; Francisco Caputo, advogado e s\u00f3cio-fundador do Caputo, Bastos e Serra Advogados<\/em><\/h2>\n<p><b>Profissionaliza\u00e7\u00e3o<\/b><\/p>\n<p><span style=\"font-weight: 400\">De acordo com Caputo, o escrit\u00f3rio conta com consultorias externas. Uma das iniciativas realizadas envolveu o PAEX, programa destinado \u00e0s empresas para proporcionar aprendizado em rede, ampliar vis\u00f5es estrat\u00e9gicas, aumentar a capacidade dos executivos em resolver problemas, desenvolver compet\u00eancias gerenciais de ponta e construir um modelo de gest\u00e3o orientado \u00e0 estrat\u00e9gia e resultados.<\/span><\/p>\n<p><span style=\"font-weight: 400\">Para o advogado, a parceria foi fundamental para a fase atual do escrit\u00f3rio. \u201cAtualmente, estamos nos habilitando para adquirir o selo Great Place to Work (GPTW) e, para isso, contamos com a consultoria da mesma pessoa que implantou o selo no Laborat\u00f3rio Sabin\u201d, informa.\u00a0<\/span><\/p>\n<p><span style=\"font-weight: 400\">Segundo o s\u00f3cio-fundador, desde o in\u00edcio da pandemia, o escrit\u00f3rio tem investido muito na profissionaliza\u00e7\u00e3o da gest\u00e3o e da atividade jur\u00eddica. \u201cPara isso, sempre contamos com consultorias externas, como a da Funda\u00e7\u00e3o Dom Cabral. H\u00e1 anos temos v\u00e1rias consultorias atuando em paralelo para levar o escrit\u00f3rio para um n\u00edvel cada vez maior de excel\u00eancia de gest\u00e3o e presta\u00e7\u00e3o de servi\u00e7o\u201d, explica.<\/span><\/p>\n<p><b>Tr\u00eas perguntas para Francisco Caputo, advogado e s\u00f3cio-fundador do Caputo, Bastos e Serra Advogados:<\/b><\/p>\n<blockquote><p><b>Como \u00e9 a atua\u00e7\u00e3o do escrit\u00f3rio?<\/b><\/p><\/blockquote>\n<p><span style=\"font-weight: 400\">N\u00f3s atuamos em demandas complexas ou estrat\u00e9gicas dos nossos clientes. Isso exige muito empenho e responsabilidade do escrit\u00f3rio, porque os interesses, seja jur\u00eddico, econ\u00f4mico ou social s\u00e3o muito expressivos.<\/span><\/p>\n<blockquote><p><b>Qual a expectativa do escrit\u00f3rio para os pr\u00f3ximos meses do ano?<\/b><\/p><\/blockquote>\n<p><span style=\"font-weight: 400\">O escrit\u00f3rio tem uma tend\u00eancia de crescimento f\u00edsico e financeiro. Esse ano, apesar de desafiador, \u2013 mudan\u00e7a de governo e crise econ\u00f4mica \u2013 n\u00e3o tem sido diferente. Temos um olhar bastante otimista para o Brasil e para o nosso setor, por isso investimos muito para estarmos preparados para as demandas que sabemos que vir\u00e3o. Tanto \u00e9 assim que iniciaremos a constru\u00e7\u00e3o da nossa sede pr\u00f3pria, em terreno adquirido nos primeiros dias do ano.<\/span><\/p>\n<blockquote><p><b>Como funciona o trabalho voltado \u00e0 assessoria de empresas e institui\u00e7\u00f5es financeiras?\u00a0<\/b><\/p><\/blockquote>\n<p><span style=\"font-weight: 400\">Temos que entender os problemas do cliente, o ambiente de neg\u00f3cios em que est\u00e1 inserido, seu mercado de atua\u00e7\u00e3o e oferecer solu\u00e7\u00f5es espec\u00edficas para eles. Isso \u00e9 o que nos diferencia dos demais escrit\u00f3rios. A dedica\u00e7\u00e3o e o oferecimento de uma solu\u00e7\u00e3o personalizada \u00e9 um grande diferencial do Caputo, Bastos e Serra Advogados.<\/span><\/p>\n","protected":false},"excerpt":{"rendered":"<p>No ano passado, a Ordem dos Advogados (OAB Nacional) indicou que o Brasil \u00e9 o pa\u00eds com a maior propor\u00e7\u00e3o de profissionais de advocacia por habitante do mundo. Dados levantados na \u00e9poca indicavam que, ao todo, cerca de 1,3 milh\u00e3o de advogados exerciam regularmente a profiss\u00e3o entre 212,7 milh\u00f5es de pessoas. Atualmente, no Distrito Federal, \u00e9 estimado que a capital [&hellip;]<\/p>\n","protected":false},"author":138,"featured_media":253,"comment_status":"open","ping_status":"open","sticky":false,"template":"","format":"standard","meta":{"footnotes":""},"categories":[1],"tags":[],"class_list":["post-252","post","type-post","status-publish","format-standard","has-post-thumbnail","hentry","category-sem-categoria"],"_links":{"self":[{"href":"https:\/\/blogs.correiobraziliense.com.br\/marcas-e-negocios\/wp-json\/wp\/v2\/posts\/252","targetHints":{"allow":["GET"]}}],"collection":[{"href":"https:\/\/blogs.correiobraziliense.com.br\/marcas-e-negocios\/wp-json\/wp\/v2\/posts"}],"about":[{"href":"https:\/\/blogs.correiobraziliense.com.br\/marcas-e-negocios\/wp-json\/wp\/v2\/types\/post"}],"author":[{"embeddable":true,"href":"https:\/\/blogs.correiobraziliense.com.br\/marcas-e-negocios\/wp-json\/wp\/v2\/users\/138"}],"replies":[{"embeddable":true,"href":"https:\/\/blogs.correiobraziliense.com.br\/marcas-e-negocios\/wp-json\/wp\/v2\/comments?post=252"}],"version-history":[{"count":3,"href":"https:\/\/blogs.correiobraziliense.com.br\/marcas-e-negocios\/wp-json\/wp\/v2\/posts\/252\/revisions"}],"predecessor-version":[{"id":256,"href":"https:\/\/blogs.correiobraziliense.com.br\/marcas-e-negocios\/wp-json\/wp\/v2\/posts\/252\/revisions\/256"}],"wp:featuredmedia":[{"embeddable":true,"href":"https:\/\/blogs.correiobraziliense.com.br\/marcas-e-negocios\/wp-json\/wp\/v2\/media\/253"}],"wp:attachment":[{"href":"https:\/\/blogs.correiobraziliense.com.br\/marcas-e-negocios\/wp-json\/wp\/v2\/media?parent=252"}],"wp:term":[{"taxonomy":"category","embeddable":true,"href":"https:\/\/blogs.correiobraziliense.com.br\/marcas-e-negocios\/wp-json\/wp\/v2\/categories?post=252"},{"taxonomy":"post_tag","embeddable":true,"href":"https:\/\/blogs.correiobraziliense.com.br\/marcas-e-negocios\/wp-json\/wp\/v2\/tags?post=252"}],"curies":[{"name":"wp","href":"https:\/\/api.w.org\/{rel}","templated":true}]}}