{"id":241,"date":"2023-04-22T06:00:48","date_gmt":"2023-04-22T09:00:48","guid":{"rendered":"https:\/\/blogs.correiobraziliense.com.br\/marcas-e-negocios\/?p=241"},"modified":"2023-04-21T15:46:09","modified_gmt":"2023-04-21T18:46:09","slug":"entretenimento-na-capital-do-pais","status":"publish","type":"post","link":"https:\/\/blogs.correiobraziliense.com.br\/marcas-e-negocios\/2023\/04\/22\/entretenimento-na-capital-do-pais\/","title":{"rendered":"Entretenimento na capital do pa\u00eds"},"content":{"rendered":"<p><span style=\"font-weight: 400\">Neste m\u00eas de abril, a Associa\u00e7\u00e3o Brasileira dos Promotores de Eventos (Abrape) indicou que o setor de eventos de cultura e entretenimento, no pa\u00eds, continua em franca recupera\u00e7\u00e3o dos efeitos da covid-19. Nesse cen\u00e1rio, os empregos tamb\u00e9m est\u00e3o sendo impactados positivamente. At\u00e9 fevereiro, o saldo no segmento \u00e9 2,3% superior ao per\u00edodo pr\u00e9-pandemia. Ao todo, foram criadas quase 80 mil vagas de trabalho acima do patamar de 2019.\u00a0<\/span><\/p>\n<p><span style=\"font-weight: 400\">Em Bras\u00edlia, a Oh! Artes \u00e9 considerada destaque neste mercado e tange a linha familiar. S\u00f3cio da produtora, o empres\u00e1rio Jo\u00e3o Felipe Maione tamb\u00e9m est\u00e1 \u00e0 frente do Mezanino e da Torre 360, espa\u00e7os de grande visita\u00e7\u00e3o no Distrito Federal, que re\u00fane p\u00fablico de domingo a domingo. Antes de atuar no segmento, o empreendedor conta que os seus primeiros passos no setor envolvem a presen\u00e7a do seu pai, S\u00e9rgio Maione, que era respons\u00e1vel pela Monday Monday, uma das empresas pioneiras do entretenimento na cidade.\u00a0<\/span><\/p>\n<p><span style=\"font-weight: 400\">\u201cPor muitos anos, ele [o pai S\u00e9rgio Maione] fez o carnaval fora de \u00e9poca chamado Micar\u00eacandanga, que j\u00e1 chegou a levar 500 mil pessoas em uma \u00fanica edi\u00e7\u00e3o, na Esplanada. Na \u00e9poca, eu era muito novo, tinha por volta de 12 anos. Quando eu completei 18 anos, comecei a trabalhar com ele, que me colocou para fazer as coisas mais operacionais. O meu primeiro emprego na produtora foi como contador de ingresso\u201d, relembra.<\/span><\/p>\n<p><span style=\"font-weight: 400\">Fus\u00e3o entre as produtoras Monday Monday, dos empres\u00e1rios S\u00e9rgio e Jo\u00e3o Maione; e Park Show, de Rodrigo e Marcelo Amaral, a Oh! Artes nasceu com a miss\u00e3o de ser uma refer\u00eancia para realiza\u00e7\u00e3o dos eventos na regi\u00e3o. A fam\u00edlia conta com ampla experi\u00eancia em festivais, shows, musicais e eventos empresariais desde 1986 e avalia que o segmento \u00e9 vital para a economia.\u00a0<\/span><\/p>\n<p><span style=\"font-weight: 400\">\u201cVejo dois destaques primordiais para este mercado de eventos. O primeiro refere-se \u00e0 import\u00e2ncia comercial. O setor representa quase 5% do Produto Interno Bruto (PIB) brasileiro, o que est\u00e1 relacionado a R$ 4,65 bi. Ele \u00e9 oriundo de eventos e shows, segundo a Abrape, o que movimenta milh\u00f5es de empregos voltados ao mercado de shows e eventos\u201d, comenta o s\u00f3cio da Oh! Artes.<\/span><\/p>\n<p><span style=\"font-weight: 400\">O segundo, o empres\u00e1rio indica que, um aspecto de grande relev\u00e2ncia do setor est\u00e1 relacionado \u00e0 sa\u00fade mental. Maione pontua que o coronav\u00edrus evidenciou essa quest\u00e3o. Al\u00e9m disso, ele acrescenta que o entretenimento estimula a mente humana de uma maneira sensorial, por meio da audi\u00e7\u00e3o e vis\u00e3o, que libera no corpo endorfina e dopamina, os horm\u00f4nios do prazer e bem-estar.\u00a0<\/span><\/p>\n<p><span style=\"font-weight: 400\">\u201cQuando a gente se viu trancado dentro de casa, sem poder sair, todo mundo tentou consumir shows e eventos no formato on-line. Foi nessa \u00e9poca que tivemos o <\/span><i><span style=\"font-weight: 400\">boom<\/span><\/i><span style=\"font-weight: 400\"> das lives. A gente viu o tanto que o entretenimento ao vivo, seja virtual ou presencial, \u00e9 muito importante para a sociedade. A gente precisa de uma v\u00e1lvula de escape\u201d, ressalta.<\/span><\/p>\n<p><span style=\"font-weight: 400\">Levando em considera\u00e7\u00e3o a forte cren\u00e7a do empreendedor acerca da relev\u00e2ncia deste business, a Oh! Artes tem o objetivo de fomentar Bras\u00edlia como um importante centro cultural na Am\u00e9rica Latina. Para isso, a produtora prioriza o investimento em atra\u00e7\u00f5es de renome nacional e internacional para trazer \u00e0 capital grandes eventos.<\/span><\/p>\n<p><b>Tr\u00eas perguntas para <\/b><b>Jo\u00e3o Felipe Maione, s\u00f3cio da Oh! Artes:<\/b><\/p>\n<blockquote>\n<p style=\"text-align: left\"><b>Como se capacitar na \u00e1rea de entretenimento?<\/b><\/p>\n<\/blockquote>\n<p><span style=\"font-weight: 400\">Viver na pr\u00e1tica. O melhor jeito de crescer no segmento \u00e9 consumir diferentes formatos de eventos e festivais. Hoje, eu vejo que o modo mais efetivo de estar conectado e de estar por dentro de todas as tend\u00eancias do entretenimento \u00e9 frequentando todo e qualquer tipo de show, teatro, feiras e, inclusive, cinema. Tudo que envolve o entretenimento.\u00a0<\/span><\/p>\n<p><span style=\"font-weight: 400\">Temos um bra\u00e7o infantil na nossa empresa. Dessa forma, j\u00e1 fui diversas vezes para espet\u00e1culos infantis sozinho. Viajo tamb\u00e9m para v\u00e1rios festivais para ver o que est\u00e1 acontecendo em outras regi\u00f5es e o que est\u00e1 em tend\u00eancia no Brasil e no mundo. O nosso mercado \u00e9 muito mut\u00e1vel. Uma coisa que funcionava ontem pode n\u00e3o funcionar hoje. Do jeito que o mundo est\u00e1 r\u00e1pido e din\u00e2mico, e ao mesmo tempo descart\u00e1vel, a gente tem que buscar sempre evoluir e consumir todo tipo de entretenimento, seja digital ou presencial, para ficar por dentro de tudo que est\u00e1 acontecendo.<\/span><\/p>\n<blockquote>\n<p style=\"text-align: left\"><b>Como voc\u00ea avalia o potencial de eventos em Bras\u00edlia?<\/b><\/p>\n<\/blockquote>\n<p><span style=\"font-weight: 400\">Hoje eu considero Bras\u00edlia como uma das tr\u00eas cidades que mais respira eventos no Brasil. A capital conseguiu se destacar muito no consumo de entretenimento. Tem tudo para crescer. A gente tem, por exemplo, a reforma do Teatro Nacional que, com certeza, vai ajudar muito a trazer mais espet\u00e1culos, musicais e artistas para a cidade. Temos v\u00e1rios outros espa\u00e7os na regi\u00e3o que o governo, junto \u00e0 iniciativa privada, pode transformar em espa\u00e7os multiculturais, como o pavilh\u00e3o do Parque da Cidade. Acho que Bras\u00edlia ainda tem muito a crescer no setor de entretenimento. A gente, do segmento, est\u00e1 fazendo o m\u00e1ximo para que isso aconte\u00e7a.<\/span><\/p>\n<blockquote><p><b>Quais os grandes desafios deste segmento?<\/b><\/p><\/blockquote>\n<p><span style=\"font-weight: 400\">O desafio dessa \u00e1rea \u00e9 a instabilidade. Acho que grande parte causada pela sensibilidade que o mercado tem. Qualquer coisa que possa acontecer, como uma infla\u00e7\u00e3o, impacta. A pandemia veio para reafirmar isso. Fomos os primeiros a parar e os \u00faltimos a voltar. Somos muito sens\u00edveis a qualquer mudan\u00e7a que possa acontecer no Brasil e no mundo. Qualquer atipicidade que venha a acontecer no pa\u00eds impacta o nosso mercado, que \u00e9 um dos primeiros a sofrer.\u00a0<\/span><\/p>\n<p><span style=\"font-weight: 400\">O consumo do entretenimento ainda \u00e9 tido como sup\u00e9rfluo pelo grande p\u00fablico. Ningu\u00e9m passa um m\u00eas sem fazer compras, mas no caso de shows e festivais, esse consumo \u00e9 cortado. Quando as pessoas precisam economizar algum dinheiro, a primeira medida \u00e9 deixar de lado o entretenimento. <\/span><\/p>\n","protected":false},"excerpt":{"rendered":"<p>Neste m\u00eas de abril, a Associa\u00e7\u00e3o Brasileira dos Promotores de Eventos (Abrape) indicou que o setor de eventos de cultura e entretenimento, no pa\u00eds, continua em franca recupera\u00e7\u00e3o dos efeitos da covid-19. Nesse cen\u00e1rio, os empregos tamb\u00e9m est\u00e3o sendo impactados positivamente. At\u00e9 fevereiro, o saldo no segmento \u00e9 2,3% superior ao per\u00edodo pr\u00e9-pandemia. Ao todo, foram criadas quase 80 mil [&hellip;]<\/p>\n","protected":false},"author":138,"featured_media":242,"comment_status":"open","ping_status":"open","sticky":false,"template":"","format":"standard","meta":{"footnotes":""},"categories":[1],"tags":[],"class_list":["post-241","post","type-post","status-publish","format-standard","has-post-thumbnail","hentry","category-sem-categoria"],"_links":{"self":[{"href":"https:\/\/blogs.correiobraziliense.com.br\/marcas-e-negocios\/wp-json\/wp\/v2\/posts\/241","targetHints":{"allow":["GET"]}}],"collection":[{"href":"https:\/\/blogs.correiobraziliense.com.br\/marcas-e-negocios\/wp-json\/wp\/v2\/posts"}],"about":[{"href":"https:\/\/blogs.correiobraziliense.com.br\/marcas-e-negocios\/wp-json\/wp\/v2\/types\/post"}],"author":[{"embeddable":true,"href":"https:\/\/blogs.correiobraziliense.com.br\/marcas-e-negocios\/wp-json\/wp\/v2\/users\/138"}],"replies":[{"embeddable":true,"href":"https:\/\/blogs.correiobraziliense.com.br\/marcas-e-negocios\/wp-json\/wp\/v2\/comments?post=241"}],"version-history":[{"count":1,"href":"https:\/\/blogs.correiobraziliense.com.br\/marcas-e-negocios\/wp-json\/wp\/v2\/posts\/241\/revisions"}],"predecessor-version":[{"id":243,"href":"https:\/\/blogs.correiobraziliense.com.br\/marcas-e-negocios\/wp-json\/wp\/v2\/posts\/241\/revisions\/243"}],"wp:featuredmedia":[{"embeddable":true,"href":"https:\/\/blogs.correiobraziliense.com.br\/marcas-e-negocios\/wp-json\/wp\/v2\/media\/242"}],"wp:attachment":[{"href":"https:\/\/blogs.correiobraziliense.com.br\/marcas-e-negocios\/wp-json\/wp\/v2\/media?parent=241"}],"wp:term":[{"taxonomy":"category","embeddable":true,"href":"https:\/\/blogs.correiobraziliense.com.br\/marcas-e-negocios\/wp-json\/wp\/v2\/categories?post=241"},{"taxonomy":"post_tag","embeddable":true,"href":"https:\/\/blogs.correiobraziliense.com.br\/marcas-e-negocios\/wp-json\/wp\/v2\/tags?post=241"}],"curies":[{"name":"wp","href":"https:\/\/api.w.org\/{rel}","templated":true}]}}