{"id":236,"date":"2023-04-15T06:00:43","date_gmt":"2023-04-15T09:00:43","guid":{"rendered":"https:\/\/blogs.correiobraziliense.com.br\/marcas-e-negocios\/?p=236"},"modified":"2023-04-14T18:45:57","modified_gmt":"2023-04-14T21:45:57","slug":"o-negocio-de-transportar-plantas","status":"publish","type":"post","link":"https:\/\/blogs.correiobraziliense.com.br\/marcas-e-negocios\/2023\/04\/15\/o-negocio-de-transportar-plantas\/","title":{"rendered":"O neg\u00f3cio de transportar plantas"},"content":{"rendered":"<p><span style=\"font-weight: 400\">Al\u00e9m de purificar o ar, as plantas s\u00e3o capazes de trazer benef\u00edcios \u00e0 sa\u00fade humana. H\u00e1 quase uma d\u00e9cada e meia, um estudo japon\u00eas, publicado na Biblioteca Nacional de Medicina dos Estados Unidos, indicou que passar um tempo na natureza reduz os n\u00edveis de estresse, diminui a press\u00e3o arterial e, tamb\u00e9m, provoca um efeito relaxante no corpo.\u00a0<\/span><\/p>\n<p><span style=\"font-weight: 400\">Em Bras\u00edlia, h\u00e1 diversas op\u00e7\u00f5es de lazer ao ar livre, onde o contato com o ecossistema do cerrado \u00e9 poss\u00edvel. No entanto, h\u00e1 muitas pessoas que desejam privacidade e um ambiente especial dentro da pr\u00f3pria casa. Para isso, os garden centers s\u00e3o uma \u00f3tima alternativa para montar o pr\u00f3prio local com plantas e flores escolhidas de acordo com gostos particulares.\u00a0<\/span><\/p>\n<p><span style=\"font-weight: 400\">Neste nicho, o Transplantas \u00e9 o estabelecimento de destaque no Distrito Federal. <\/span><span style=\"font-weight: 400\">Magnum Tinen, s\u00f3cio da empresa, conta que a loja j\u00e1 possui d\u00e9cadas de expertise no segmento. \u201cTudo come\u00e7ou em 1989, quando o nosso pai e fundador saiu na primeira viagem \u00e0 cidade de Holambra com o projeto de trazer flores e plantas para fornecer \u00e0s floriculturas que existiam aqui na capital\u201d, relembra.<\/span><\/p>\n<p><span style=\"font-weight: 400\">Conhecida como a cidade das flores, Holambra fica a cerca de 130 km de S\u00e3o Paulo. O apelido n\u00e3o \u00e9 \u00e0 toa: a regi\u00e3o, anualmente, realiza a Expoflora, considerada a maior feira de flores e plantas ornamentais da Am\u00e9rica Latina. Neste ano, a sua 40\u00aa edi\u00e7\u00e3o est\u00e1 prevista para ocorrer entre os dias 25 de agosto e 24 de setembro. Em 2022, o festival recebeu aproximadamente 260 mil visitantes.<\/span><\/p>\n<p><span style=\"font-weight: 400\">Com o objetivo de se inspirar e trazer um pouco da magnitude dos produtos da Expoflora para a capital, Tinen comenta que, apesar da excelente decis\u00e3o do pai, o come\u00e7o da Transplantas foi dif\u00edcil. Logo na primeira viagem, todos os produtos adquiridos foram perdidos em fun\u00e7\u00e3o do motor do caminh\u00e3o, que foi fundido.<\/span><\/p>\n<p><span style=\"font-weight: 400\">\u201cMas nada disso o desanimou. O sonho sempre foi norteado por muita dedica\u00e7\u00e3o e foco\u201d, informa. Esses sentimentos motivaram ainda mais a cria\u00e7\u00e3o da loja. Ap\u00f3s um per\u00edodo onde a mercadoria, que vinha de Holambra, era entregue de porta em porta na casa dos clientes, o pai de Tinen teve a ideia de criar a Transplantas, nome o qual foi pensado para representar a a\u00e7\u00e3o da empresa em transportar plantas, o seu produto principal.<\/span><\/p>\n<p><span style=\"font-weight: 400\">\u201cUm dos primeiros grandes marcos da empresa, com certeza, foi a nossa transi\u00e7\u00e3o. Sa\u00edmos dos caminh\u00f5es fazendo entrega de porta em porta para loja f\u00edsica. Com isso, os clientes conseguiam ver melhor os produtos e, tamb\u00e9m, podiam compr\u00e1-los a pronta entrega. Al\u00e9m disso, a mudan\u00e7a da loja f\u00edsica, que ficava no Ceasa, para uma grande estrutura \u00e0s margens da EPTG, na Vicente Pires, tamb\u00e9m foi muito importante para n\u00f3s\u201d, avalia Tinen.\u00a0<\/span><\/p>\n<p><span style=\"font-weight: 400\">Hoje em dia, ap\u00f3s muito trabalho, a Transplantas \u00e9 considerada um dos maiores garden centers do Brasil. Segundo o empres\u00e1rio, o neg\u00f3cio de fam\u00edlia conta com uma \u00e1rea coberta de 18 mil metros quadrados e, ainda, possui a proje\u00e7\u00e3o de que aumente para 22 mil metros quadrados nos pr\u00f3ximos seis meses. Al\u00e9m do amplo espa\u00e7o, a loja possui mais de 30 mil produtos variados para atender todos os gostos da popula\u00e7\u00e3o de Bras\u00edlia.\u00a0<\/span><\/p>\n<p><span style=\"font-weight: 400\">No que diz respeito \u00e0 gest\u00e3o do garden center, o empreendedor comenta que a experi\u00eancia com jardinagem e bot\u00e2nica n\u00e3o se faz necess\u00e1ria. &#8220;Apesar de serem produtos espec\u00edficos, os cultivos s\u00e3o bem parecidos, diferenciando-se muitas vezes em poucos detalhes. O que demora um pouco mais para aprender s\u00e3o os nomes. Por exemplo, em nossa loja, comercializamos mais de 12 mil esp\u00e9cies de flores e plantas, al\u00e9m de um mix de mais 18 mil produtos de jardinagem e decora\u00e7\u00e3o\u201d, explica.\u00a0<\/span><\/p>\n<p><span style=\"font-weight: 400\">Todavia, a experi\u00eancia pode ser um ponto de destaque. Para isso, o profissional indica que \u00e9 poss\u00edvel aprofundar os conhecimentos dentro da \u00e1rea. \u201cHoje em dia, existem v\u00e1rios cursos de especializa\u00e7\u00e3o, desde o amador at\u00e9 para o mais profissional trabalhador. Inclusive, mensalmente, realizamos cursos de treinamento desde o cultivo, cuidado e, at\u00e9 mesmo, a decora\u00e7\u00e3o\u201d, informa.<\/span><\/p>\n<p><b>Criando o pr\u00f3prio neg\u00f3cio<\/b><\/p>\n<p><span style=\"font-weight: 400\">Para quem deseja seguir esta \u00e1rea de atua\u00e7\u00e3o, Tinen n\u00e3o nega o segredo por tr\u00e1s do sucesso de um garden center. Para come\u00e7ar no segmento, ele indica que \u00e9 preciso ter vontade de empreender e, em conjunto, levar a natureza, harmonia e felicidade para a vida de todo cliente que for atendido. Contudo, o ponto central do \u00eaxito do neg\u00f3cio diz respeito ao mix oferecido. \u201cTodo garden deve ser o mais completo poss\u00edvel\u201d, pontua.\u00a0<\/span><\/p>\n<p><span style=\"font-weight: 400\">Essa vis\u00e3o de neg\u00f3cio consolida o Transplantas como o garden center da capital, respons\u00e1vel por ganhar o cora\u00e7\u00e3o dos brasilienses. &#8220;Sempre fomos muito bem quistos pelos moradores do Distrito Federal, que, desde o in\u00edcio, abra\u00e7aram muito bem as nossas lojas. Sempre recebemos um grande carinho de cada cliente que visita os nossos estabelecimentos\u201d, ressalta.\u00a0<\/span><\/p>\n<blockquote>\n<h2>&#8220;\u00c9 preciso ter vontade de empreender e, em conjunto, levar a natureza, harmonia e felicidade para a vida de todo cliente que for atendido&#8221;<\/h2>\n<h2>&#8211;\u00a0Magnum Tinen, s\u00f3cio da Transplantas Garden Center<\/h2>\n<\/blockquote>\n<p><b>Tr\u00eas perguntas para <\/b><b>Magnum Tinen, s\u00f3cio da Transplantas Garden Center:<\/b><\/p>\n<blockquote><p><b>Qual o per\u00edodo de maior procura?\u00a0<\/b><\/p><\/blockquote>\n<p><span style=\"font-weight: 400\">O per\u00edodo de maior procura de produtos com certeza \u00e9 em maio, pois al\u00e9m dos Dias das M\u00e3es, \u00e9 um m\u00eas muito escolhido para casamentos. Temos um aumento estimado de 60% quando comparado \u00e0s outras \u00e9pocas convencionais.<\/span><\/p>\n<blockquote><p><b>De onde vem os produtos vendidos na Transplantas?<\/b><\/p><\/blockquote>\n<p><span style=\"font-weight: 400\">Hoje trazemos flores, plantas e acess\u00f3rios do Nordeste, Sul, Sudeste e Centro-Oeste, variando muito do tipo de produto. Toda log\u00edstica \u00e9 feita em caminh\u00f5es pr\u00f3prios, por conta do compromisso com a chegada dos produtos em nossa loja. Precisamos garantir que o produto esteja sempre no nosso estabelecimento at\u00e9 \u00e0s 6 horas da manh\u00e3 para que consigamos atender os mais variados clientes.<\/span><\/p>\n<blockquote><p><b>Como a Transplantas prepara os seus produtos de acordo com as esta\u00e7\u00f5es?<\/b><\/p><\/blockquote>\n<p><span style=\"font-weight: 400\">Preparamos o mix com um anteced\u00eancia m\u00ednima de 3 meses, pois apesar de disponibilidade da maioria dos produtos o ano inteiro, sempre os produtos daquela esta\u00e7\u00e3o tendem a ter uma procura muito maior.<\/span><\/p>\n","protected":false},"excerpt":{"rendered":"<p>Al\u00e9m de purificar o ar, as plantas s\u00e3o capazes de trazer benef\u00edcios \u00e0 sa\u00fade humana. H\u00e1 quase uma d\u00e9cada e meia, um estudo japon\u00eas, publicado na Biblioteca Nacional de Medicina dos Estados Unidos, indicou que passar um tempo na natureza reduz os n\u00edveis de estresse, diminui a press\u00e3o arterial e, tamb\u00e9m, provoca um efeito relaxante no corpo.\u00a0 Em Bras\u00edlia, h\u00e1 [&hellip;]<\/p>\n","protected":false},"author":138,"featured_media":237,"comment_status":"open","ping_status":"open","sticky":false,"template":"","format":"standard","meta":{"footnotes":""},"categories":[1],"tags":[],"class_list":["post-236","post","type-post","status-publish","format-standard","has-post-thumbnail","hentry","category-sem-categoria"],"_links":{"self":[{"href":"https:\/\/blogs.correiobraziliense.com.br\/marcas-e-negocios\/wp-json\/wp\/v2\/posts\/236","targetHints":{"allow":["GET"]}}],"collection":[{"href":"https:\/\/blogs.correiobraziliense.com.br\/marcas-e-negocios\/wp-json\/wp\/v2\/posts"}],"about":[{"href":"https:\/\/blogs.correiobraziliense.com.br\/marcas-e-negocios\/wp-json\/wp\/v2\/types\/post"}],"author":[{"embeddable":true,"href":"https:\/\/blogs.correiobraziliense.com.br\/marcas-e-negocios\/wp-json\/wp\/v2\/users\/138"}],"replies":[{"embeddable":true,"href":"https:\/\/blogs.correiobraziliense.com.br\/marcas-e-negocios\/wp-json\/wp\/v2\/comments?post=236"}],"version-history":[{"count":3,"href":"https:\/\/blogs.correiobraziliense.com.br\/marcas-e-negocios\/wp-json\/wp\/v2\/posts\/236\/revisions"}],"predecessor-version":[{"id":240,"href":"https:\/\/blogs.correiobraziliense.com.br\/marcas-e-negocios\/wp-json\/wp\/v2\/posts\/236\/revisions\/240"}],"wp:featuredmedia":[{"embeddable":true,"href":"https:\/\/blogs.correiobraziliense.com.br\/marcas-e-negocios\/wp-json\/wp\/v2\/media\/237"}],"wp:attachment":[{"href":"https:\/\/blogs.correiobraziliense.com.br\/marcas-e-negocios\/wp-json\/wp\/v2\/media?parent=236"}],"wp:term":[{"taxonomy":"category","embeddable":true,"href":"https:\/\/blogs.correiobraziliense.com.br\/marcas-e-negocios\/wp-json\/wp\/v2\/categories?post=236"},{"taxonomy":"post_tag","embeddable":true,"href":"https:\/\/blogs.correiobraziliense.com.br\/marcas-e-negocios\/wp-json\/wp\/v2\/tags?post=236"}],"curies":[{"name":"wp","href":"https:\/\/api.w.org\/{rel}","templated":true}]}}