{"id":228,"date":"2023-04-01T06:00:19","date_gmt":"2023-04-01T09:00:19","guid":{"rendered":"https:\/\/blogs.correiobraziliense.com.br\/marcas-e-negocios\/?p=228"},"modified":"2023-03-31T19:40:33","modified_gmt":"2023-03-31T22:40:33","slug":"mercado-editorial-no-mundo-digital","status":"publish","type":"post","link":"https:\/\/blogs.correiobraziliense.com.br\/marcas-e-negocios\/2023\/04\/01\/mercado-editorial-no-mundo-digital\/","title":{"rendered":"Mercado editorial no mundo digital"},"content":{"rendered":"<p>Na quarta-feira (29), o empreendedor Elon Musk solicitou uma pausa de seis meses na pesquisa sobre Intelig\u00eancias Artificiais (IAs) mais avan\u00e7adas que o GPT-4, modelo lan\u00e7ado em mar\u00e7o, pela OpenAI. Musk alertou que a tecnologia traz grandes riscos para a humanidade.<\/p>\n<p>Um dos motivos pode estar relacionado ao futuro dos empregos em \u00e2mbito mundial. Em conjunto com a Universidade da Pensilv\u00e2nia, nos Estados Unidos, pesquisadores da empresa respons\u00e1vel pela cria\u00e7\u00e3o da ferramenta apresentaram um estudo indicando as profiss\u00f5es mais impactadas com o avan\u00e7o das IAs.<\/p>\n<p>Levando em considera\u00e7\u00e3o o mercado de trabalho norte-americano, 82,5% dos redatores e autores, e 68,8% dos poetas, compositores e escritores est\u00e3o expostos \u00e0s tecnologias. Os dados foram apresentados pelo peri\u00f3dico The Wall Street Journal.<\/p>\n<p>Na an\u00e1lise de Victor Tagore, editor-chefe da Tagore Editora, empresa de Bras\u00edlia, as IAs est\u00e3o incidindo amplamente no mercado editorial. &#8220;Est\u00e1 mexendo com a forma de escrever e tamb\u00e9m com concursos liter\u00e1rios, que n\u00e3o t\u00eam como se proteger de pessoas que usam esse tipo de ferramenta para criar textos&#8221;, avalia.<\/p>\n<p>No entanto, apesar das IAs preocuparem, o mundo digital tem facetas interessantes para serem exploradas. O editor-chefe da Tagore comenta, por exemplo, que a editora surgiu da necessidade de produzir e-books, em 2016. \u201cEu acreditava que esse mercado teria um boom, o que, na verdade, est\u00e1 acontecendo agora, com a grande alta dos insumos\u201d, informa.<\/p>\n<p>A aposta no neg\u00f3cio foi exitosa e tende a se manter de forma positiva ao longo dos anos. Por meio de um levantamento realizado pela empresa Business Wire, foi indicado que o mercado de e-books deve crescer 28% no que envolve receitas, em \u00e2mbito mundial, at\u00e9 2026, com alta anual m\u00e9dia de quase 5%.<\/p>\n<p>\u201cAtualmente, o livro impresso compartilha o seu espa\u00e7o com o eletr\u00f4nico e o \u00e1udio. Todos s\u00e3o livros e, na Tagore, fazemos todos os formatos. Mas vejo que impresso tem dois pontos: prest\u00edgio e liberdade. O livro impresso, assim como o jornal, ainda \u00e9 um local de liberdade de pensamento\u201d, analisa.<\/p>\n<p>Apesar da grande variedade de espa\u00e7os onde \u00e9 poss\u00edvel inserir um conte\u00fado, Tagore indica que h\u00e1 p\u00fablicos definidos para cada formato. &#8220;Vejo o livro impresso para romances, contos, hist\u00f3rias de fam\u00edlias e biografias. Livros com qualidade gr\u00e1fica de excel\u00eancia. J\u00e1 o mundo t\u00e9cnico \u00e9 todo digital. Do direito at\u00e9 a pr\u00f3pria biblioteconomia. Tudo depende sempre de uma avalia\u00e7\u00e3o da perenidade do assunto&#8221;, ressalta.<\/p>\n<blockquote>\n<h2><strong>&#8220;O livro impresso, assim como o jornal, ainda \u00e9 um local de liberdade de pensamento&#8221;<\/strong><\/h2>\n<h2><strong>&#8211;\u00a0Victor Tagore, editor-chefe da Tagore Editora<\/strong><\/h2>\n<\/blockquote>\n<p><strong>Dados do setor<\/strong><\/p>\n<p>De acordo com o Sindicato Nacional dos Editores de Livros (SNEL), em rela\u00e7\u00e3o ao mesmo per\u00edodo do ano passado, fevereiro registrou queda de 12,93% em volume e 7,61% em faturamento das empresas do mercado editorial.<\/p>\n<p>Segundo a entidade, a venda de 4,03 milh\u00f5es de exemplares, com uma receita de R$ 194,88 milh\u00f5es, n\u00e3o foi o suficiente para superar o desempenho do mesmo m\u00eas do ano anterior, que registrava 4,63 milh\u00f5es de livros movimentados e um faturamento de R$ 210,94 milh\u00f5es.<\/p>\n<p>\u201cO evidente decl\u00ednio do per\u00edodo vem confirmar as preocupa\u00e7\u00f5es demonstradas pelo setor com o cen\u00e1rio econ\u00f4mico. Ainda \u00e9 cedo para estabelecermos uma tend\u00eancia de m\u00e9dio prazo, mas ser\u00e1 fundamental que o Produto Interno Bruto (PIB) apresente sinais de crescimento sustentado\u201d, destaca Dante Cid, presidente do SNEL.<\/p>\n<p>Na an\u00e1lise do editor-chefe da Tagore Editora, h\u00e1 grandes desafios no cen\u00e1rio atual do setor, especialmente para escritores do pa\u00eds. \u201cO maior desafio para o livro brasileiro \u00e9 o pr\u00f3prio brasileiro, que n\u00e3o consegue ser atra\u00eddo para ler a literatura nacional\u201d, comenta.<\/p>\n<p>Para Tagore, a pandemia tamb\u00e9m trouxe d\u00e9ficits significativos para o segmento. O especialista observa que muitas livrarias e distribuidoras fecharam as portas. Com essa realidade, se os grandes estabelecimentos sentiram dificuldades, a situa\u00e7\u00e3o para empresas menores tamb\u00e9m foi complexa.<\/p>\n<p>\u201cLogo, os pequenos empreendimentos, que n\u00e3o tinham estrutura de venda on-line, passaram por isso. No entanto, tivemos um fortalecimento de quem j\u00e1 era consolidado no mercado. A Amazon, por exemplo, saiu de 20% das vendas para 64%, no Brasil\u201d, destaca.<\/p>\n<p><strong>Tr\u00eas perguntas para Victor Tagore, editor-chefe da Tagore Editora:<\/strong><\/p>\n<blockquote><p><strong>O que uma equipe editorial faz?<\/strong><\/p><\/blockquote>\n<p>Revis\u00e3o de texto, copidesque de texto, leitura cr\u00edtica, design gr\u00e1fico, design de capa do livro, ilustra\u00e7\u00f5es, marketing editorial, log\u00edstica editorial, distribui\u00e7\u00e3o e venda de livros e projetos culturais.<\/p>\n<blockquote><p><strong>Como \u00e9 o dia a dia dentro deste mercado?<\/strong><\/p><\/blockquote>\n<p>Super corrido, para quem acha que livro \u00e9 coisa antiga. \u00c9, na verdade, uma loucura em cada lan\u00e7amento e novo projeto. A Apple lan\u00e7a um telefone por ano. N\u00f3s, por outro lado, considerando as devidas propor\u00e7\u00f5es, lan\u00e7amos 10 produtos anualmente. Al\u00e9m disso, cada livro tem o seu p\u00fablico, que precisa ser estudado, pensado e atra\u00eddo para aquele conte\u00fado. Ainda a log\u00edstica, que \u00e9 uma tarefa herc\u00falea e burocr\u00e1tica, e que tem que ser travada junto aos nossos parceiros, que s\u00e3o as livrarias e distribuidores.<\/p>\n<blockquote><p><strong>H\u00e1 muitos escritores brasilienses?<\/strong><\/p><\/blockquote>\n<p>Muitos e de \u00f3tima qualidade. Para fomentar esses escritores, a Tagore Editora tem um projeto, com a Livraria Leitura, que abre espa\u00e7o para livros de autores locais, que se chama &#8220;Leia um autor de BSB&#8221;. Em todas as livrarias da rede, no Distrito Federal, h\u00e1 uma estante para a literatura de Bras\u00edlia.<\/p>\n","protected":false},"excerpt":{"rendered":"<p>Na quarta-feira (29), o empreendedor Elon Musk solicitou uma pausa de seis meses na pesquisa sobre Intelig\u00eancias Artificiais (IAs) mais avan\u00e7adas que o GPT-4, modelo lan\u00e7ado em mar\u00e7o, pela OpenAI. Musk alertou que a tecnologia traz grandes riscos para a humanidade. Um dos motivos pode estar relacionado ao futuro dos empregos em \u00e2mbito mundial. Em conjunto com a Universidade da [&hellip;]<\/p>\n","protected":false},"author":138,"featured_media":229,"comment_status":"open","ping_status":"open","sticky":false,"template":"","format":"standard","meta":{"footnotes":""},"categories":[1],"tags":[],"class_list":["post-228","post","type-post","status-publish","format-standard","has-post-thumbnail","hentry","category-sem-categoria"],"_links":{"self":[{"href":"https:\/\/blogs.correiobraziliense.com.br\/marcas-e-negocios\/wp-json\/wp\/v2\/posts\/228","targetHints":{"allow":["GET"]}}],"collection":[{"href":"https:\/\/blogs.correiobraziliense.com.br\/marcas-e-negocios\/wp-json\/wp\/v2\/posts"}],"about":[{"href":"https:\/\/blogs.correiobraziliense.com.br\/marcas-e-negocios\/wp-json\/wp\/v2\/types\/post"}],"author":[{"embeddable":true,"href":"https:\/\/blogs.correiobraziliense.com.br\/marcas-e-negocios\/wp-json\/wp\/v2\/users\/138"}],"replies":[{"embeddable":true,"href":"https:\/\/blogs.correiobraziliense.com.br\/marcas-e-negocios\/wp-json\/wp\/v2\/comments?post=228"}],"version-history":[{"count":1,"href":"https:\/\/blogs.correiobraziliense.com.br\/marcas-e-negocios\/wp-json\/wp\/v2\/posts\/228\/revisions"}],"predecessor-version":[{"id":230,"href":"https:\/\/blogs.correiobraziliense.com.br\/marcas-e-negocios\/wp-json\/wp\/v2\/posts\/228\/revisions\/230"}],"wp:featuredmedia":[{"embeddable":true,"href":"https:\/\/blogs.correiobraziliense.com.br\/marcas-e-negocios\/wp-json\/wp\/v2\/media\/229"}],"wp:attachment":[{"href":"https:\/\/blogs.correiobraziliense.com.br\/marcas-e-negocios\/wp-json\/wp\/v2\/media?parent=228"}],"wp:term":[{"taxonomy":"category","embeddable":true,"href":"https:\/\/blogs.correiobraziliense.com.br\/marcas-e-negocios\/wp-json\/wp\/v2\/categories?post=228"},{"taxonomy":"post_tag","embeddable":true,"href":"https:\/\/blogs.correiobraziliense.com.br\/marcas-e-negocios\/wp-json\/wp\/v2\/tags?post=228"}],"curies":[{"name":"wp","href":"https:\/\/api.w.org\/{rel}","templated":true}]}}