{"id":157,"date":"2023-01-07T06:00:20","date_gmt":"2023-01-07T09:00:20","guid":{"rendered":"https:\/\/blogs.correiobraziliense.com.br\/marcas-e-negocios\/?p=157"},"modified":"2023-01-06T17:05:18","modified_gmt":"2023-01-06T20:05:18","slug":"atacarejo-em-ascensao-no-brasil","status":"publish","type":"post","link":"https:\/\/blogs.correiobraziliense.com.br\/marcas-e-negocios\/2023\/01\/07\/atacarejo-em-ascensao-no-brasil\/","title":{"rendered":"Dia a Dia expande com tecnologia"},"content":{"rendered":"<p><span style=\"font-weight: 400\">Quando as celebra\u00e7\u00f5es de r\u00e9veillon finalizam, o carnaval entra em cena como uma das datas mais aguardadas pelos brasileiros. Seja pela festan\u00e7a ou pelo per\u00edodo de descanso, o m\u00eas de fevereiro <\/span><span style=\"font-weight: 400\">\u2013<\/span><span style=\"font-weight: 400\"> \u00e0s vezes, de mar\u00e7o <\/span><span style=\"font-weight: 400\">\u2013<\/span><span style=\"font-weight: 400\"> gera uma grande expectativa em todo o pa\u00eds. Al\u00e9m disso, devido ao aquecimento expressivo nas vendas de diferentes setores, a ocasi\u00e3o tamb\u00e9m \u00e9 ansiada pelo com\u00e9rcio.\u00a0<\/span><\/p>\n<p><span style=\"font-weight: 400\">Para o Atacad\u00e3o Dia a Dia, refer\u00eancia do setor no Distrito Federal, \u00e9 esperado um crescimento de 25% nas vendas. O CEO Branco Amaral indica que haver\u00e1 uma aposta em produtos variados para atrair os consumidores. &#8220;Em 2023, o destaque do Dia a Dia \u00e9 o servi\u00e7o de bebidas geladas, dispon\u00edvel em algumas unidades do grupo. Soma-se a isso, uma adega com diversos r\u00f3tulos de vinhos e espumantes para todas as ocasi\u00f5es e paladares. H\u00e1, ainda, uma grande variedade de cervejas comuns e especiais&#8221;, comenta.\u00a0<\/span><\/p>\n<p><span style=\"font-weight: 400\">Entretanto, a for\u00e7a da empresa dentro do mercado n\u00e3o se limita apenas \u00e0s datas celebrativas, como a do carnaval. Com 26 unidades no Brasil, o grupo possui 13 lojas no Distrito Federal e cinco no entorno. Goi\u00e1s, Bahia, Tocantins e Minas Gerais tamb\u00e9m abrigam lojas do Dia a Dia, respons\u00e1vel por atuar no modelo atacado-varejista, mais conhecido como mercado de Cash &amp; Carry. Em 2022, o grupo teve um \u00f3timo desempenho e conseguiu consolidar a marca dentro das \u00e1reas de expans\u00e3o e tecnologia.\u00a0<\/span><\/p>\n<p><span style=\"font-weight: 400\">Exemplo disso est\u00e1 relacionado \u00e0 conquista do t\u00edtulo das cem maiores empresas que cresceram com o uso de Tecnologia da Informa\u00e7\u00e3o. A premia\u00e7\u00e3o, realizada pela IT M\u00eddia, apresentou os empreendimentos que mais tiveram expertise tecnol\u00f3gica no pa\u00eds. Projetos como \u201cfiscal remoto\u201d e \u201cbuscador de pre\u00e7os inteligentes&#8221; foram algumas das iniciativas desenvolvidas pelo time de tecnologia do Dia a Dia.<\/span><\/p>\n<p><span style=\"font-weight: 400\">Al\u00e9m disso, houve a implementa\u00e7\u00e3o do 5G em todas as unidades do grupo, o que contribuiu com a agilidade de processos organizacionais e redu\u00e7\u00e3o de gastos com cabeamento nas lojas, seja para ponto de venda (PDV) ou computadores. &#8220;Hoje, existe um custo alto para passar cabeamento em todos os nossos dispositivos de T.I, seja um cabo convencional ou fibra \u00f3ptica. J\u00e1 com o 5G, temos a op\u00e7\u00e3o que as operadoras telef\u00f4nicas chamam de 5G privativo, ou seja, n\u00e3o utiliza cabos, links de internet ou derivados\u201d, explicou Marlon Amaral, CFO do Dia a Dia.<\/span><\/p>\n<p><span style=\"font-weight: 400\">Para alcan\u00e7ar o reconhecimento na \u00e1rea tecnol\u00f3gica, o trabalho \u00e1rduo faz parte da rotina da empresa, segundo o CEO, Branco Amaral, al\u00e9m de uma gest\u00e3o de excel\u00eancia. Nesse contexto, estar atento \u00e0s tend\u00eancias e buscar novos conhecimentos de forma constante, a fim de se reinventar, s\u00e3o aspectos fundamentais para o \u00eaxito empresarial. Outro ponto de grande import\u00e2ncia diz respeito \u00e0 valoriza\u00e7\u00e3o da equipe.\u00a0<\/span><\/p>\n<p><span style=\"font-weight: 400\">&#8220;Para fortalecer o relacionamento com colaboradores, faz-se necess\u00e1rio valorizar a pessoa e o grupo empresarial. O grupo possui valores que almejam a evolu\u00e7\u00e3o do time e estimulam o plano de carreira. Um bom gestor compreende que \u00e9 necess\u00e1rio manter a empresa organizada e pr\u00f3spera, a fim de que todos se sintam em um ambiente de trabalho est\u00e1vel e seguro&#8221;, ressalta.<\/span><\/p>\n<p><span style=\"font-weight: 400\">Mantendo esses valores, no per\u00edodo de abril a dezembro de 2022, o Dia a Dia inaugurou cinco lojas, sendo elas: Planaltina (DF), Aparecida de Goi\u00e2nia (GO) e Una\u00ed (MG); e as duas \u00faltimas, tamb\u00e9m no Distrito Federal, no formato premium, Jardim Bot\u00e2nico e Vicente Pires, na rua 04. Para este ano, \u00e9 previsto a inaugura\u00e7\u00e3o de mais cinco unidades nas regi\u00f5es de Goi\u00e2nia, Planaltina (Mestre D&#8217;armas), Brazl\u00e2ndia, Samambaia e Cidade Ocidental. Os clientes ainda podem esperar, segundo Branco, lojas mais amplas, atendimento de excel\u00eancia, mix amplo e diversificado.\u00a0<\/span><\/p>\n<blockquote>\n<h4><em><span style=\"font-weight: 400\">A estrada foi longa e os aprendizados intensos, mas foi exatamente assim que a empresa prosperou. A humildade, integridade e excel\u00eancia nos guiaram para o amadurecimento e fortalecimento da marca<\/span><\/em><\/h4>\n<h4><em><span style=\"font-weight: 400\">&#8211; Branco Amaral, CEO do Atacad\u00e3o Dia a Dia.<br \/>\n<\/span><\/em><\/h4>\n<\/blockquote>\n<p><b>Longa estrada<\/b><\/p>\n<p><span style=\"font-weight: 400\">Considerado um dos maiores atacarejos do Centro-Oeste, respons\u00e1vel por gerar emprego e oportunidades nas cinco regi\u00f5es do pa\u00eds, o Dia a Dia possui, atualmente, um quadro de colaboradores que gira em torno de 10 mil funcion\u00e1rios diretos e indiretos. Para alcan\u00e7ar esse marco, Branco n\u00e3o nega a receita do sucesso: &#8220;reconhecemos nossas ra\u00edzes e todo o caminho que percorremos para chegarmos at\u00e9 aqui. A estrada foi longa e os aprendizados intensos, mas foi exatamente assim que a empresa prosperou. A humildade, integridade e excel\u00eancia nos guiaram para o amadurecimento e fortalecimento da marca&#8221;, refor\u00e7a.<\/span><\/p>\n<p><b>Tr\u00eas perguntas para <\/b><b>Branco Amaral, CEO do Atacad\u00e3o Dia a Dia:<\/b><\/p>\n<blockquote><p><b>Qual a expectativa para este ano?<\/b><\/p><\/blockquote>\n<p><span style=\"font-weight: 400\">Nosso foco permanece voltado para o crescimento e a expans\u00e3o. Al\u00e9m, \u00e9 claro, de seguir melhorando cada vez mais a experi\u00eancia do cliente.<\/span><\/p>\n<blockquote><p><b>Como o Dia a Dia apoia a agricultura familiar?<\/b><\/p><\/blockquote>\n<p><span style=\"font-weight: 400\">Primeiramente, buscando esse segmento dentro do universo do agroneg\u00f3cio. Segundo, fazendo negocia\u00e7\u00f5es diretamente com pequenos e m\u00e9dios produtores, onde se paga um pre\u00e7o justo pelos produtos. Nesse processo, o departamento comercial realiza diferentes tratativas no contrato, que respeitam as particularidades de cada produtor.<\/span><\/p>\n<blockquote><p><b>Qual o potencial do mercado atacadista no Brasil?<\/b><\/p><\/blockquote>\n<p><b>\u00a0<\/b><span style=\"font-weight: 400\">Esse novo formato de compra ganhou a prefer\u00eancia do brasileiro. A tend\u00eancia \u00e9 que permane\u00e7a em forte ascens\u00e3o no Brasil, consolidando-se como principal refer\u00eancia de vendas no varejo alimentar. Qualidade dos produtos, consumo consciente, pre\u00e7o baixo e praticidade, s\u00e3o os diferenciais para os consumidores de modo geral. Dessa forma, a experi\u00eancia de compra fica ainda mais atrativa.\u00a0<\/span><\/p>\n","protected":false},"excerpt":{"rendered":"<p>Quando as celebra\u00e7\u00f5es de r\u00e9veillon finalizam, o carnaval entra em cena como uma das datas mais aguardadas pelos brasileiros. Seja pela festan\u00e7a ou pelo per\u00edodo de descanso, o m\u00eas de fevereiro \u2013 \u00e0s vezes, de mar\u00e7o \u2013 gera uma grande expectativa em todo o pa\u00eds. Al\u00e9m disso, devido ao aquecimento expressivo nas vendas de diferentes setores, a ocasi\u00e3o tamb\u00e9m \u00e9 [&hellip;]<\/p>\n","protected":false},"author":138,"featured_media":166,"comment_status":"open","ping_status":"open","sticky":false,"template":"","format":"standard","meta":{"footnotes":""},"categories":[1],"tags":[],"class_list":["post-157","post","type-post","status-publish","format-standard","has-post-thumbnail","hentry","category-sem-categoria"],"_links":{"self":[{"href":"https:\/\/blogs.correiobraziliense.com.br\/marcas-e-negocios\/wp-json\/wp\/v2\/posts\/157","targetHints":{"allow":["GET"]}}],"collection":[{"href":"https:\/\/blogs.correiobraziliense.com.br\/marcas-e-negocios\/wp-json\/wp\/v2\/posts"}],"about":[{"href":"https:\/\/blogs.correiobraziliense.com.br\/marcas-e-negocios\/wp-json\/wp\/v2\/types\/post"}],"author":[{"embeddable":true,"href":"https:\/\/blogs.correiobraziliense.com.br\/marcas-e-negocios\/wp-json\/wp\/v2\/users\/138"}],"replies":[{"embeddable":true,"href":"https:\/\/blogs.correiobraziliense.com.br\/marcas-e-negocios\/wp-json\/wp\/v2\/comments?post=157"}],"version-history":[{"count":6,"href":"https:\/\/blogs.correiobraziliense.com.br\/marcas-e-negocios\/wp-json\/wp\/v2\/posts\/157\/revisions"}],"predecessor-version":[{"id":167,"href":"https:\/\/blogs.correiobraziliense.com.br\/marcas-e-negocios\/wp-json\/wp\/v2\/posts\/157\/revisions\/167"}],"wp:featuredmedia":[{"embeddable":true,"href":"https:\/\/blogs.correiobraziliense.com.br\/marcas-e-negocios\/wp-json\/wp\/v2\/media\/166"}],"wp:attachment":[{"href":"https:\/\/blogs.correiobraziliense.com.br\/marcas-e-negocios\/wp-json\/wp\/v2\/media?parent=157"}],"wp:term":[{"taxonomy":"category","embeddable":true,"href":"https:\/\/blogs.correiobraziliense.com.br\/marcas-e-negocios\/wp-json\/wp\/v2\/categories?post=157"},{"taxonomy":"post_tag","embeddable":true,"href":"https:\/\/blogs.correiobraziliense.com.br\/marcas-e-negocios\/wp-json\/wp\/v2\/tags?post=157"}],"curies":[{"name":"wp","href":"https:\/\/api.w.org\/{rel}","templated":true}]}}