{"id":150,"date":"2022-12-24T06:00:46","date_gmt":"2022-12-24T09:00:46","guid":{"rendered":"https:\/\/blogs.correiobraziliense.com.br\/marcas-e-negocios\/?p=150"},"modified":"2022-12-22T11:22:49","modified_gmt":"2022-12-22T14:22:49","slug":"pelo-patrocinio-do-esporte-no-df","status":"publish","type":"post","link":"https:\/\/blogs.correiobraziliense.com.br\/marcas-e-negocios\/2022\/12\/24\/pelo-patrocinio-do-esporte-no-df\/","title":{"rendered":"Pelo patroc\u00ednio do Esporte no DF"},"content":{"rendered":"<p><span style=\"font-weight: 400\">Tr\u00eas anos antes de Bras\u00edlia ser fundada, surgia, na futura capital do pa\u00eds, a Associa\u00e7\u00e3o Comercial do Distrito Federal (ACDF). Entidade mais antiga da regi\u00e3o candanga, a organiza\u00e7\u00e3o possui o intuito de representar os seus associados, as atividades econ\u00f4micas e profissionais perante os poderes constitu\u00eddos. Por meio da entidade, h\u00e1 uma orienta\u00e7\u00e3o, amparo e cria\u00e7\u00e3o de a\u00e7\u00f5es voltadas ao desenvolvimento do DF.\u00a0<\/span><\/p>\n<p><span style=\"font-weight: 400\">Buscando oferecer suporte para o crescimento econ\u00f4mico e sustent\u00e1vel de Bras\u00edlia, a ACDF disp\u00f5e de oito conselhos tem\u00e1ticos, voltados para diferentes segmentos. A grande miss\u00e3o dessas congrega\u00e7\u00f5es envolve uma atua\u00e7\u00e3o conectada com a popula\u00e7\u00e3o e, tamb\u00e9m, de novas esferas do com\u00e9rcio e da ind\u00fastria.\u00a0<\/span><\/p>\n<p><span style=\"font-weight: 400\">\u201cDurante os anos de 1970 e 1980, a ACDF lutou pela representatividade pol\u00edtica na cidade e serviu como uma esp\u00e9cie de assembleia legislativa, trazendo debates importantes para a comunidade do DF\u201d, comenta Lindberg Cury J\u00fanior, presidente do Conselho de Esportes da Associa\u00e7\u00e3o. \u201cNesse cen\u00e1rio, na ACDF criou novas oportunidades em diferentes \u00e1reas. No nosso segmento, contamos com a cria\u00e7\u00e3o do Bras\u00edlia Esporte Clube \u2014 atual Bras\u00edlia Futebol Clube, detentor de oito t\u00edtulos estaduais no futebol profissional\u201d, complementa o profissional.\u00a0<\/span><\/p>\n<p><span style=\"font-weight: 400\">Segundo Lindberg, mantendo sua tradi\u00e7\u00e3o hist\u00f3rica, a ACDF continua abrindo espa\u00e7o para assuntos de interesse da coletividade por meio de iniciativas especiais segmentadas por conselhos. No que diz respeito ao lado esportivo, para oferecer ideias e iniciativas que dialoguem com a sociedade, a Associa\u00e7\u00e3o conta com um grupo formado por atletas ol\u00edmpicos e paral\u00edmpicos; gestores p\u00fablicos e privados do esporte; e consultores e empres\u00e1rios do segmento.\u00a0<\/span><\/p>\n<p><span style=\"font-weight: 400\">Em conjunto, a equipe segue duas linhas de a\u00e7\u00e3o. A primeira delas est\u00e1 voltada \u00e0 discuss\u00e3o da cadeia produtiva do esporte. J\u00e1 a segunda visa formular propostas na condu\u00e7\u00e3o de pol\u00edticas p\u00fablicas. \u201cNesse contexto, nosso papel \u00e9 servir de interlocutor entre os anseios do segmento esportivo, do empresariado e do poder p\u00fablico no \u00e2mbito do Distrito Federal\u201d, complementa Lindberg.\u00a0<\/span><\/p>\n<p><span style=\"font-weight: 400\">Inspirado no Conselho de Esportes da Associa\u00e7\u00e3o Comercial do Rio de Janeiro, a congrega\u00e7\u00e3o esportiva da ACDF foi institu\u00edda em 2018, em uma reuni\u00e3o que contou com a presen\u00e7a do velejador brasileiro e medalhista ol\u00edmpico Lars Grael. Segundo Lindberg, desde a sua cria\u00e7\u00e3o, o Conselho serviu como um elo entre o segmento esportivo, os investidores e, tamb\u00e9m, o poder p\u00fablico.<\/span><\/p>\n<p><span style=\"font-weight: 400\">\u201cAbrimos di\u00e1logo com todos os secret\u00e1rios da pasta do Governo do Distrito Federal (GDF) e apresentamos propostas. No campo dos neg\u00f3cios, fizemos uma intermedia\u00e7\u00e3o entre o desenvolvedor de um aplicativo para talentos esportivos e profissionais do esporte aqui no DF. Entretanto, a pandemia prejudicou o funcionamento e a continuidade de algumas a\u00e7\u00f5es, mas com a retomada das atividades e, em especial, com o apoio da dire\u00e7\u00e3o da ACDF aos conselhos tem\u00e1ticos, a perspectiva para os pr\u00f3ximos anos \u00e9 animadora\u201d, ressalta.\u00a0<\/span><\/p>\n<p><span style=\"font-weight: 400\">Com isso, para 2023, a expectativa de Lindberg \u00e9 que duas pautas sejam discutidas prioritariamente: a cria\u00e7\u00e3o de um lei de incentivo ao esporte em Bras\u00edlia e um debate mais amplo sobre os patroc\u00ednios esportivos. De acordo com o presidente do Conselho, o ano iniciar\u00e1 com o foco nesses temas e, depois, seguir\u00e1 um calend\u00e1rio definido para reuni\u00f5es, com o intuito de apresentar novas necessidades do segmento, pensando a m\u00e9dio e longo prazo.<\/span><\/p>\n<p><span style=\"font-weight: 400\">Sobre o futuro do Conselho, Lindberg adianta: \u201cqueremos ser um centro de debates e formula\u00e7\u00e3o de propostas para o desenvolvimento do esporte no DF. Seja para estimular a cadeia produtiva do esporte e aumentar o volume de investimentos no setor, seja para aumentar a efici\u00eancia das pol\u00edticas p\u00fablicas esportivas na melhora da qualidade de vida de toda nossa popula\u00e7\u00e3o\u201d, informa.<\/span><\/p>\n<p><b>Tr\u00eas perguntas para <\/b><b>Lindberg Cury J\u00fanior, presidente do Conselho de Esportes da Associa\u00e7\u00e3o Comercial do Distrito Federal (ACDF):<\/b><\/p>\n<p><b>Por que o esporte \u00e9 importante e necess\u00e1rio para a popula\u00e7\u00e3o?<\/b><\/p>\n<p><span style=\"font-weight: 400\">Quando promovemos a pr\u00e1tica esportiva e de atividades f\u00edsicas, estamos promovendo sa\u00fade, educa\u00e7\u00e3o, intera\u00e7\u00e3o de pessoas e inclus\u00e3o social. Quando realizamos eventos esportivos, movimentando os neg\u00f3cios e a cadeia produtiva do esporte, al\u00e9m de criar op\u00e7\u00f5es de entretenimento e gerar riqueza.\u00a0<\/span><\/p>\n<p><b>Como os esportes do DF poderiam melhorar?\u00a0<\/b><\/p>\n<p><span style=\"font-weight: 400\">O Distrito Federal tem potencial para ser modelo e refer\u00eancia no esporte nacional. \u00c9 enorme a quantidade de pessoas em atividades esportivas nos parques, nos espa\u00e7os p\u00fablicos, nos clubes e nos campos esportivos. Mas faltam informa\u00e7\u00f5es e dados sobre essas atividades para melhorar a formula\u00e7\u00e3o de pol\u00edticas p\u00fablicas e o atendimento \u00e0 popula\u00e7\u00e3o. Precisamos avan\u00e7ar nessa quest\u00e3o. Tamb\u00e9m precisamos melhorar a consci\u00eancia do empresariado e do poder p\u00fablico para aumentar os investimentos no esporte e criar sinergias com as \u00e1reas envolvidas e impactadas com o crescimento do setor \u2014 sa\u00fade, educa\u00e7\u00e3o, turismo e seguran\u00e7a p\u00fablica, entre outros setores.<\/span><\/p>\n<p><b>Qual a avalia\u00e7\u00e3o do Conselho sobre o esporte na cidade?<\/b><\/p>\n<p><span style=\"font-weight: 400\">O DF tem uma voca\u00e7\u00e3o natural para o esporte por conta da sua geografia e sua infraestrutura esportiva, seja para realizar grandes eventos esportivos, como tamb\u00e9m para estimular a pr\u00e1tica esportiva e de atividades f\u00edsicas pela popula\u00e7\u00e3o. Temos um grande mercado consumidor de entretenimento, temos espa\u00e7os p\u00fablicos e privados adequados para a pr\u00e1tica esportiva, mas ainda falta uma maior intera\u00e7\u00e3o entre o empresariado e o poder p\u00fablico para alcan\u00e7armos resultados mais eficientes e atendermos melhor a popula\u00e7\u00e3o.<\/span><\/p>\n","protected":false},"excerpt":{"rendered":"<p>Tr\u00eas anos antes de Bras\u00edlia ser fundada, surgia, na futura capital do pa\u00eds, a Associa\u00e7\u00e3o Comercial do Distrito Federal (ACDF). Entidade mais antiga da regi\u00e3o candanga, a organiza\u00e7\u00e3o possui o intuito de representar os seus associados, as atividades econ\u00f4micas e profissionais perante os poderes constitu\u00eddos. Por meio da entidade, h\u00e1 uma orienta\u00e7\u00e3o, amparo e cria\u00e7\u00e3o de a\u00e7\u00f5es voltadas ao desenvolvimento [&hellip;]<\/p>\n","protected":false},"author":138,"featured_media":151,"comment_status":"open","ping_status":"open","sticky":false,"template":"","format":"standard","meta":{"footnotes":""},"categories":[1],"tags":[],"class_list":["post-150","post","type-post","status-publish","format-standard","has-post-thumbnail","hentry","category-sem-categoria"],"_links":{"self":[{"href":"https:\/\/blogs.correiobraziliense.com.br\/marcas-e-negocios\/wp-json\/wp\/v2\/posts\/150","targetHints":{"allow":["GET"]}}],"collection":[{"href":"https:\/\/blogs.correiobraziliense.com.br\/marcas-e-negocios\/wp-json\/wp\/v2\/posts"}],"about":[{"href":"https:\/\/blogs.correiobraziliense.com.br\/marcas-e-negocios\/wp-json\/wp\/v2\/types\/post"}],"author":[{"embeddable":true,"href":"https:\/\/blogs.correiobraziliense.com.br\/marcas-e-negocios\/wp-json\/wp\/v2\/users\/138"}],"replies":[{"embeddable":true,"href":"https:\/\/blogs.correiobraziliense.com.br\/marcas-e-negocios\/wp-json\/wp\/v2\/comments?post=150"}],"version-history":[{"count":1,"href":"https:\/\/blogs.correiobraziliense.com.br\/marcas-e-negocios\/wp-json\/wp\/v2\/posts\/150\/revisions"}],"predecessor-version":[{"id":152,"href":"https:\/\/blogs.correiobraziliense.com.br\/marcas-e-negocios\/wp-json\/wp\/v2\/posts\/150\/revisions\/152"}],"wp:featuredmedia":[{"embeddable":true,"href":"https:\/\/blogs.correiobraziliense.com.br\/marcas-e-negocios\/wp-json\/wp\/v2\/media\/151"}],"wp:attachment":[{"href":"https:\/\/blogs.correiobraziliense.com.br\/marcas-e-negocios\/wp-json\/wp\/v2\/media?parent=150"}],"wp:term":[{"taxonomy":"category","embeddable":true,"href":"https:\/\/blogs.correiobraziliense.com.br\/marcas-e-negocios\/wp-json\/wp\/v2\/categories?post=150"},{"taxonomy":"post_tag","embeddable":true,"href":"https:\/\/blogs.correiobraziliense.com.br\/marcas-e-negocios\/wp-json\/wp\/v2\/tags?post=150"}],"curies":[{"name":"wp","href":"https:\/\/api.w.org\/{rel}","templated":true}]}}