{"id":137,"date":"2022-12-10T06:00:47","date_gmt":"2022-12-10T09:00:47","guid":{"rendered":"https:\/\/blogs.correiobraziliense.com.br\/marcas-e-negocios\/?p=137"},"modified":"2022-12-09T18:24:24","modified_gmt":"2022-12-09T21:24:24","slug":"design-nacional-se-consolida-no-mercado","status":"publish","type":"post","link":"https:\/\/blogs.correiobraziliense.com.br\/marcas-e-negocios\/2022\/12\/10\/design-nacional-se-consolida-no-mercado\/","title":{"rendered":"Design nacional se consolida no mercado"},"content":{"rendered":"<p><span style=\"font-weight: 400\">Em outubro deste ano, a Associa\u00e7\u00e3o Brasileira das Ind\u00fastrias do Mobili\u00e1rio (Abim\u00f3vel) divulgou o relat\u00f3rio Conjuntura e Com\u00e9rcio Externo do Setor de M\u00f3veis. Com intuito de examinar mensalmente os percentuais do segmento, a entidade indicou que o consumo aparente de m\u00f3veis e colch\u00f5es, no pa\u00eds, foi de 33,1 milh\u00f5es de pe\u00e7as. O valor representa um aumento de 7% quando comparado a setembro.\u00a0<\/span><\/p>\n<p><span style=\"font-weight: 400\">Estima-se que, em 2021, os mais de 255 mil empregos diretos, em mais de 18 mil empresas, geraram uma produ\u00e7\u00e3o estimada de R$ 78,1 bilh\u00f5es. Nesse contexto, o segmento tem se destacado como um grande contribuidor para a economia do pa\u00eds.\u00a0<\/span><\/p>\n<p><span style=\"font-weight: 400\">No Distrito Federal, os 25 anos de atua\u00e7\u00e3o da Hill House no setor moveleiro consagram a empresa como um expoente para movimentar economicamente a regi\u00e3o. Entretanto, a marca se tornou tamb\u00e9m uma das precursoras em divulgar designers brasileiros, tanto renomados, como S\u00e9rgio Rodrigues e Bernardo Figueiredo, como jovens que passaram a produzir design autoral.<\/span><\/p>\n<p><span style=\"font-weight: 400\">A hist\u00f3ria da Hill House come\u00e7ou, em 1997, com a revenda de m\u00f3veis de alta qualidade da empresa italiana Cassina. Entretanto, com a sa\u00edda do empreendimento do Brasil, houve a necessidade da busca de um novo perfil para a loja.\u00a0<\/span><\/p>\n<p><span style=\"font-weight: 400\">\u201cA partir do meu conhecimento e relacionamento com designers brasileiros, fruto\u00a0 de uma experi\u00eancia pr\u00e9via de 15 anos no mercado moveleiro, iniciamos uma nova fase, com a forma\u00e7\u00e3o de um mix preferencialmente nacional em um pequeno espa\u00e7o de 64m\u00b2\u201d, conta <\/span><span style=\"font-weight: 400\">Carlos Alberto Mendes de Oliveira, propriet\u00e1rio da Hill House.\u00a0<\/span><\/p>\n<p><span style=\"font-weight: 400\">Na \u00e9poca, a produ\u00e7\u00e3o neste setor ainda era escassa e incipiente, o que deixava lacunas na composi\u00e7\u00e3o da carteira da Hill House. Para mudar essa realidade, Carlos Alberto apostou em um per\u00edodo intenso de pesquisas e buscas por produtos que atendessem as necessidades da loja.\u00a0<\/span><\/p>\n<p><span style=\"font-weight: 400\">&#8220;Foi na \u00e9poca em que o desenho autoral brasileiro come\u00e7ou a ganhar espa\u00e7o com o redescobrimento de importantes designers da d\u00e9cada de 50 e 60, como\u00a0 S\u00e9rgio Rodrigues, Geraldo de Barros e Bernardo Figueiredo. O mercado\u00a0 passou a aceit\u00e1-los bem. At\u00e9 ent\u00e3o, as nossas f\u00e1bricas n\u00e3o tinham nenhum interesse no mobili\u00e1rio brasileiro autoral&#8221;, explica.\u00a0<\/span><\/p>\n<p><span style=\"font-weight: 400\">Nesse cen\u00e1rio, o design brasileiro ganhou maior aceita\u00e7\u00e3o do p\u00fablico e o produto autoral cresceu significativamente, assim como a Hill House, que acompanhou todo crescimento do mercado, apostando na inova\u00e7\u00e3o do nicho no DF.\u00a0<\/span><\/p>\n<p><span style=\"font-weight: 400\">\u201cAs lojas locais tinham duas caracter\u00edsticas: eram magazines ou pequenas lojas mais exclusivas, por\u00e9m, t\u00edmidas, em compara\u00e7\u00e3o com outras regi\u00f5es, como S\u00e3o Paulo. Foi ent\u00e3o que nasceu o projeto para transformar a Hill House em uma loja que fosse capaz de existir competitivamente em qualquer grande centro\u201d, ressalta.\u00a0<\/span><\/p>\n<p><span style=\"font-weight: 400\">H\u00e1 dois anos, a Hill House inaugurou um espa\u00e7o de 700m\u00b2 para acolher produtos da marca para mostrar as linhas Lighting, de ilumina\u00e7\u00e3o; Living, estar, jantar e office;\u00a0 e, a mais recente, Outdoor, voltada a jardim, piscina, praia e campo. Atualmente, todo o seu espa\u00e7o da loja corresponde a mais de 1.200m\u00b2, localizados no Casapark (SGCV Sul Lote 22).<\/span><\/p>\n<p><span style=\"font-weight: 400\">No ambiente, Carlos Alberto dedica tr\u00eas localidades da loja para marcas espec\u00edficas. A primeira, voltada ao Est\u00fadio Bola, visa um p\u00fablico mais jovem. J\u00e1 o segundo trata-se de um espa\u00e7o voltado ao Jader Almeida, que vem a ser o mais importante designer brasileiro da atualidade. \u201cHoje, a marca responde por 55% das vendas totais da Hill House. Quinze anos atr\u00e1s, esse valor correspondia a apenas 5% das vendas da loja\u201d, diz o empres\u00e1rio.\u00a0\u00a0<\/span><\/p>\n<p><span style=\"font-weight: 400\">Por \u00faltimo, a Hill House possui um espa\u00e7o destinado \u00e0s multimarcas, onde s\u00e3o apresentados os produtos dos designers que deram in\u00edcio \u00e0 hist\u00f3ria do design\u00a0 brasileiro junto com novos e talentosos designers. Na \u00e1rea, a loja busca reunir arte e design em um mesmo espa\u00e7o. \u201c\u00c9 uma quest\u00e3o de conceito da marca, uma tradi\u00e7\u00e3o herdada das lojas de nomes importantes do design que sempre fizeram exposi\u00e7\u00f5es de arte com a mostra de mobili\u00e1rios\u201d, completa Carlos Alberto.<\/span><\/p>\n<p><span style=\"font-weight: 400\">No que diz respeito \u00e0s tend\u00eancias do segmento, o empres\u00e1rio acredita que a assinatura e a autoralidade no mobili\u00e1rio se tornaram importantes. Dessa forma, a expectativa, com o amadurecimento do ramo, \u00e9 consolidar o aparecimento de marcas nacionais fortes, apresentando uma linguagem identificada com nichos espec\u00edficos de mercado.\u00a0<\/span><\/p>\n<p><span style=\"font-weight: 400\">&#8220;Diferente de outros\u00a0 ramos, como o da moda, o mobili\u00e1rio tem ciclos mais longos de tend\u00eancias e isso \u00e9 o\u00a0 que deve se fortalecer no pr\u00f3ximo ano. N\u00e3o se trata mais de apenas um produto ou\u00a0 outro e, sim, um conceito&#8221;, avalia<\/span><\/p>\n<p><b>Tr\u00eas perguntas para <\/b><b>Carlos Alberto Mendes de Oliveira, propriet\u00e1rio da Hill House:<\/b><\/p>\n<blockquote><p><b>Qual a import\u00e2ncia de valorizar as obras mobili\u00e1rias brasileiras?<\/b><\/p><\/blockquote>\n<p><span style=\"font-weight: 400\">Valorizar a cria\u00e7\u00e3o brasileira \u00e9 aceitar a nossa capacidade criativa e produtiva e, acima de tudo, apreciar a nossa cultura.\u00a0<\/span><\/p>\n<blockquote><p><b>Como a sustentabilidade est\u00e1 presente na Hill House?<\/b><\/p><\/blockquote>\n<p><span style=\"font-weight: 400\">Tanto a madeira utilizada no mobili\u00e1rio \u00e9 obrigatoriamente certificada, vindo de\u00a0 plantio ou manejo sustent\u00e1vel, quanto o desenvolvimento tecnol\u00f3gico t\u00eaxtil, que vem trazendo cada vez mais op\u00e7\u00f5es de tecidos de materiais reciclados.\u00a0<\/span><\/p>\n<blockquote><p><b>Por que a arte, no espa\u00e7o pessoal e profissional, faz diferen\u00e7a no que diz respeito \u00e0 decora\u00e7\u00e3o?<\/b><\/p><\/blockquote>\n<p><span style=\"font-weight: 400\">T\u00e3o importante quanto a autoralidade no projeto de arquitetura e no mobili\u00e1rio, a complementa\u00e7\u00e3o da decora\u00e7\u00e3o merece o mesmo. Como dizia Ferreira Gullar,\u00a0 \u201ca arte existe porque a vida n\u00e3o basta\u201d.<\/span><\/p>\n","protected":false},"excerpt":{"rendered":"<p>Em outubro deste ano, a Associa\u00e7\u00e3o Brasileira das Ind\u00fastrias do Mobili\u00e1rio (Abim\u00f3vel) divulgou o relat\u00f3rio Conjuntura e Com\u00e9rcio Externo do Setor de M\u00f3veis. Com intuito de examinar mensalmente os percentuais do segmento, a entidade indicou que o consumo aparente de m\u00f3veis e colch\u00f5es, no pa\u00eds, foi de 33,1 milh\u00f5es de pe\u00e7as. O valor representa um aumento de 7% quando comparado [&hellip;]<\/p>\n","protected":false},"author":138,"featured_media":138,"comment_status":"open","ping_status":"open","sticky":false,"template":"","format":"standard","meta":{"footnotes":""},"categories":[1],"tags":[],"class_list":["post-137","post","type-post","status-publish","format-standard","has-post-thumbnail","hentry","category-sem-categoria"],"_links":{"self":[{"href":"https:\/\/blogs.correiobraziliense.com.br\/marcas-e-negocios\/wp-json\/wp\/v2\/posts\/137","targetHints":{"allow":["GET"]}}],"collection":[{"href":"https:\/\/blogs.correiobraziliense.com.br\/marcas-e-negocios\/wp-json\/wp\/v2\/posts"}],"about":[{"href":"https:\/\/blogs.correiobraziliense.com.br\/marcas-e-negocios\/wp-json\/wp\/v2\/types\/post"}],"author":[{"embeddable":true,"href":"https:\/\/blogs.correiobraziliense.com.br\/marcas-e-negocios\/wp-json\/wp\/v2\/users\/138"}],"replies":[{"embeddable":true,"href":"https:\/\/blogs.correiobraziliense.com.br\/marcas-e-negocios\/wp-json\/wp\/v2\/comments?post=137"}],"version-history":[{"count":1,"href":"https:\/\/blogs.correiobraziliense.com.br\/marcas-e-negocios\/wp-json\/wp\/v2\/posts\/137\/revisions"}],"predecessor-version":[{"id":139,"href":"https:\/\/blogs.correiobraziliense.com.br\/marcas-e-negocios\/wp-json\/wp\/v2\/posts\/137\/revisions\/139"}],"wp:featuredmedia":[{"embeddable":true,"href":"https:\/\/blogs.correiobraziliense.com.br\/marcas-e-negocios\/wp-json\/wp\/v2\/media\/138"}],"wp:attachment":[{"href":"https:\/\/blogs.correiobraziliense.com.br\/marcas-e-negocios\/wp-json\/wp\/v2\/media?parent=137"}],"wp:term":[{"taxonomy":"category","embeddable":true,"href":"https:\/\/blogs.correiobraziliense.com.br\/marcas-e-negocios\/wp-json\/wp\/v2\/categories?post=137"},{"taxonomy":"post_tag","embeddable":true,"href":"https:\/\/blogs.correiobraziliense.com.br\/marcas-e-negocios\/wp-json\/wp\/v2\/tags?post=137"}],"curies":[{"name":"wp","href":"https:\/\/api.w.org\/{rel}","templated":true}]}}