{"id":124,"date":"2022-11-26T06:00:25","date_gmt":"2022-11-26T09:00:25","guid":{"rendered":"https:\/\/blogs.correiobraziliense.com.br\/marcas-e-negocios\/?p=124"},"modified":"2022-11-28T16:54:50","modified_gmt":"2022-11-28T19:54:50","slug":"expansao-com-foco-nas-pessoas-e-a-base-do-maior-grupo-empresarial-do-df","status":"publish","type":"post","link":"https:\/\/blogs.correiobraziliense.com.br\/marcas-e-negocios\/2022\/11\/26\/expansao-com-foco-nas-pessoas-e-a-base-do-maior-grupo-empresarial-do-df\/","title":{"rendered":"Expans\u00e3o com foco nas pessoas \u00e9 a base do maior grupo empresarial do DF"},"content":{"rendered":"<p><span style=\"font-weight: 400\">A hist\u00f3ria da Brasal se mistura com a de Bras\u00edlia. Ap\u00f3s tr\u00eas anos da inaugura\u00e7\u00e3o da capital, em 1963, o futuro grupo empresarial iniciava a sua trajet\u00f3ria com a aquisi\u00e7\u00e3o de uma empresa de servi\u00e7os autorizados Volkswagen, um dos primeiros empreendimentos a se instalar no Setor de Ind\u00fastria e Abastecimento (SIA).\u00a0<\/span><\/p>\n<p><span style=\"font-weight: 400\">O objetivo de ampliar os neg\u00f3cios trouxe ao Distrito Federal, sete anos depois, a expans\u00e3o da rede com o primeiro posto de combust\u00edvel da marca. Atualmente, a empresa \u00e9 respons\u00e1vel pela revenda de combust\u00edveis e lubrificantes com as bandeiras Shell e Petrobras. Em 1989, com o intuito de ampliar ainda mais a sua atua\u00e7\u00e3o, realizou a compra de uma franquia da Coca-Cola. J\u00e1 no ano de 2003, estreou no setor da incorpora\u00e7\u00e3o e, em 2018, apostou na gera\u00e7\u00e3o de energia.\u00a0<\/span><\/p>\n<p><span style=\"font-weight: 400\">Atualmente, com a matriz em Bras\u00edlia, a Brasal est\u00e1 presente em mais quatro estados, sendo eles Goi\u00e1s, Minas Gerais, Tocantins e Rio de Janeiro. Somando todas as suas atividades, o grupo responde pelos segmentos de produ\u00e7\u00e3o e distribui\u00e7\u00e3o de bebidas; incorpora\u00e7\u00e3o e constru\u00e7\u00e3o imobili\u00e1ria; revenda de ve\u00edculos; e comercializa\u00e7\u00e3o e gera\u00e7\u00e3o de energia renov\u00e1vel.<\/span><\/p>\n<p><span style=\"font-weight: 400\">\u201cN\u00f3s, originalmente, somos um grupo familiar e que tem se diversificado ao longo dos anos. Completaremos 60 anos em 2023 e, nessa hist\u00f3ria, fa\u00e7o parte da segunda gera\u00e7\u00e3o da empresa, estou aqui h\u00e1 40 anos\u201d, comenta <\/span><span style=\"font-weight: 400\">Os\u00f3rio Adriano Neto, acionista e vice-presidente das empresas Brasal<\/span><span style=\"font-weight: 400\">.\u00a0<\/span><\/p>\n<p><span style=\"font-weight: 400\">As seis d\u00e9cadas s\u00e3o o reflexo do bom desempenho empresarial da rede no pa\u00eds. Na vis\u00e3o de Os\u00f3rio, a busca constante por representar marcas l\u00edderes do mercado \u00e9 uma caracter\u00edstica importante da Brasal e que, consequentemente, foi <\/span><span style=\"font-weight: 400\">\u2013<\/span><span style=\"font-weight: 400\"> e continua sendo <\/span><span style=\"font-weight: 400\">\u2013<\/span><span style=\"font-weight: 400\"> respons\u00e1vel por torn\u00e1-la um dos maiores grupos empresariais do Centro-Oeste.\u00a0<\/span><\/p>\n<p><span style=\"font-weight: 400\">Com a vis\u00e3o estrat\u00e9gica focada na expans\u00e3o dos seus empreendimentos, o vice-presidente ressalta que mant\u00e9m as suas opera\u00e7\u00f5es de forma positiva, apesar de adversidades que tendem a surgir inesperadamente, como o per\u00edodo pand\u00eamico causado pela covid-19. Gerando mais de quatro mil empregos no Brasil, a Brasal prezou pela manuten\u00e7\u00e3o das suas atividades e dos seus colaboradores.\u00a0<\/span><\/p>\n<p><span style=\"font-weight: 400\">\u201cQuando a pandemia surgiu, veio a implementa\u00e7\u00e3o do lockdown. Era uma coisa nova para todo mundo e ningu\u00e9m sabia quanto tempo duraria. Com essa realidade, nos comprometemos em n\u00e3o demitir os nossos colaboradores. Usando algumas medidas do governo, felizmente conseguimos esse \u00eaxito\u201d, celebra Os\u00f3rio.\u00a0<\/span><\/p>\n<p><span style=\"font-weight: 400\">Relembrando a crise sanit\u00e1ria que assolou o mundo, o empreendedor adverte: os problemas que surgiram nas empresas n\u00e3o vieram por causa da covid-19 em espec\u00edfico. O empres\u00e1rio avalia que, apesar da expertise dentro do mercado, era normal e previsto que os empreendimentos passassem por altos e baixos, alguns, \u00e0s vezes, com mais dificuldades ainda que os demais.\u00a0<\/span><\/p>\n<p><span style=\"font-weight: 400\">\u201cAs coisas n\u00e3o aconteceram apenas durante a pandemia. Quem tem uma vis\u00e3o a longo prazo, consegue fortalecer o seu empreendimento e, por isso, cresce com seguran\u00e7a. Nesses momentos dif\u00edceis, essas empresas tamb\u00e9m sofrem, mas possuem condi\u00e7\u00f5es de superar. Por isso, a nossa atua\u00e7\u00e3o sempre busca essa seguran\u00e7a sem dar grandes passos. Temos o intuito de conseguir um crescimento cont\u00ednuo e seguro\u201d, explica.<\/span><\/p>\n<p><span style=\"font-weight: 400\">Passados dois anos desde que o coronav\u00edrus adentrou \u00e0s rotinas dos brasileiros, Os\u00f3rio avalia que 2022 foi um ano de boa performance do grupo, que buscava retomar os seus n\u00edveis pr\u00e9-pandemia. A Brasal conseguiu conquistar esse objetivo, todavia, o empreendedor enxerga que, ainda nos dias de hoje, a infec\u00e7\u00e3o viral deixou gargalos a serem resolvidos, especialmente no \u00e2mbito econ\u00f4mico nacional, com a infla\u00e7\u00e3o e os juros elevados.<\/span><\/p>\n<p><b>Humaniza\u00e7\u00e3o\u00a0<\/b><\/p>\n<p><span style=\"font-weight: 400\">&#8220;As pessoas sempre est\u00e3o em primeiro lugar&#8221;, a fala de Os\u00f3rio remete a forma que a Brasal atua em todos os segmentos, priorizando a rela\u00e7\u00e3o humana focando no bem-estar e, tamb\u00e9m, no respeito. \u201cEssa iniciativa, presente desde a nossa funda\u00e7\u00e3o, tem sido de sucesso, principalmente internamente, buscando valorizar quem est\u00e1 conosco. Nosso intuito \u00e9 criar um ambiente de est\u00edmulo \u00e0s pessoas e proporcionar um lugar feliz para trabalhar\u201d, complementa.<\/span><\/p>\n<p><span style=\"font-weight: 400\">Esse cuidado trouxe ao grupo destaques consecutivos com o selo Great Place to Work (GPTW), respons\u00e1vel por avaliar e reconhecer empresas que buscam ser um excelente lugar para trabalhar. Mas as premia\u00e7\u00f5es s\u00e3o amplas e variadas, indo al\u00e9m do pr\u00f3prio GPTW.\u00a0<\/span><\/p>\n<p><span style=\"font-weight: 400\">Em linha cronol\u00f3gica, as condecora\u00e7\u00f5es iniciaram em 2009, quando a rede obteve, por meio da Brasal Refrigerantes, o Pr\u00eamio Nacional da Qualidade (PNQ), considerado um reconhecimento p\u00fablico \u00e0 excel\u00eancia da gest\u00e3o das organiza\u00e7\u00f5es com sede no Brasil.<\/span><\/p>\n<p><span style=\"font-weight: 400\">J\u00e1 em 2014, a revista Voc\u00ea S\/A tamb\u00e9m inseriu o segmento de bebidas do grupo como as 150 melhores empresas para trabalhar. No ano seguinte, o empreendimento conquistou o primeiro lugar na mesma avalia\u00e7\u00e3o. Na mesma \u00e9poca, o PNQ tamb\u00e9m agraciou a Brasal Refrigerantes com o segundo pr\u00eamio voltado \u00e0 gest\u00e3o.\u00a0<\/span><\/p>\n<p><span style=\"font-weight: 400\">\u201cA gente sempre investe na quest\u00e3o da qualifica\u00e7\u00e3o das pessoas, buscando a excel\u00eancia em gest\u00e3o. Trata-se de um trabalho a longo prazo, buscando estar sempre melhor, fazer um servi\u00e7o bem feito, ter compromisso com os clientes e com as pessoas no geral. O resultado vem dessa somat\u00f3ria\u201d, comenta Os\u00f3rio.\u00a0<\/span><\/p>\n<p><span style=\"font-weight: 400\">Os reconhecimentos se repetiram ao longo dos anos e demonstram a for\u00e7a da marca como refer\u00eancia no mercado nacional. Neste ano, a conquista mais recente envolve o primeiro lugar da Brasal Ve\u00edculos como uma das Melhores Empresas para Trabalhar no Centro-Oeste, pela GPTW.\u00a0<\/span><\/p>\n<p><span style=\"font-weight: 400\">\u201cIsso nos orgulha muito, porque n\u00e3o \u00e9 uma coisa que simplesmente acontece. H\u00e1 um trabalho envolvido que n\u00f3s fazemos, colocando o foco nas pessoas e nas rela\u00e7\u00f5es. Estamos colhendo os frutos disso. V\u00e1rias empresas nossas s\u00e3o reconhecidas no GPTW regionalmente. Nacionalmente, a Brasal Refrigerantes j\u00e1 foi escolhida tr\u00eas vezes pela revista Voc\u00ea S\/A. \u00c9 uma alegria enorme para n\u00f3s\u201d, comemora o vice-presidente.<\/span><\/p>\n<p><span style=\"font-weight: 400\">O empreendedor ainda indica que a premissa do grupo n\u00e3o visa apenas os resultados de todas as iniciativas relacionadas \u00e0 humaniza\u00e7\u00e3o. Na realidade, para Os\u00f3rio, a manuten\u00e7\u00e3o de um espa\u00e7o atrativo e que agrade os seus funcion\u00e1rios e colaboradores \u00e9 essencial. \u201cTemos que possuir esse olhar, esse lado como seres humanos para oferecer um ambiente gostoso e de confian\u00e7a\u201d, complementa.\u00a0<\/span><\/p>\n<p><b>Inova\u00e7\u00e3o e sustentabilidade<\/b><\/p>\n<p><span style=\"font-weight: 400\">A Brasal tem se estabelecido como uma geradora de energia no pa\u00eds, por meio da Brasal Energia, que atua com a produ\u00e7\u00e3o limpa e renov\u00e1vel, focada no mercado solar, de hidrel\u00e9trica (PCH), de armazenamento de energia (baterias) e de efici\u00eancia energ\u00e9tica a clientes. Considerado o neg\u00f3cio mais recente do grupo, o segmento tem avan\u00e7ado significativamente, especialmente, em 2022.\u00a0<\/span><\/p>\n<p><span style=\"font-weight: 400\">\u201cDemos passos importantes, foi um ano de consolida\u00e7\u00e3o. \u00c9 um setor em que estamos animados de entrar e, cada vez mais, queremos que se torne um segmento importante para o grupo. N\u00e3o \u00e9 a maior \u00e1rea que atuamos hoje, mas, no futuro, o plano \u00e9 que a gente esteja forte no mercado de energia\u201d, informa.\u00a0<\/span><\/p>\n<p><span style=\"font-weight: 400\">A Brasal Energia nasceu da estrat\u00e9gica diversifica\u00e7\u00e3o de portf\u00f3lio de neg\u00f3cios e fortalecimento das diretrizes de empreendedorismo e expans\u00e3o, estando em sintonia com as compet\u00eancias gerenciais e caracter\u00edsticas empresariais do grupo, que acredita no cont\u00ednuo crescimento e investimento no segmento energ\u00e9tico brasileiro. Iniciando com a instala\u00e7\u00e3o em suas pr\u00f3prias unidades (Centro Corporativo, Brasal Ve\u00edculos, Brasal Refrigerantes e Brasal Combust\u00edveis), Os\u00f3rio comenta que o segmento est\u00e1 em constante crescimento.\u00a0<\/span><\/p>\n<p><b>Novos neg\u00f3cios<\/b><\/p>\n<p><span style=\"font-weight: 400\">Para os pr\u00f3ximos anos, a Brasal possui grandes projetos para tirar do papel. Atuando na \u00e1rea de incorpora\u00e7\u00e3o imobili\u00e1ria em Bras\u00edlia, Goi\u00e2nia e Uberl\u00e2ndia, o grupo busca expandir para Campinas como uma forma de ampliar a sua atua\u00e7\u00e3o nacional.\u00a0<\/span><\/p>\n<p><span style=\"font-weight: 400\">\u201cNeste ano, a gente j\u00e1 comprou terrenos no munic\u00edpio de S\u00e3o Paulo. Agora, estamos esperando o in\u00edcio de 2023 para avaliar como as coisas v\u00e3o acontecer, principalmente na quest\u00e3o econ\u00f4mica, visto que tudo reflete no neg\u00f3cio imobili\u00e1rio\u201d, adianta Os\u00f3rio.\u00a0<\/span><\/p>\n<p><b>Tr\u00eas perguntas para <\/b><b>Os\u00f3rio Adriano Neto, acionista e vice-presidente das empresas Brasal:<\/b><\/p>\n<blockquote><p><b>Qual o seu conselho para quem se inspira na Brasal?\u00a0<\/b><\/p><\/blockquote>\n<p><span style=\"font-weight: 400\">N\u00e3o existe f\u00f3rmula para sucesso. Se n\u00e3o, todos aplicariam e conseguiriam obt\u00ea-lo. Para conquistar \u00eaxito, \u00e9 fundamental acreditar nos seus sonhos, ter persist\u00eancias, fazer as coisas com cuidado, ter zelo e respeito \u00e0s pessoas, que devem estar sempre em primeiro lugar. \u00c9 importante tamb\u00e9m crescer com seguran\u00e7a, for\u00e7a e sem querer ultrapassar os limites do poss\u00edvel. Al\u00e9m disso, \u00e9 preciso estar forte. Desta forma, o crescimento \u00e9 uma consequ\u00eancia.<\/span><\/p>\n<blockquote><p><b>Quais s\u00e3o os marcos da Brasal ao longo da trajet\u00f3ria?\u00a0<\/b><\/p><\/blockquote>\n<p><span style=\"font-weight: 400\">Os marcos come\u00e7aram em 1963, com a compra de uma revenda Volkswagen. Em 1989, n\u00f3s adquirimos a franquia da Coca-Cola na regi\u00e3o do DF e em Goi\u00e1s, que foi importante para a gente apostar na diversifica\u00e7\u00e3o. Depois, em 2003, entramos no neg\u00f3cio de incorpora\u00e7\u00e3o. H\u00e1 quatro anos, estamos no segmento de gera\u00e7\u00e3o de energia. N\u00f3s temos duas usinas solares, que foram o in\u00edcio da parte da gera\u00e7\u00e3o de energia.\u00a0<\/span><\/p>\n<blockquote><p><b>Quais as expectativas para 2023?\u00a0<\/b><\/p><\/blockquote>\n<p><span style=\"font-weight: 400\">N\u00f3s sempre buscamos aproveitar oportunidades e, principalmente, crescer com seguran\u00e7a. Isso tudo acontece muito em fun\u00e7\u00e3o n\u00e3o s\u00f3 da nossa vontade, mas tamb\u00e9m das condi\u00e7\u00f5es que o pa\u00eds tem. Dessa forma, n\u00f3s estamos preparados para dar novos passos, para crescer e desenvolver novos neg\u00f3cios.\u00a0<\/span><\/p>\n","protected":false},"excerpt":{"rendered":"<p>A hist\u00f3ria da Brasal se mistura com a de Bras\u00edlia. Ap\u00f3s tr\u00eas anos da inaugura\u00e7\u00e3o da capital, em 1963, o futuro grupo empresarial iniciava a sua trajet\u00f3ria com a aquisi\u00e7\u00e3o de uma empresa de servi\u00e7os autorizados Volkswagen, um dos primeiros empreendimentos a se instalar no Setor de Ind\u00fastria e Abastecimento (SIA).\u00a0 O objetivo de ampliar os neg\u00f3cios trouxe ao Distrito [&hellip;]<\/p>\n","protected":false},"author":138,"featured_media":125,"comment_status":"open","ping_status":"open","sticky":false,"template":"","format":"standard","meta":{"footnotes":""},"categories":[1],"tags":[],"class_list":["post-124","post","type-post","status-publish","format-standard","has-post-thumbnail","hentry","category-sem-categoria"],"_links":{"self":[{"href":"https:\/\/blogs.correiobraziliense.com.br\/marcas-e-negocios\/wp-json\/wp\/v2\/posts\/124","targetHints":{"allow":["GET"]}}],"collection":[{"href":"https:\/\/blogs.correiobraziliense.com.br\/marcas-e-negocios\/wp-json\/wp\/v2\/posts"}],"about":[{"href":"https:\/\/blogs.correiobraziliense.com.br\/marcas-e-negocios\/wp-json\/wp\/v2\/types\/post"}],"author":[{"embeddable":true,"href":"https:\/\/blogs.correiobraziliense.com.br\/marcas-e-negocios\/wp-json\/wp\/v2\/users\/138"}],"replies":[{"embeddable":true,"href":"https:\/\/blogs.correiobraziliense.com.br\/marcas-e-negocios\/wp-json\/wp\/v2\/comments?post=124"}],"version-history":[{"count":5,"href":"https:\/\/blogs.correiobraziliense.com.br\/marcas-e-negocios\/wp-json\/wp\/v2\/posts\/124\/revisions"}],"predecessor-version":[{"id":131,"href":"https:\/\/blogs.correiobraziliense.com.br\/marcas-e-negocios\/wp-json\/wp\/v2\/posts\/124\/revisions\/131"}],"wp:featuredmedia":[{"embeddable":true,"href":"https:\/\/blogs.correiobraziliense.com.br\/marcas-e-negocios\/wp-json\/wp\/v2\/media\/125"}],"wp:attachment":[{"href":"https:\/\/blogs.correiobraziliense.com.br\/marcas-e-negocios\/wp-json\/wp\/v2\/media?parent=124"}],"wp:term":[{"taxonomy":"category","embeddable":true,"href":"https:\/\/blogs.correiobraziliense.com.br\/marcas-e-negocios\/wp-json\/wp\/v2\/categories?post=124"},{"taxonomy":"post_tag","embeddable":true,"href":"https:\/\/blogs.correiobraziliense.com.br\/marcas-e-negocios\/wp-json\/wp\/v2\/tags?post=124"}],"curies":[{"name":"wp","href":"https:\/\/api.w.org\/{rel}","templated":true}]}}