{"id":114,"date":"2022-11-12T06:00:41","date_gmt":"2022-11-12T09:00:41","guid":{"rendered":"https:\/\/blogs.correiobraziliense.com.br\/marcas-e-negocios\/?p=114"},"modified":"2022-11-11T16:59:04","modified_gmt":"2022-11-11T19:59:04","slug":"educacao-com-inovacao-para-um-mundo-melhor","status":"publish","type":"post","link":"https:\/\/blogs.correiobraziliense.com.br\/marcas-e-negocios\/2022\/11\/12\/educacao-com-inovacao-para-um-mundo-melhor\/","title":{"rendered":"Educa\u00e7\u00e3o com inova\u00e7\u00e3o para um mundo melhor"},"content":{"rendered":"<p><span style=\"font-weight: 400\">O Distrito Federal possui o maior percentual de alunos em institui\u00e7\u00f5es privadas do Centro-Oeste (80,4%), de acordo com o Mapa do Ensino Superior no Brasil, levantamento realizado pelo Instituto Semesp. Para Eda Machado Coutinho, fundadora do Centro Universit\u00e1rio IESB, a capital conta com excelentes institui\u00e7\u00f5es de ensino particular, que h\u00e1 anos v\u00eam transformando a vida de muitas pessoas, colaborando com a forma\u00e7\u00e3o de bons profissionais e fazendo a diferen\u00e7a na cidade.<\/span><\/p>\n<p><span style=\"font-weight: 400\">Com o intuito de desenvolver as potencialidades dos seus alunos, o IESB busca a forma\u00e7\u00e3o de profissionais competentes e cidad\u00e3os respons\u00e1veis, capazes de se tornarem agentes de mudan\u00e7a da sociedade e da profiss\u00e3o em que atuar\u00e3o no futuro. Com esse objetivo, a institui\u00e7\u00e3o conta com uma tecnologia de ponta para que cada aluno tenha o suporte necess\u00e1rio em prol do desenvolvimento acad\u00eamico.<\/span><\/p>\n<p><span style=\"font-weight: 400\">&#8220;O IESB foi a primeira institui\u00e7\u00e3o de ensino superior do Brasil a usar o Blackboard, um dos ambientes de aprendizagem virtual mais inovadores do mundo. Compramos a plataforma em 2001 e, quando veio a pandemia, nossos professores j\u00e1 estavam acostumados a ministrar aulas normalmente de forma remota&#8221;, ressalta.<\/span><\/p>\n<p><span style=\"font-weight: 400\">Fundada em 1993, a institui\u00e7\u00e3o sempre aliou a inova\u00e7\u00e3o com a \u00e1rea educacional. Quando o centro universit\u00e1rio tinha apenas dois anos no mercado, Eda assinou um contrato com a IBM (hoje Lenovo) para a compra de 500 computadores, por exemplo. Atualmente, nos laborat\u00f3rios de Engenharia, o IESB conta com equipamentos comprados nos Estados Unidos e no Canad\u00e1.\u00a0<\/span><\/p>\n<p><span style=\"font-weight: 400\">\u201cH\u00e1 tamb\u00e9m muitos laborat\u00f3rios adequados para o trabalho em equipe, fomentando o <\/span><i><span style=\"font-weight: 400\">team work<\/span><\/i><span style=\"font-weight: 400\">. Ou seja, estamos avan\u00e7ando sempre. No in\u00edcio deste semestre, lan\u00e7amos a primeira p\u00f3s-gradua\u00e7\u00e3o do Brasil em Metaverso. Somos a primeira institui\u00e7\u00e3o de ensino do pa\u00eds a oferecer cursos 100% dentro da plataforma\u201d, celebra.\u00a0\u00a0<\/span><\/p>\n<p><span style=\"font-weight: 400\">A fundadora do IESB ainda indica que, al\u00e9m da tecnologia presente, a proximidade com os estudantes \u00e9 outro fator que destaca a institui\u00e7\u00e3o no mercado. \u201cColocamos o nosso aluno em primeiro lugar sempre. Desde o in\u00edcio do IESB, dou o n\u00famero do meu celular para todos os estudantes. Eles t\u00eam liberdade para me telefonar e enviar mensagens relatando assuntos acad\u00eamicos ou administrativos, que necessitam da minha ajuda\u201d, comenta.\u00a0<\/span><\/p>\n<p><span style=\"font-weight: 400\">O cuidado com o pr\u00f3ximo e com a qualidade de ensino \u00e9 uma pauta di\u00e1ria para Eda. Acreditando que um mundo melhor nasce na sala de aula, a fundadora do IESB criou o Instituto Eda Coutinho, em 2020, para promover o desenvolvimento, a gera\u00e7\u00e3o, os estudos, a forma\u00e7\u00e3o e o aproveitamento de tecnologias e conhecimentos cient\u00edficos para a educa\u00e7\u00e3o.\u00a0\u00a0<\/span><\/p>\n<p><span style=\"font-weight: 400\">Neste m\u00eas, a institui\u00e7\u00e3o lan\u00e7a o Pr\u00eamio Professor Inovador para incentivar a criatividade e permitir que os docentes da educa\u00e7\u00e3o b\u00e1sica de todo o DF apresentem para a sociedade seus projetos, pr\u00e1ticas, a\u00e7\u00f5es ou ideias inovadoras e de sucesso em sua trajet\u00f3ria. \u201cAs melhores iniciativas receber\u00e3o pr\u00eamios de at\u00e9 R$ 5 mil\u201d, informa.\u00a0<\/span><\/p>\n<p><b>Proposta diferenciada<\/b><\/p>\n<p><span style=\"font-weight: 400\">Com mais de 100 cursos de gradua\u00e7\u00e3o, entre presencial, h\u00edbrido e educa\u00e7\u00e3o a dist\u00e2ncia (EAD), o IESB est\u00e1 lan\u00e7ando mais cursos alinhados ao mercado de trabalho. Todos s\u00e3o ensinados com atividades pr\u00e1ticas, mostrando o quanto as metodologias ativas fazem parte da rotina dos professores e alunos do IESB.<\/span><\/p>\n<p><span style=\"font-weight: 400\">&#8220;Se o professor ensinar usando atividades pr\u00e1ticas fundamentadas em teorias, o aluno incorpora os conceitos que precisam fazer parte do seu aprendizado. \u00c9 por isso que aliar teoria e pr\u00e1tica \u00e9 um dos principais pilares do IESB&#8221;,\u00a0 explica.<\/span><\/p>\n<p><span style=\"font-weight: 400\">A jun\u00e7\u00e3o da teoria e da pr\u00e1tica e a constante atualiza\u00e7\u00e3o dentro do mercado permite que o IESB conquiste, com frequ\u00eancia, a nota m\u00e1xima no MEC, avalia\u00e7\u00e3o realizada pelo Minist\u00e9rio da Educa\u00e7\u00e3o nas faculdades e nos cursos de n\u00edvel superior.\u00a0<\/span><\/p>\n<p><span style=\"font-weight: 400\">&#8220;O mais importante para alcan\u00e7armos este resultado s\u00e3o os nossos professores. Eles criam em suas aulas um excelente clima socioemocional, com motiva\u00e7\u00e3o, respeito e curiosidade para aprender. A qualidade da nossa infraestrutura tamb\u00e9m \u00e9 importante para alcan\u00e7armos a nota m\u00e1xima no MEC&#8221;, destaca Eda.<\/span><\/p>\n<p><b>Tr\u00eas perguntas para <\/b><b>Eda Machado Coutinho, fundadora do IESB:<\/b><\/p>\n<blockquote><p><b>Qual a import\u00e2ncia das institui\u00e7\u00f5es de ensino superior?<\/b><\/p><\/blockquote>\n<p><span style=\"font-weight: 400\">As faculdades e as universidades desempenham um papel important\u00edssimo, vinculando seus projetos e pesquisas ao desenvolvimento do nosso pa\u00eds. Elas tamb\u00e9m t\u00eam o papel de formar bons profissionais, capazes de multiplicar suas a\u00e7\u00f5es e transformar a regi\u00e3o onde eles se encontram. Para alcan\u00e7ar esses objetivos, as institui\u00e7\u00f5es precisam definir bem a sua miss\u00e3o e o compromisso que t\u00eam para transformar a vida dos alunos e torn\u00e1-los cidad\u00e3os globais que introduzem mudan\u00e7as na sociedade.<\/span><\/p>\n<blockquote><p><b>Quais s\u00e3o as metodologias utilizadas pelo IESB?<\/b><\/p><\/blockquote>\n<p><span style=\"font-weight: 400\">No IESB, os professores usam as metodologias ativas, recebem orienta\u00e7\u00f5es sobre o uso das pr\u00e1ticas junto com as teorias e s\u00e3o livres para aperfei\u00e7oar e melhorar as suas aulas.<\/span><b>\u00a0<\/b><\/p>\n<blockquote><p><b>Qual o futuro dos centros universit\u00e1rios no Brasil?<\/b><\/p><\/blockquote>\n<p><span style=\"font-weight: 400\">Nos Estados Unidos, a miss\u00e3o de cada institui\u00e7\u00e3o de ensino \u00e9 o que define seu nome. Assim, h\u00e1 uma divis\u00e3o clara entre universidade, faculdade (College) e col\u00e9gio da comunidade (Community College). Em rela\u00e7\u00e3o ao termo \u201cuniversidade\u201d, elas podem ser de ensino ou de pesquisa. A extens\u00e3o \u00e9 a miss\u00e3o das duas. Aquelas que os cursos t\u00eam dura\u00e7\u00e3o de dois anos e s\u00e3o voltadas para trabalhos de extens\u00e3o s\u00e3o chamadas de Community College. Acredito que, no futuro, a classifica\u00e7\u00e3o de centro universit\u00e1rio deixar\u00e1 de existir e teremos os dois tipos de universidades acima.\u00a0<\/span><\/p>\n","protected":false},"excerpt":{"rendered":"<p>O Distrito Federal possui o maior percentual de alunos em institui\u00e7\u00f5es privadas do Centro-Oeste (80,4%), de acordo com o Mapa do Ensino Superior no Brasil, levantamento realizado pelo Instituto Semesp. Para Eda Machado Coutinho, fundadora do Centro Universit\u00e1rio IESB, a capital conta com excelentes institui\u00e7\u00f5es de ensino particular, que h\u00e1 anos v\u00eam transformando a vida de muitas pessoas, colaborando com [&hellip;]<\/p>\n","protected":false},"author":138,"featured_media":115,"comment_status":"open","ping_status":"open","sticky":false,"template":"","format":"standard","meta":{"footnotes":""},"categories":[1],"tags":[],"class_list":["post-114","post","type-post","status-publish","format-standard","has-post-thumbnail","hentry","category-sem-categoria"],"_links":{"self":[{"href":"https:\/\/blogs.correiobraziliense.com.br\/marcas-e-negocios\/wp-json\/wp\/v2\/posts\/114","targetHints":{"allow":["GET"]}}],"collection":[{"href":"https:\/\/blogs.correiobraziliense.com.br\/marcas-e-negocios\/wp-json\/wp\/v2\/posts"}],"about":[{"href":"https:\/\/blogs.correiobraziliense.com.br\/marcas-e-negocios\/wp-json\/wp\/v2\/types\/post"}],"author":[{"embeddable":true,"href":"https:\/\/blogs.correiobraziliense.com.br\/marcas-e-negocios\/wp-json\/wp\/v2\/users\/138"}],"replies":[{"embeddable":true,"href":"https:\/\/blogs.correiobraziliense.com.br\/marcas-e-negocios\/wp-json\/wp\/v2\/comments?post=114"}],"version-history":[{"count":1,"href":"https:\/\/blogs.correiobraziliense.com.br\/marcas-e-negocios\/wp-json\/wp\/v2\/posts\/114\/revisions"}],"predecessor-version":[{"id":116,"href":"https:\/\/blogs.correiobraziliense.com.br\/marcas-e-negocios\/wp-json\/wp\/v2\/posts\/114\/revisions\/116"}],"wp:featuredmedia":[{"embeddable":true,"href":"https:\/\/blogs.correiobraziliense.com.br\/marcas-e-negocios\/wp-json\/wp\/v2\/media\/115"}],"wp:attachment":[{"href":"https:\/\/blogs.correiobraziliense.com.br\/marcas-e-negocios\/wp-json\/wp\/v2\/media?parent=114"}],"wp:term":[{"taxonomy":"category","embeddable":true,"href":"https:\/\/blogs.correiobraziliense.com.br\/marcas-e-negocios\/wp-json\/wp\/v2\/categories?post=114"},{"taxonomy":"post_tag","embeddable":true,"href":"https:\/\/blogs.correiobraziliense.com.br\/marcas-e-negocios\/wp-json\/wp\/v2\/tags?post=114"}],"curies":[{"name":"wp","href":"https:\/\/api.w.org\/{rel}","templated":true}]}}