{"id":5928,"date":"2026-08-21T03:08:47","date_gmt":"2026-08-21T06:08:47","guid":{"rendered":"https:\/\/blogs.correiobraziliense.com.br\/maisbichos\/?p=5928"},"modified":"2026-08-22T00:48:12","modified_gmt":"2026-08-22T03:48:12","slug":"como-denunciar-o-trafico-de-animais-silvestres-de-forma-segura-e-anonima","status":"publish","type":"post","link":"https:\/\/blogs.correiobraziliense.com.br\/maisbichos\/como-denunciar-o-trafico-de-animais-silvestres-de-forma-segura-e-anonima\/","title":{"rendered":"Como denunciar o tr\u00e1fico de animais silvestres de forma segura e an\u00f4nima"},"content":{"rendered":"\n<p class=\"wp-block-paragraph\"><strong>Conhe\u00e7a os canais oficiais do Ibama e das pol\u00edcias ambientais para denunciar casos de tr\u00e1fico e manuten\u00e7\u00e3o ilegal de animais silvestres.<\/strong><\/p>\n\n\n\n<p class=\"wp-block-paragraph\">O tr\u00e1fico de animais silvestres \u00e9 uma realidade preocupante no Brasil. Muitos cidad\u00e3os se deparam com situa\u00e7\u00f5es suspeitas, como a venda ilegal de animais em feiras ou a manuten\u00e7\u00e3o de aves em <a href=\"https:\/\/www.correiobraziliense.com.br\/cidades-df\/2026\/01\/7336798-cativeiro-clandestino-mantinha-30-aves-em-condicoes-precarias-no-df.html\">cativeiro<\/a>, mas n\u00e3o sabem como agir. A den\u00fancia \u00e9 uma ferramenta importante para combater esse crime e pode ser feita de forma segura, inclusive sem identifica\u00e7\u00e3o em determinados canais.<\/p>\n\n\n\n<p class=\"wp-block-paragraph\"><strong>Quais s\u00e3o os canais oficiais do Ibama para den\u00fancias?<\/strong><\/p>\n\n\n\n<p class=\"wp-block-paragraph\">Um dos principais canais federais para den\u00fancias ambientais \u00e9 a <a href=\"https:\/\/www.gov.br\/ibama\/pt-br\/canais_atendimento\/fale-conosco\">Ouvidoria do Ibama<\/a>, que recebe manifesta\u00e7\u00f5es pela plataforma Fala.BR e pela Linha Verde pelo telefone 0800 061 8080, com liga\u00e7\u00e3o gratuita. A identifica\u00e7\u00e3o do cidad\u00e3o \u00e9 facultativa nos canais de atendimento.<\/p>\n\n\n\n<p class=\"wp-block-paragraph\"><strong>Quando acionar a Pol\u00edcia Ambiental?<\/strong><\/p>\n\n\n\n<p class=\"wp-block-paragraph\">A <a href=\"https:\/\/www.correiobraziliense.com.br\/cidades-df\/2025\/03\/7090722-pm-apreende-21-aves-silvestres-e-flagra-desmatamento-ilegal-no-df.html\">Pol\u00edcia Militar Ambiental<\/a> atua nos estados e os canais de den\u00fancia podem variar conforme a unidade da Federa\u00e7\u00e3o. Em alguns estados, o atendimento de emerg\u00eancia pelo 190 pode ser utilizado para comunicar ocorr\u00eancias em andamento. Por isso, em situa\u00e7\u00f5es de flagrante ou risco imediato, procure o servi\u00e7o de emerg\u00eancia ou o canal oficial da Pol\u00edcia Militar Ambiental do seu estado.<\/p>\n\n\n\n<figure class=\"wp-block-image\"><img loading=\"lazy\" decoding=\"async\" width=\"1200\" height=\"719\" src=\"https:\/\/blogs.correiobraziliense.com.br\/maisbichos\/wp-content\/uploads\/sites\/7\/2026\/08\/policia-militar-ambiental-resgate-animais-silvestres.jpg.jpg\" alt=\"Policiais ambientais apreendem aves mantidas ilegalmente em cativeiro\" class=\"wp-image-5930\" srcset=\"https:\/\/blogs.correiobraziliense.com.br\/maisbichos\/wp-content\/uploads\/sites\/7\/2026\/08\/policia-militar-ambiental-resgate-animais-silvestres.jpg.jpg 1200w, https:\/\/blogs.correiobraziliense.com.br\/maisbichos\/wp-content\/uploads\/sites\/7\/2026\/08\/policia-militar-ambiental-resgate-animais-silvestres.jpg-300x180.jpg 300w, https:\/\/blogs.correiobraziliense.com.br\/maisbichos\/wp-content\/uploads\/sites\/7\/2026\/08\/policia-militar-ambiental-resgate-animais-silvestres.jpg-768x460.jpg 768w, https:\/\/blogs.correiobraziliense.com.br\/maisbichos\/wp-content\/uploads\/sites\/7\/2026\/08\/policia-militar-ambiental-resgate-animais-silvestres.jpg-800x479.jpg 800w, https:\/\/blogs.correiobraziliense.com.br\/maisbichos\/wp-content\/uploads\/sites\/7\/2026\/08\/policia-militar-ambiental-resgate-animais-silvestres.jpg-550x330.jpg 550w, https:\/\/blogs.correiobraziliense.com.br\/maisbichos\/wp-content\/uploads\/sites\/7\/2026\/08\/policia-militar-ambiental-resgate-animais-silvestres.jpg-230x138.jpg 230w\" sizes=\"auto, (max-width: 1200px) 100vw, 1200px\" \/><figcaption class=\"wp-element-caption\">Policiais ambientais apreendem aves mantidas ilegalmente em cativeiro. Foto: Beto Novaes\/EM\/D.A Press<\/figcaption><\/figure>\n\n\n\n<p class=\"wp-block-paragraph\"><\/p>\n\n\n\n<p class=\"wp-block-paragraph\"><em>Leia Mais<\/em><\/p>\n\n\n\n<ul class=\"wp-block-list\">\n<li><a href=\"https:\/\/www.correiobraziliense.com.br\/brasil\/2025\/10\/7281471-operacao-contra-trafico-de-animais-silvestres-e-deflagrada-em-11-estados.html\">Opera\u00e7\u00e3o contra tr\u00e1fico de animais silvestres \u00e9 deflagrada em 11 estados<\/a><\/li>\n\n\n\n<li><a href=\"https:\/\/www.correiobraziliense.com.br\/brasil\/2025\/06\/7176361-mega-esquema-de-trafico-internacional-de-animais-e-descoberto.html\">Mega esquema de tr\u00e1fico de animais \u00e9 descoberto ap\u00f3s investiga\u00e7\u00e3o com agentes infiltrados<\/a><\/li>\n<\/ul>\n\n\n\n<p class=\"wp-block-paragraph\"><\/p>\n\n\n\n<p class=\"wp-block-paragraph\"><strong>Quando uma den\u00fancia de tr\u00e1fico de animais \u00e9 urgente?<\/strong><\/p>\n\n\n\n<p class=\"wp-block-paragraph\">Situa\u00e7\u00f5es de flagrante, venda ilegal em andamento, transporte irregular ou condi\u00e7\u00f5es que representem risco imediato aos animais devem ser comunicadas o quanto antes \u00e0s autoridades competentes. Em casos de emerg\u00eancia, o cidad\u00e3o deve procurar o canal oficial de atendimento da pol\u00edcia de seu estado.<\/p>\n\n\n\n<p class=\"wp-block-paragraph\"><strong>Como tornar sua den\u00fancia mais eficaz<\/strong><\/p>\n\n\n\n<p class=\"wp-block-paragraph\">Para que a fiscaliza\u00e7\u00e3o seja bem-sucedida, \u00e9 fundamental fornecer o m\u00e1ximo de detalhes poss\u00edvel. Quanto mais precisa for a informa\u00e7\u00e3o, maior a chance de a opera\u00e7\u00e3o ter sucesso. Ao fazer o registro, tente incluir os seguintes dados:<\/p>\n\n\n\n<ul class=\"wp-block-list\">\n<li><strong>Localiza\u00e7\u00e3o exata: <\/strong>endere\u00e7o completo com rua, n\u00famero, bairro, cidade e um ponto de refer\u00eancia que facilite a chegada dos fiscais.<\/li>\n<\/ul>\n\n\n\n<ul class=\"wp-block-list\">\n<li><strong>Descri\u00e7\u00e3o do fato:<\/strong> explique o que est\u00e1 acontecendo (venda, cativeiro, maus-tratos), as esp\u00e9cies envolvidas e a quantidade de animais, se souber.<\/li>\n<\/ul>\n\n\n\n<ul class=\"wp-block-list\">\n<li>I<strong>nforma\u00e7\u00f5es sobre o suspeito:<\/strong> descreva caracter\u00edsticas f\u00edsicas, nome ou apelido, e placas de ve\u00edculos utilizados na a\u00e7\u00e3o criminosa.<\/li>\n<\/ul>\n\n\n\n<ul class=\"wp-block-list\">\n<li><strong>Frequ\u00eancia da atividade:<\/strong> informe se o crime \u00e9 constante ou se ocorre em dias e hor\u00e1rios espec\u00edficos.<\/li>\n<\/ul>\n\n\n\n<ul class=\"wp-block-list\">\n<li><strong>Registros visuais:<\/strong> se conseguir fazer fotos ou v\u00eddeos sem se colocar em risco, eles podem ajudar as autoridades a identificar e verificar a ocorr\u00eancia.<\/li>\n<\/ul>\n\n\n\n<p class=\"wp-block-paragraph\">Por tr\u00e1s de cada animal retirado ilegalmente da natureza existe uma hist\u00f3ria de sofrimento e, muitas vezes, uma cadeia de explora\u00e7\u00e3o que precisa ser interrompida. Ao denunciar uma situa\u00e7\u00e3o suspeita, o cidad\u00e3o ajuda a dar \u00e0s autoridades informa\u00e7\u00f5es que podem fazer a diferen\u00e7a no resgate dos animais e na prote\u00e7\u00e3o da fauna. Se decidir denunciar, fa\u00e7a isso pelos canais oficiais e sempre preserve a pr\u00f3pria seguran\u00e7a.<\/p>\n\n\n\n<p class=\"wp-block-paragraph\"><strong>Servi\u00e7o<\/strong> | <strong>Ibama \u2013 Linha Verde<\/strong><br>\ud83d\udcde 0800 061 8080<br>\ud83d\udd50 Segunda a sexta, das 7h \u00e0s 19h<br>\ud83c\udf10 <a href=\"https:\/\/falabr.cgu.gov.br\/v2\/\">Fala.BR<\/a><\/p>\n","protected":false},"excerpt":{"rendered":"<p>Conhe\u00e7a os canais oficiais do Ibama e das pol\u00edcias ambientais para denunciar casos de tr\u00e1fico e manuten\u00e7\u00e3o ilegal de animais silvestres. O tr\u00e1fico de animais silvestres \u00e9 uma realidade preocupante no Brasil. Muitos cidad\u00e3os se deparam com situa\u00e7\u00f5es suspeitas, como a venda ilegal de animais em feiras ou a manuten\u00e7\u00e3o de aves em cativeiro, mas n\u00e3o sabem como agir. A [&hellip;]<\/p>\n","protected":false},"author":170,"featured_media":5931,"comment_status":"open","ping_status":"closed","sticky":false,"template":"","format":"standard","meta":{"footnotes":""},"categories":[129],"tags":[131,133,136,132,135,134],"class_list":["post-5928","post","type-post","status-publish","format-standard","has-post-thumbnail","hentry","category-protecao-animal","tag-animais-silvestres","tag-denuncia","tag-fauna-brasileira","tag-ibama","tag-policia-ambiental","tag-protecao-animal"],"_links":{"self":[{"href":"https:\/\/blogs.correiobraziliense.com.br\/maisbichos\/wp-json\/wp\/v2\/posts\/5928","targetHints":{"allow":["GET"]}}],"collection":[{"href":"https:\/\/blogs.correiobraziliense.com.br\/maisbichos\/wp-json\/wp\/v2\/posts"}],"about":[{"href":"https:\/\/blogs.correiobraziliense.com.br\/maisbichos\/wp-json\/wp\/v2\/types\/post"}],"author":[{"embeddable":true,"href":"https:\/\/blogs.correiobraziliense.com.br\/maisbichos\/wp-json\/wp\/v2\/users\/170"}],"replies":[{"embeddable":true,"href":"https:\/\/blogs.correiobraziliense.com.br\/maisbichos\/wp-json\/wp\/v2\/comments?post=5928"}],"version-history":[{"count":10,"href":"https:\/\/blogs.correiobraziliense.com.br\/maisbichos\/wp-json\/wp\/v2\/posts\/5928\/revisions"}],"predecessor-version":[{"id":5949,"href":"https:\/\/blogs.correiobraziliense.com.br\/maisbichos\/wp-json\/wp\/v2\/posts\/5928\/revisions\/5949"}],"wp:featuredmedia":[{"embeddable":true,"href":"https:\/\/blogs.correiobraziliense.com.br\/maisbichos\/wp-json\/wp\/v2\/media\/5931"}],"wp:attachment":[{"href":"https:\/\/blogs.correiobraziliense.com.br\/maisbichos\/wp-json\/wp\/v2\/media?parent=5928"}],"wp:term":[{"taxonomy":"category","embeddable":true,"href":"https:\/\/blogs.correiobraziliense.com.br\/maisbichos\/wp-json\/wp\/v2\/categories?post=5928"},{"taxonomy":"post_tag","embeddable":true,"href":"https:\/\/blogs.correiobraziliense.com.br\/maisbichos\/wp-json\/wp\/v2\/tags?post=5928"}],"curies":[{"name":"wp","href":"https:\/\/api.w.org\/{rel}","templated":true}]}}