{"id":884,"count":1,"description":"","link":"https:\/\/blogs.correiobraziliense.com.br\/lianasabo\/tag\/confederacao-da-agricultura-e-pecuaria-do-brasil-cna\/","name":"Confedera\u00e7\u00e3o da Agricultura e Pecu\u00e1ria do Brasil (CNA)","slug":"confederacao-da-agricultura-e-pecuaria-do-brasil-cna","taxonomy":"post_tag","meta":[],"_links":{"self":[{"href":"https:\/\/blogs.correiobraziliense.com.br\/lianasabo\/wp-json\/wp\/v2\/tags\/884","targetHints":{"allow":["GET"]}}],"collection":[{"href":"https:\/\/blogs.correiobraziliense.com.br\/lianasabo\/wp-json\/wp\/v2\/tags"}],"about":[{"href":"https:\/\/blogs.correiobraziliense.com.br\/lianasabo\/wp-json\/wp\/v2\/taxonomies\/post_tag"}],"wp:post_type":[{"href":"https:\/\/blogs.correiobraziliense.com.br\/lianasabo\/wp-json\/wp\/v2\/posts?tags=884"}],"curies":[{"name":"wp","href":"https:\/\/api.w.org\/{rel}","templated":true}]}}