{"id":9989,"date":"2025-09-30T10:30:25","date_gmt":"2025-09-30T13:30:25","guid":{"rendered":"https:\/\/blogs.correiobraziliense.com.br\/lianasabo\/?p=9989"},"modified":"2025-09-30T11:23:28","modified_gmt":"2025-09-30T14:23:28","slug":"paulo-tarso-e-anna-cury-participam-da-concepcao-do-menu-do-projeto-chefs-no-b","status":"publish","type":"post","link":"https:\/\/blogs.correiobraziliense.com.br\/lianasabo\/paulo-tarso-e-anna-cury-participam-da-concepcao-do-menu-do-projeto-chefs-no-b\/","title":{"rendered":"Paulo Tarso e Anna Cury participam da concep\u00e7\u00e3o do menu do projeto Chefs no B"},"content":{"rendered":"<p><em>Jantar feito a seis m\u00e3os ser\u00e1 nesta quinta-feira (2\/10), no restaurante T\u00e9rreo do B Hotel<\/em><\/p>\n<p>O restaurante T\u00e9rreo, no B Hotel Bras\u00edlia, promove na pr\u00f3xima quinta-feira (2\/10) mais uma edi\u00e7\u00e3o do projeto Chefs no B. Desta vez, o anfitri\u00e3o L\u00eanin Palhano recebe o brasiliense Paulo Tarso e a confeiteira curitibana Anna Cury para criar um menu degusta\u00e7\u00e3o de nove etapas.<\/p>\n<figure id=\"attachment_9993\" aria-describedby=\"caption-attachment-9993\" style=\"width: 200px\" class=\"wp-caption alignleft\"><a href=\"https:\/\/blogs.correiobraziliense.com.br\/lianasabo\/wp-content\/uploads\/sites\/25\/2025\/09\/IMG-20250930-WA0005.jpg\"><img loading=\"lazy\" decoding=\"async\" class=\"size-medium wp-image-9993\" src=\"https:\/\/blogs.correiobraziliense.com.br\/lianasabo\/wp-content\/uploads\/sites\/25\/2025\/09\/IMG-20250930-WA0005-200x300.jpg\" alt=\"\" width=\"200\" height=\"300\" srcset=\"https:\/\/blogs.correiobraziliense.com.br\/lianasabo\/wp-content\/uploads\/sites\/25\/2025\/09\/IMG-20250930-WA0005-200x300.jpg 200w, https:\/\/blogs.correiobraziliense.com.br\/lianasabo\/wp-content\/uploads\/sites\/25\/2025\/09\/IMG-20250930-WA0005-768x1152.jpg 768w, https:\/\/blogs.correiobraziliense.com.br\/lianasabo\/wp-content\/uploads\/sites\/25\/2025\/09\/IMG-20250930-WA0005-683x1024.jpg 683w, https:\/\/blogs.correiobraziliense.com.br\/lianasabo\/wp-content\/uploads\/sites\/25\/2025\/09\/IMG-20250930-WA0005.jpg 800w, https:\/\/blogs.correiobraziliense.com.br\/lianasabo\/wp-content\/uploads\/sites\/25\/2025\/09\/IMG-20250930-WA0005-550x825.jpg 550w, https:\/\/blogs.correiobraziliense.com.br\/lianasabo\/wp-content\/uploads\/sites\/25\/2025\/09\/IMG-20250930-WA0005-230x345.jpg 230w\" sizes=\"auto, (max-width: 200px) 100vw, 200px\" \/><\/a><figcaption id=\"caption-attachment-9993\" class=\"wp-caption-text\">Lenin Palhano. Cr\u00e9dito: Divulga\u00e7\u00e3o<\/figcaption><\/figure>\n<p>A experi\u00eancia come\u00e7a com aperitivos como brioche de siri, atum com foie gras e polenta com tartar de cogumelos e trufas. Nos pratos principais, aparecem combina\u00e7\u00f5es como vieira com laranja e tapioca, arroz Acquerello com caldo de mocot\u00f3 e polvo, al\u00e9m do carr\u00e9 de cordeiro com agnolotti de t\u00e2maras. O cupim com cevada e mascarpone encerra a parte salgada. Para ado\u00e7ar a noite, ser\u00e1 apresentada a sobremesa refrescante de ma\u00e7\u00e3 verde, capim-lim\u00e3o, coco e baunilha do cerrado.<\/p>\n<p>A harmoniza\u00e7\u00e3o fica por conta do premiado mixologista Alex Mesquita, diretor criativo de coquet\u00e9is do hotel, que assina drinques exclusivos como o Guava (vodca, goiaba e hortel\u00e3) e o cl\u00e1ssico Espresso Martini, al\u00e9m de vinhos escolhidos para acompanhar cada etapa do jantar.<\/p>\n<p><strong>SERVI\u00c7O<\/strong><br \/>\n<strong>Chefs no B \u2013 jantar com L\u00eanin Palhano, Paulo Tarso e Anna Cury<\/strong><br \/>\n<strong>Data:<\/strong> 2\/10 (quinta-feira), a partir das 19h<br \/>\n<strong>Endere\u00e7o:<\/strong> Restaurante T\u00e9rreo \u2013 B Hotel Bras\u00edlia<br \/>\n<strong>Ingresso:<\/strong> R$ 590 (sem bebidas) e R$ 790 (com harmoniza\u00e7\u00e3o) + 13% taxa de servi\u00e7o<br \/>\n<strong>Reservas:<\/strong> (61) 3962-2000.<\/p>\n","protected":false},"excerpt":{"rendered":"<p>Jantar feito a seis m\u00e3os ser\u00e1 nesta quinta-feira (2\/10), no restaurante T\u00e9rreo do B Hotel O restaurante T\u00e9rreo, no B Hotel Bras\u00edlia, promove na pr\u00f3xima quinta-feira (2\/10) mais uma edi\u00e7\u00e3o do projeto Chefs no B. Desta vez, o anfitri\u00e3o L\u00eanin Palhano recebe o brasiliense Paulo Tarso e a confeiteira curitibana Anna Cury para criar um menu degusta\u00e7\u00e3o de nove etapas. [&hellip;]<\/p>\n","protected":false},"author":54,"featured_media":9991,"comment_status":"open","ping_status":"open","sticky":false,"template":"","format":"standard","meta":{"footnotes":""},"categories":[486],"tags":[246],"class_list":["post-9989","post","type-post","status-publish","format-standard","has-post-thumbnail","hentry","category-evento","tag-b-hotel"],"_links":{"self":[{"href":"https:\/\/blogs.correiobraziliense.com.br\/lianasabo\/wp-json\/wp\/v2\/posts\/9989","targetHints":{"allow":["GET"]}}],"collection":[{"href":"https:\/\/blogs.correiobraziliense.com.br\/lianasabo\/wp-json\/wp\/v2\/posts"}],"about":[{"href":"https:\/\/blogs.correiobraziliense.com.br\/lianasabo\/wp-json\/wp\/v2\/types\/post"}],"author":[{"embeddable":true,"href":"https:\/\/blogs.correiobraziliense.com.br\/lianasabo\/wp-json\/wp\/v2\/users\/54"}],"replies":[{"embeddable":true,"href":"https:\/\/blogs.correiobraziliense.com.br\/lianasabo\/wp-json\/wp\/v2\/comments?post=9989"}],"version-history":[{"count":3,"href":"https:\/\/blogs.correiobraziliense.com.br\/lianasabo\/wp-json\/wp\/v2\/posts\/9989\/revisions"}],"predecessor-version":[{"id":9994,"href":"https:\/\/blogs.correiobraziliense.com.br\/lianasabo\/wp-json\/wp\/v2\/posts\/9989\/revisions\/9994"}],"wp:featuredmedia":[{"embeddable":true,"href":"https:\/\/blogs.correiobraziliense.com.br\/lianasabo\/wp-json\/wp\/v2\/media\/9991"}],"wp:attachment":[{"href":"https:\/\/blogs.correiobraziliense.com.br\/lianasabo\/wp-json\/wp\/v2\/media?parent=9989"}],"wp:term":[{"taxonomy":"category","embeddable":true,"href":"https:\/\/blogs.correiobraziliense.com.br\/lianasabo\/wp-json\/wp\/v2\/categories?post=9989"},{"taxonomy":"post_tag","embeddable":true,"href":"https:\/\/blogs.correiobraziliense.com.br\/lianasabo\/wp-json\/wp\/v2\/tags?post=9989"}],"curies":[{"name":"wp","href":"https:\/\/api.w.org\/{rel}","templated":true}]}}