{"id":9976,"date":"2025-09-25T06:26:38","date_gmt":"2025-09-25T09:26:38","guid":{"rendered":"https:\/\/blogs.correiobraziliense.com.br\/lianasabo\/?p=9976"},"modified":"2025-09-24T13:45:15","modified_gmt":"2025-09-24T16:45:15","slug":"brasilia-entra-na-rota-do-guia-de-bares-brahma-com-14-enderecos-e-petiscos-harmonizados","status":"publish","type":"post","link":"https:\/\/blogs.correiobraziliense.com.br\/lianasabo\/brasilia-entra-na-rota-do-guia-de-bares-brahma-com-14-enderecos-e-petiscos-harmonizados\/","title":{"rendered":"Bras\u00edlia entra na rota do Guia de Bares Brahma com 14 endere\u00e7os e petiscos harmonizados"},"content":{"rendered":"<p><em>Bares da capital celebram a cultura de boteco em iniciativa que une gastronomia e cerveja<\/em><\/p>\n<p>Bras\u00edlia acaba de ganhar um lugar especial em um roteiro que celebra duas grandes paix\u00f5es brasileiras: a mesa de bar e a cerveja gelada. A cidade integra a rota in\u00e9dita do Guia de Bares Brahma, iniciativa da Ambev em parceria com a Academia da Cerveja, que re\u00fane mais de 120 casas em seis capitais brasileiras. At\u00e9 15 de outubro, o p\u00fablico poder\u00e1 viver uma experi\u00eancia gastron\u00f4mica e cervejeira com pratos cl\u00e1ssicos harmonizados com Brahma em bares e restaurantes da capital.<\/p>\n<p>Na edi\u00e7\u00e3o brasiliense, 14 endere\u00e7os participam com receitas que t\u00eam a cara da cultura de boteco. No <strong>Z\u00e9 Torresmo<\/strong>, por exemplo, o destaque \u00e9 o torresmo mexicano com guacamole e pico de galo. J\u00e1 o <strong>Estufa<\/strong> aposta no bolinho de mani\u00e7oba com maionese de pimenta malagueta. O <strong>Bilisco<\/strong> apresenta o taco de carne louca de porco, enquanto o <strong>Gran Bier<\/strong> resgata a tradi\u00e7\u00e3o com bolinho de bacalhau. Na <strong>Toca do Chopp<\/strong>, a pedida \u00e9 o jil\u00f3 recheado com lingui\u00e7a artesanal picante, requeij\u00e3o cremoso e geleia de jabuticaba.<\/p>\n<figure id=\"attachment_9979\" aria-describedby=\"caption-attachment-9979\" style=\"width: 800px\" class=\"wp-caption aligncenter\"><a href=\"https:\/\/blogs.correiobraziliense.com.br\/lianasabo\/wp-content\/uploads\/sites\/25\/2025\/09\/COD_4248.jpg\"><img loading=\"lazy\" decoding=\"async\" class=\"size-full wp-image-9979\" src=\"https:\/\/blogs.correiobraziliense.com.br\/lianasabo\/wp-content\/uploads\/sites\/25\/2025\/09\/COD_4248.jpg\" alt=\"\" width=\"800\" height=\"533\" srcset=\"https:\/\/blogs.correiobraziliense.com.br\/lianasabo\/wp-content\/uploads\/sites\/25\/2025\/09\/COD_4248.jpg 800w, https:\/\/blogs.correiobraziliense.com.br\/lianasabo\/wp-content\/uploads\/sites\/25\/2025\/09\/COD_4248-300x200.jpg 300w, https:\/\/blogs.correiobraziliense.com.br\/lianasabo\/wp-content\/uploads\/sites\/25\/2025\/09\/COD_4248-768x512.jpg 768w, https:\/\/blogs.correiobraziliense.com.br\/lianasabo\/wp-content\/uploads\/sites\/25\/2025\/09\/COD_4248-550x366.jpg 550w, https:\/\/blogs.correiobraziliense.com.br\/lianasabo\/wp-content\/uploads\/sites\/25\/2025\/09\/COD_4248-230x153.jpg 230w\" sizes=\"auto, (max-width: 800px) 100vw, 800px\" \/><\/a><figcaption id=\"caption-attachment-9979\" class=\"wp-caption-text\">Taco de carne louca su\u00edna, do Bilisco Bar. Cr\u00e9dito: Guia de Bares Brahma\/Divulga\u00e7\u00e3o<\/figcaption><\/figure>\n<p>Al\u00e9m de Bras\u00edlia, participam tamb\u00e9m S\u00e3o Paulo, Rio de Janeiro, Salvador, Porto Alegre e Bel\u00e9m. Em todas as cidades, os estabelecimentos oferecem card\u00e1pios especiais pensados para real\u00e7ar os sabores quando acompanhadas de chope ou cerveja Brahma. O Guia de Bares Brahma j\u00e1 est\u00e1 dispon\u00edvel online (<a href=\"https:\/\/guiadebares.com\/\">www.guiadebares.com<\/a>) e no Instagram (@_guiadebares).<\/p>\n<p><strong>Confira a lista de endere\u00e7os participantes<\/strong><\/p>\n<p>Alpinus Choperia e Galeteria (Parque da Cidade, Estacionamento 5 \u2013 Asa Sul)<\/p>\n<p>Bar do Galego (QE 34, Bloco B, Loja 31 \u2013 Guar\u00e1 II)<\/p>\n<p>Bar do Mocot\u00f3 (SCLRN 702\/703, Bloco F, Loja 23 \u2013 Asa Norte)<\/p>\n<p>Beirute (CLN 107, Bloco D, Loja 1 \u2013 Asa Norte e CLS 109, Bloco A, Loja 2\/4 \u2013 Asa Sul)<\/p>\n<p>Bilisco Bar de Belisco (CLN 413, Bloco E, Loja 57 \u2013 Asa Norte)<\/p>\n<p>Bu.te.quim (CLS 306, Bloco C, Loja 36 \u2013 Asa Sul)<\/p>\n<p>Cear\u00e1 Carne de Sol (QE 04, \u00c1rea Especial (em frente ao Sesc) \u2013 Guar\u00e1 I)<\/p>\n<p>Confraria do Padim (QNM 38\/40, Bloco H, Loja 4 \u2013 Setor M Norte, Taguatinga)<\/p>\n<p>Estufa Botequim (CLN 103, Bloco B, Loja 12 \u2013 Asa Norte)<\/p>\n<p>Gran Bier (SHIS QL 10, Pont\u00e3o \u2013 Lago Sul)<\/p>\n<p>Marco Zero Bar, Restaurante e Arte (Eixinho L, altura da SQS 202, Posto de Gasolina BR \u2013 Asa Sul)<\/p>\n<p>Toca do Chopp (QI 9\/10, Canteiro Central \u2013 Lago Norte)<\/p>\n<p>Z\u00e9 Toresmo (CLN 115, Bloco C, Loja 41 \u2013 Asa Norte).<\/p>\n","protected":false},"excerpt":{"rendered":"<p>Bares da capital celebram a cultura de boteco em iniciativa que une gastronomia e cerveja<\/p>\n","protected":false},"author":54,"featured_media":9978,"comment_status":"open","ping_status":"open","sticky":false,"template":"","format":"standard","meta":{"footnotes":""},"categories":[225],"tags":[1367],"class_list":["post-9976","post","type-post","status-publish","format-standard","has-post-thumbnail","hentry","category-bares","tag-guia-de-bares"],"_links":{"self":[{"href":"https:\/\/blogs.correiobraziliense.com.br\/lianasabo\/wp-json\/wp\/v2\/posts\/9976","targetHints":{"allow":["GET"]}}],"collection":[{"href":"https:\/\/blogs.correiobraziliense.com.br\/lianasabo\/wp-json\/wp\/v2\/posts"}],"about":[{"href":"https:\/\/blogs.correiobraziliense.com.br\/lianasabo\/wp-json\/wp\/v2\/types\/post"}],"author":[{"embeddable":true,"href":"https:\/\/blogs.correiobraziliense.com.br\/lianasabo\/wp-json\/wp\/v2\/users\/54"}],"replies":[{"embeddable":true,"href":"https:\/\/blogs.correiobraziliense.com.br\/lianasabo\/wp-json\/wp\/v2\/comments?post=9976"}],"version-history":[{"count":1,"href":"https:\/\/blogs.correiobraziliense.com.br\/lianasabo\/wp-json\/wp\/v2\/posts\/9976\/revisions"}],"predecessor-version":[{"id":9980,"href":"https:\/\/blogs.correiobraziliense.com.br\/lianasabo\/wp-json\/wp\/v2\/posts\/9976\/revisions\/9980"}],"wp:featuredmedia":[{"embeddable":true,"href":"https:\/\/blogs.correiobraziliense.com.br\/lianasabo\/wp-json\/wp\/v2\/media\/9978"}],"wp:attachment":[{"href":"https:\/\/blogs.correiobraziliense.com.br\/lianasabo\/wp-json\/wp\/v2\/media?parent=9976"}],"wp:term":[{"taxonomy":"category","embeddable":true,"href":"https:\/\/blogs.correiobraziliense.com.br\/lianasabo\/wp-json\/wp\/v2\/categories?post=9976"},{"taxonomy":"post_tag","embeddable":true,"href":"https:\/\/blogs.correiobraziliense.com.br\/lianasabo\/wp-json\/wp\/v2\/tags?post=9976"}],"curies":[{"name":"wp","href":"https:\/\/api.w.org\/{rel}","templated":true}]}}