{"id":9951,"date":"2025-09-18T22:06:39","date_gmt":"2025-09-19T01:06:39","guid":{"rendered":"https:\/\/blogs.correiobraziliense.com.br\/lianasabo\/?p=9951"},"modified":"2025-09-18T22:07:26","modified_gmt":"2025-09-19T01:07:26","slug":"simon-lau-une-cerrado-e-amazonia-em-menu-que-antecipa-jantar-da-cop-30","status":"publish","type":"post","link":"https:\/\/blogs.correiobraziliense.com.br\/lianasabo\/simon-lau-une-cerrado-e-amazonia-em-menu-que-antecipa-jantar-da-cop-30\/","title":{"rendered":"Simon Lau une Cerrado e Amaz\u00f4nia em menu que antecipa jantar da COP 30"},"content":{"rendered":"<p><!--StartFragment --><\/p>\n<p class=\"pf0\"><em><span class=\"cf0\">Eventos pr\u00e9-confer\u00eancia ocorrem no restaurante <\/span><span class=\"cf0\">Aquavit<\/span><span class=\"cf0\">, em Bras\u00edlia, nos dias 19 de setembro e 10 e 11 de outubro<\/span><\/em><\/p>\n<p class=\"pf0\"><span class=\"cf0\">O dinamarqu\u00eas Simon <\/span><span class=\"cf0\">Lau<\/span><span class=\"cf0\">, chef do restaurante <\/span><span class=\"cf0\">Aquavit<\/span><span class=\"cf0\">, em Bras\u00edlia, tem vivido uma verdadeira ponte a\u00e9rea gastron\u00f4mica entre a capital federal e Bel\u00e9m. Integrante do projeto Interc\u00e2mbio Amaz\u00f4nia <\/span><span class=\"cf1\">\u2013 Bel<\/span><span class=\"cf0\">\u00e9m\/Dinamarca, ele prepara menus especiais que refletem essa troca cultural e culin\u00e1ria, marcada pelo di\u00e1logo entre ingredientes do Cerrado, da Amaz\u00f4nia e da tradi\u00e7\u00e3o europeia.\u00a0<\/span><span class=\"cf0\">Segundo o chef, a proposta vai al\u00e9m da cozinha: \u201cO objetivo \u00e9 intercambiar ideias gastron\u00f4micas entre os chefs para aprender, inovar, preservar e inspirar\u201d.<\/span><\/p>\n<figure id=\"attachment_9952\" aria-describedby=\"caption-attachment-9952\" style=\"width: 225px\" class=\"wp-caption alignleft\"><a href=\"https:\/\/blogs.correiobraziliense.com.br\/lianasabo\/wp-content\/uploads\/sites\/25\/2025\/09\/img14.jpg\"><img loading=\"lazy\" decoding=\"async\" class=\"size-medium wp-image-9952\" src=\"https:\/\/blogs.correiobraziliense.com.br\/lianasabo\/wp-content\/uploads\/sites\/25\/2025\/09\/img14-225x300.jpg\" alt=\"\" width=\"225\" height=\"300\" srcset=\"https:\/\/blogs.correiobraziliense.com.br\/lianasabo\/wp-content\/uploads\/sites\/25\/2025\/09\/img14-225x300.jpg 225w, https:\/\/blogs.correiobraziliense.com.br\/lianasabo\/wp-content\/uploads\/sites\/25\/2025\/09\/img14-768x1024.jpg 768w, https:\/\/blogs.correiobraziliense.com.br\/lianasabo\/wp-content\/uploads\/sites\/25\/2025\/09\/img14-800x1067.jpg 800w, https:\/\/blogs.correiobraziliense.com.br\/lianasabo\/wp-content\/uploads\/sites\/25\/2025\/09\/img14-550x733.jpg 550w, https:\/\/blogs.correiobraziliense.com.br\/lianasabo\/wp-content\/uploads\/sites\/25\/2025\/09\/img14-230x307.jpg 230w, https:\/\/blogs.correiobraziliense.com.br\/lianasabo\/wp-content\/uploads\/sites\/25\/2025\/09\/img14.jpg 960w\" sizes=\"auto, (max-width: 225px) 100vw, 225px\" \/><\/a><figcaption id=\"caption-attachment-9952\" class=\"wp-caption-text\">Cajuzinho do Cerrado. Cr\u00e9dito: Simon Lau\/Divulga\u00e7\u00e3o<\/figcaption><\/figure>\n<p class=\"pf0\"><span class=\"cf0\">A iniciativa ter\u00e1 ponto alto durante a COP 30, em Bel\u00e9m, com um jantar de gala para chefes de Estado. At\u00e9 l\u00e1, os clientes do <\/span><span class=\"cf0\">Aquavit<\/span><span class=\"cf0\"> podem experimentar uma pr\u00e9via desse trabalho: um menu autoral que valoriza insumos regionais em releituras sofisticadas. O card\u00e1pio estar\u00e1 dispon\u00edvel em eventos marcados para os dias 19 de setembro e 10 e 11 de outubro.<\/span><\/p>\n<p class=\"pf0\"><span class=\"cf0\">Entre os destaques est\u00e3o o pirarucu defumado com feij\u00e3o de Santar\u00e9m e <\/span><span class=\"cf0\">beurre<\/span> <span class=\"cf0\">noir<\/span><span class=\"cf0\"> de cupua\u00e7u, o <\/span><span class=\"cf0\">tartar<\/span><span class=\"cf0\"> de fil\u00e9 de Black Angus com palmito do Cerrado, o <\/span><span class=\"cf0\">foie<\/span> <span class=\"cf0\">gras<\/span><span class=\"cf0\"> grelhado servido com cajuzinho, al\u00e9m de fil\u00e9 de linguado com <\/span><span class=\"cf0\">sauce<\/span> <span class=\"cf0\">blanquette<\/span><span class=\"cf0\">. Para ado\u00e7ar, uma sopa gelada de bacuri com tortinha de coco e <\/span><span class=\"cf0\">sorb\u00ea<\/span><span class=\"cf0\">.<\/span><\/p>\n<p class=\"pf0\"><span class=\"cf0\">O card\u00e1pio ainda tem a op\u00e7\u00e3o de ser harmonizado com vinhos especialmente escolhidos para cada etapa. O jantar custa R$ 495 ou R$ 665 (com vinho). Reservas pelo WhatsApp: (61) 99557-1281.<\/span><\/p>\n<p><!--EndFragment --><\/p>\n","protected":false},"excerpt":{"rendered":"<p>Eventos pr\u00e9-confer\u00eancia ocorrem no restaurante Aquavit, em Bras\u00edlia, nos dias 19 de setembro e 10 e 11 de outubro<\/p>\n","protected":false},"author":54,"featured_media":9953,"comment_status":"open","ping_status":"open","sticky":false,"template":"","format":"standard","meta":{"footnotes":""},"categories":[486],"tags":[],"class_list":["post-9951","post","type-post","status-publish","format-standard","has-post-thumbnail","hentry","category-evento"],"_links":{"self":[{"href":"https:\/\/blogs.correiobraziliense.com.br\/lianasabo\/wp-json\/wp\/v2\/posts\/9951","targetHints":{"allow":["GET"]}}],"collection":[{"href":"https:\/\/blogs.correiobraziliense.com.br\/lianasabo\/wp-json\/wp\/v2\/posts"}],"about":[{"href":"https:\/\/blogs.correiobraziliense.com.br\/lianasabo\/wp-json\/wp\/v2\/types\/post"}],"author":[{"embeddable":true,"href":"https:\/\/blogs.correiobraziliense.com.br\/lianasabo\/wp-json\/wp\/v2\/users\/54"}],"replies":[{"embeddable":true,"href":"https:\/\/blogs.correiobraziliense.com.br\/lianasabo\/wp-json\/wp\/v2\/comments?post=9951"}],"version-history":[{"count":2,"href":"https:\/\/blogs.correiobraziliense.com.br\/lianasabo\/wp-json\/wp\/v2\/posts\/9951\/revisions"}],"predecessor-version":[{"id":9955,"href":"https:\/\/blogs.correiobraziliense.com.br\/lianasabo\/wp-json\/wp\/v2\/posts\/9951\/revisions\/9955"}],"wp:featuredmedia":[{"embeddable":true,"href":"https:\/\/blogs.correiobraziliense.com.br\/lianasabo\/wp-json\/wp\/v2\/media\/9953"}],"wp:attachment":[{"href":"https:\/\/blogs.correiobraziliense.com.br\/lianasabo\/wp-json\/wp\/v2\/media?parent=9951"}],"wp:term":[{"taxonomy":"category","embeddable":true,"href":"https:\/\/blogs.correiobraziliense.com.br\/lianasabo\/wp-json\/wp\/v2\/categories?post=9951"},{"taxonomy":"post_tag","embeddable":true,"href":"https:\/\/blogs.correiobraziliense.com.br\/lianasabo\/wp-json\/wp\/v2\/tags?post=9951"}],"curies":[{"name":"wp","href":"https:\/\/api.w.org\/{rel}","templated":true}]}}