{"id":993,"date":"2017-02-17T09:20:48","date_gmt":"2017-02-17T11:20:48","guid":{"rendered":"https:\/\/blogs.correiobraziliense.com.br\/lianasabo\/?p=993"},"modified":"2017-02-16T16:22:48","modified_gmt":"2017-02-16T18:22:48","slug":"que-alivio-praline-so-parou-um-dia","status":"publish","type":"post","link":"https:\/\/blogs.correiobraziliense.com.br\/lianasabo\/que-alivio-praline-so-parou-um-dia\/","title":{"rendered":"Que al\u00edvio! A Pralin\u00e9 s\u00f3 parou um dia"},"content":{"rendered":"<p>Vizinhos e admiradores dos tradicionais doces e chocolate su\u00ed\u00e7os levaram um susto esta semana. A Pralin\u00e9, tradicional confeitaria da 205 Sul, estava de portas fechadas. \u201cDe t\u00e3o antigas as ra\u00edzes dos ficus levantaram o piso da loja e &#8216;vazaram&#8217; para a quadra residencial\u201d, explicou Marion Straub Vendramini, que ao lado do marido Augusto Vendramini, toca a casa, h\u00e1 44 anos nas m\u00e3os da fam\u00edlia. Vera e George Straub j\u00e1 n\u00e3o atendem mais o balc\u00e3o da Pralin\u00e9, mas ainda v\u00e3o la de visita. A confeitaria reabriu, enquanto a reforma continua.<\/p>\n","protected":false},"excerpt":{"rendered":"<p>Vizinhos e admiradores dos tradicionais doces e chocolate su\u00ed\u00e7os levaram um susto esta semana. A Pralin\u00e9, tradicional confeitaria da 205 Sul, estava de portas fechadas. \u201cDe t\u00e3o antigas as ra\u00edzes dos ficus levantaram o piso da loja e &#8216;vazaram&#8217; para a quadra residencial\u201d, explicou Marion Straub Vendramini, que ao lado do marido Augusto Vendramini, toca a casa, h\u00e1 44 anos [&hellip;]<\/p>\n","protected":false},"author":54,"featured_media":995,"comment_status":"open","ping_status":"open","sticky":false,"template":"","format":"standard","meta":{"footnotes":""},"categories":[1],"tags":[],"class_list":["post-993","post","type-post","status-publish","format-standard","has-post-thumbnail","hentry","category-sem-categoria"],"_links":{"self":[{"href":"https:\/\/blogs.correiobraziliense.com.br\/lianasabo\/wp-json\/wp\/v2\/posts\/993","targetHints":{"allow":["GET"]}}],"collection":[{"href":"https:\/\/blogs.correiobraziliense.com.br\/lianasabo\/wp-json\/wp\/v2\/posts"}],"about":[{"href":"https:\/\/blogs.correiobraziliense.com.br\/lianasabo\/wp-json\/wp\/v2\/types\/post"}],"author":[{"embeddable":true,"href":"https:\/\/blogs.correiobraziliense.com.br\/lianasabo\/wp-json\/wp\/v2\/users\/54"}],"replies":[{"embeddable":true,"href":"https:\/\/blogs.correiobraziliense.com.br\/lianasabo\/wp-json\/wp\/v2\/comments?post=993"}],"version-history":[{"count":1,"href":"https:\/\/blogs.correiobraziliense.com.br\/lianasabo\/wp-json\/wp\/v2\/posts\/993\/revisions"}],"predecessor-version":[{"id":994,"href":"https:\/\/blogs.correiobraziliense.com.br\/lianasabo\/wp-json\/wp\/v2\/posts\/993\/revisions\/994"}],"wp:featuredmedia":[{"embeddable":true,"href":"https:\/\/blogs.correiobraziliense.com.br\/lianasabo\/wp-json\/wp\/v2\/media\/995"}],"wp:attachment":[{"href":"https:\/\/blogs.correiobraziliense.com.br\/lianasabo\/wp-json\/wp\/v2\/media?parent=993"}],"wp:term":[{"taxonomy":"category","embeddable":true,"href":"https:\/\/blogs.correiobraziliense.com.br\/lianasabo\/wp-json\/wp\/v2\/categories?post=993"},{"taxonomy":"post_tag","embeddable":true,"href":"https:\/\/blogs.correiobraziliense.com.br\/lianasabo\/wp-json\/wp\/v2\/tags?post=993"}],"curies":[{"name":"wp","href":"https:\/\/api.w.org\/{rel}","templated":true}]}}