{"id":9912,"date":"2025-09-11T11:58:14","date_gmt":"2025-09-11T14:58:14","guid":{"rendered":"https:\/\/blogs.correiobraziliense.com.br\/lianasabo\/?p=9912"},"modified":"2025-09-11T11:58:14","modified_gmt":"2025-09-11T14:58:14","slug":"nino-inova-menu-de-sabado-com-carnes-grelhadas-ao-ar-livre-no-estilo-grigliata-italiana","status":"publish","type":"post","link":"https:\/\/blogs.correiobraziliense.com.br\/lianasabo\/nino-inova-menu-de-sabado-com-carnes-grelhadas-ao-ar-livre-no-estilo-grigliata-italiana\/","title":{"rendered":"Nino inova menu de s\u00e1bado com carnes grelhadas ao ar livre no estilo grigliata italiana"},"content":{"rendered":"<p>Dois anos depois de se instalar em Bras\u00edlia &#8212; terceira cidade a receber a grife devido ao grande n\u00famero de clientes brasilienses que frequentava a matriz paulistana &#8212; Nino Cucina diversifica a op\u00e7\u00e3o italiana no reino das massas e passa a oferecer sele\u00e7\u00e3o de carnes, peixes, aves e legumes grelhados \u00e0 vista do fregu\u00eas, em meio ao verdejante jardim na esquina debaixo da 403 Sul.<\/p>\n<figure id=\"attachment_9914\" aria-describedby=\"caption-attachment-9914\" style=\"width: 169px\" class=\"wp-caption alignright\"><a href=\"https:\/\/blogs.correiobraziliense.com.br\/lianasabo\/wp-content\/uploads\/sites\/25\/2025\/09\/WhatsApp-Image-2025-09-11-at-09.17.46-1.jpeg\"><img loading=\"lazy\" decoding=\"async\" class=\"size-medium wp-image-9914\" src=\"https:\/\/blogs.correiobraziliense.com.br\/lianasabo\/wp-content\/uploads\/sites\/25\/2025\/09\/WhatsApp-Image-2025-09-11-at-09.17.46-1-169x300.jpeg\" alt=\"\" width=\"169\" height=\"300\" srcset=\"https:\/\/blogs.correiobraziliense.com.br\/lianasabo\/wp-content\/uploads\/sites\/25\/2025\/09\/WhatsApp-Image-2025-09-11-at-09.17.46-1-169x300.jpeg 169w, https:\/\/blogs.correiobraziliense.com.br\/lianasabo\/wp-content\/uploads\/sites\/25\/2025\/09\/WhatsApp-Image-2025-09-11-at-09.17.46-1-768x1365.jpeg 768w, https:\/\/blogs.correiobraziliense.com.br\/lianasabo\/wp-content\/uploads\/sites\/25\/2025\/09\/WhatsApp-Image-2025-09-11-at-09.17.46-1-576x1024.jpeg 576w, https:\/\/blogs.correiobraziliense.com.br\/lianasabo\/wp-content\/uploads\/sites\/25\/2025\/09\/WhatsApp-Image-2025-09-11-at-09.17.46-1.jpeg 800w, https:\/\/blogs.correiobraziliense.com.br\/lianasabo\/wp-content\/uploads\/sites\/25\/2025\/09\/WhatsApp-Image-2025-09-11-at-09.17.46-1-550x978.jpeg 550w, https:\/\/blogs.correiobraziliense.com.br\/lianasabo\/wp-content\/uploads\/sites\/25\/2025\/09\/WhatsApp-Image-2025-09-11-at-09.17.46-1-230x409.jpeg 230w\" sizes=\"auto, (max-width: 169px) 100vw, 169px\" \/><\/a><figcaption id=\"caption-attachment-9914\" class=\"wp-caption-text\">Rodrigo Padilha, gerente do Nino Cucina<\/figcaption><\/figure>\n<p>Chama-se Grigliata Nino a novidade que \u00e9 servida somente aos s\u00e1bados no hor\u00e1rio das 12h \u00e0s 16h por R$ 190 por pessoa. O lan\u00e7amento do almo\u00e7o feito na brasa contou com a presen\u00e7a do chef executivo do grupo Alife Nino, o romano Marco Renzetti. Ele est\u00e1 h\u00e1 apenas um ano no grupo e ao chegar imprimiu algumas mudan\u00e7as no card\u00e1pio, como pouca gordura em pratos de estilo italiano.<\/p>\n<p>Agora, por\u00e9m, Renzetti foi mais fundo ao inaugurar grelha com carnes, item que o brasileiro mais gosta, atestam as pesquisas. Em S\u00e3o Paulo, o chef tamb\u00e9m est\u00e1 a frente do estrelado Fame Osteria, de apenas 20 lugares, conhecido por aliar t\u00e9cnica refinada e autenticidade \u00e0 tradi\u00e7\u00e3o italiana.<\/p>\n<p>H\u00e1 cinco meses assumiu a ger\u00eancia da casa Rodrigo Padilha, que teve passagens pelo Fogo de Ch\u00e3o e Aragon, enquanto a opera\u00e7\u00e3o conta, desde dezembro de 2024, com uma s\u00f3cia local, Mirella Montella, propriet\u00e1ria da marca de alfajor Dulce Patag\u00f4nia.<\/p>\n","protected":false},"excerpt":{"rendered":"<p>Dois anos depois de se instalar em Bras\u00edlia &#8212; terceira cidade a receber a grife devido ao grande n\u00famero de clientes brasilienses que frequentava a matriz paulistana &#8212; Nino Cucina diversifica a op\u00e7\u00e3o italiana no reino das massas e passa a oferecer sele\u00e7\u00e3o de carnes, peixes, aves e legumes grelhados \u00e0 vista do fregu\u00eas, em meio ao verdejante jardim na [&hellip;]<\/p>\n","protected":false},"author":54,"featured_media":9913,"comment_status":"open","ping_status":"open","sticky":false,"template":"","format":"standard","meta":{"footnotes":""},"categories":[326],"tags":[],"class_list":["post-9912","post","type-post","status-publish","format-standard","has-post-thumbnail","hentry","category-restaurantes"],"_links":{"self":[{"href":"https:\/\/blogs.correiobraziliense.com.br\/lianasabo\/wp-json\/wp\/v2\/posts\/9912","targetHints":{"allow":["GET"]}}],"collection":[{"href":"https:\/\/blogs.correiobraziliense.com.br\/lianasabo\/wp-json\/wp\/v2\/posts"}],"about":[{"href":"https:\/\/blogs.correiobraziliense.com.br\/lianasabo\/wp-json\/wp\/v2\/types\/post"}],"author":[{"embeddable":true,"href":"https:\/\/blogs.correiobraziliense.com.br\/lianasabo\/wp-json\/wp\/v2\/users\/54"}],"replies":[{"embeddable":true,"href":"https:\/\/blogs.correiobraziliense.com.br\/lianasabo\/wp-json\/wp\/v2\/comments?post=9912"}],"version-history":[{"count":1,"href":"https:\/\/blogs.correiobraziliense.com.br\/lianasabo\/wp-json\/wp\/v2\/posts\/9912\/revisions"}],"predecessor-version":[{"id":9915,"href":"https:\/\/blogs.correiobraziliense.com.br\/lianasabo\/wp-json\/wp\/v2\/posts\/9912\/revisions\/9915"}],"wp:featuredmedia":[{"embeddable":true,"href":"https:\/\/blogs.correiobraziliense.com.br\/lianasabo\/wp-json\/wp\/v2\/media\/9913"}],"wp:attachment":[{"href":"https:\/\/blogs.correiobraziliense.com.br\/lianasabo\/wp-json\/wp\/v2\/media?parent=9912"}],"wp:term":[{"taxonomy":"category","embeddable":true,"href":"https:\/\/blogs.correiobraziliense.com.br\/lianasabo\/wp-json\/wp\/v2\/categories?post=9912"},{"taxonomy":"post_tag","embeddable":true,"href":"https:\/\/blogs.correiobraziliense.com.br\/lianasabo\/wp-json\/wp\/v2\/tags?post=9912"}],"curies":[{"name":"wp","href":"https:\/\/api.w.org\/{rel}","templated":true}]}}