{"id":9891,"date":"2025-09-04T16:01:19","date_gmt":"2025-09-04T19:01:19","guid":{"rendered":"https:\/\/blogs.correiobraziliense.com.br\/lianasabo\/?p=9891"},"modified":"2025-09-04T16:01:19","modified_gmt":"2025-09-04T19:01:19","slug":"gastronomia-asiatica-e-destaque-da-11a-edicao-do-nipo-festival","status":"publish","type":"post","link":"https:\/\/blogs.correiobraziliense.com.br\/lianasabo\/gastronomia-asiatica-e-destaque-da-11a-edicao-do-nipo-festival\/","title":{"rendered":"Gastronomia asi\u00e1tica \u00e9 destaque da 11\u00aa edi\u00e7\u00e3o do Nipo Festival"},"content":{"rendered":"<p>De 12 a 14 de setembro, a 11\u00aa edi\u00e7\u00e3o do Nipo Festival promover\u00e1 uma imers\u00e3o aos sabores e tradi\u00e7\u00f5es da \u00c1sia. Pratos quentes, petiscos de rua, doces delicados e bebidas refrescantes estar\u00e3o reunidas em um s\u00f3 lugar.<\/p>\n<p>Este ano, a \u00e1rea gastron\u00f4mica ser\u00e1 composta por dezenas de expositores de S\u00e3o Paulo e de Bras\u00edlia que apresentar\u00e3o uma sele\u00e7\u00e3o que vai do lamen fumegante ao donburi reconfortante, passando por cl\u00e1ssicos como mochi, dorayaki, bubble tea e sobremesas geladas. Entre os nomes confirmados est\u00e3o os paulistanos YuYatai, Dogkebi, Chen\u2019s e Revens, al\u00e9m dos j\u00e1 queridinhos da capital, como Katsu Lamen, Yum Yum e Donburi.<\/p>\n<p>O evento ser\u00e1 realizado no estacionamento H do Taguatinga Shopping, das 12h \u00e0s 22, na sexta e no s\u00e1bado, e das 12h \u00e0s 20h, no domingo. Entre 12h e 13h, o Nipo Festival contar\u00e1 com entrada promocional, v\u00e1lida nos tr\u00eas dias de evento, sexta, s\u00e1bado e domingo. Nesse per\u00edodo, o p\u00fablico poder\u00e1 acessar o festival mediante a doa\u00e7\u00e3o de 1 quilo de alimento n\u00e3o perec\u00edvel ou o pagamento simb\u00f3lico de R$ 5. Nos demais hor\u00e1rios, o ingresso custa R$ 15 (meia) e R$ 30 (inteira).<\/p>\n","protected":false},"excerpt":{"rendered":"<p>De 12 a 14 de setembro, a 11\u00aa edi\u00e7\u00e3o do Nipo Festival promover\u00e1 uma imers\u00e3o aos sabores e tradi\u00e7\u00f5es da \u00c1sia. Pratos quentes, petiscos de rua, doces delicados e bebidas refrescantes estar\u00e3o reunidas em um s\u00f3 lugar. Este ano, a \u00e1rea gastron\u00f4mica ser\u00e1 composta por dezenas de expositores de S\u00e3o Paulo e de Bras\u00edlia que apresentar\u00e3o uma sele\u00e7\u00e3o que vai [&hellip;]<\/p>\n","protected":false},"author":54,"featured_media":9892,"comment_status":"open","ping_status":"open","sticky":false,"template":"","format":"standard","meta":{"footnotes":""},"categories":[201],"tags":[1354,700],"class_list":["post-9891","post","type-post","status-publish","format-standard","has-post-thumbnail","hentry","category-festival","tag-gastronomia-asiatica","tag-nipo-festival"],"_links":{"self":[{"href":"https:\/\/blogs.correiobraziliense.com.br\/lianasabo\/wp-json\/wp\/v2\/posts\/9891","targetHints":{"allow":["GET"]}}],"collection":[{"href":"https:\/\/blogs.correiobraziliense.com.br\/lianasabo\/wp-json\/wp\/v2\/posts"}],"about":[{"href":"https:\/\/blogs.correiobraziliense.com.br\/lianasabo\/wp-json\/wp\/v2\/types\/post"}],"author":[{"embeddable":true,"href":"https:\/\/blogs.correiobraziliense.com.br\/lianasabo\/wp-json\/wp\/v2\/users\/54"}],"replies":[{"embeddable":true,"href":"https:\/\/blogs.correiobraziliense.com.br\/lianasabo\/wp-json\/wp\/v2\/comments?post=9891"}],"version-history":[{"count":1,"href":"https:\/\/blogs.correiobraziliense.com.br\/lianasabo\/wp-json\/wp\/v2\/posts\/9891\/revisions"}],"predecessor-version":[{"id":9893,"href":"https:\/\/blogs.correiobraziliense.com.br\/lianasabo\/wp-json\/wp\/v2\/posts\/9891\/revisions\/9893"}],"wp:featuredmedia":[{"embeddable":true,"href":"https:\/\/blogs.correiobraziliense.com.br\/lianasabo\/wp-json\/wp\/v2\/media\/9892"}],"wp:attachment":[{"href":"https:\/\/blogs.correiobraziliense.com.br\/lianasabo\/wp-json\/wp\/v2\/media?parent=9891"}],"wp:term":[{"taxonomy":"category","embeddable":true,"href":"https:\/\/blogs.correiobraziliense.com.br\/lianasabo\/wp-json\/wp\/v2\/categories?post=9891"},{"taxonomy":"post_tag","embeddable":true,"href":"https:\/\/blogs.correiobraziliense.com.br\/lianasabo\/wp-json\/wp\/v2\/tags?post=9891"}],"curies":[{"name":"wp","href":"https:\/\/api.w.org\/{rel}","templated":true}]}}