{"id":9885,"date":"2025-09-03T16:43:03","date_gmt":"2025-09-03T19:43:03","guid":{"rendered":"https:\/\/blogs.correiobraziliense.com.br\/lianasabo\/?p=9885"},"modified":"2025-09-03T16:44:16","modified_gmt":"2025-09-03T19:44:16","slug":"villa-triacca-promove-jantar-e-degustacao-de-rotulo-pioneiro-da-vitivinicultura-brasiliense","status":"publish","type":"post","link":"https:\/\/blogs.correiobraziliense.com.br\/lianasabo\/villa-triacca-promove-jantar-e-degustacao-de-rotulo-pioneiro-da-vitivinicultura-brasiliense\/","title":{"rendered":"Villa Triacca promove jantar e degusta\u00e7\u00e3o de r\u00f3tulo pioneiro da vitivinicultura brasiliense"},"content":{"rendered":"<p>Nesta quinta-feira (4), a Villa Triacca Hotel Vin\u00edcola &amp; Spa promove a primeira degusta\u00e7\u00e3o vertical do Seu Claudino Syrah, r\u00f3tulo pioneiro da vitivinicultura brasiliense que foi reconhecido em premia\u00e7\u00f5es nacionais e internacionais e divulgado primeiro pelo <strong>Correio Braziliense<\/strong>.<\/p>\n<p>Prevista para \u00e0s 17h, a degusta\u00e7\u00e3o ter\u00e1 apresenta\u00e7\u00e3o de seis safras, de 2019 a 2024, lado a lado. O momento ser\u00e1 conduzido por grandes nomes do setor, como Christian Burgos (revista Adega), Murillo Regina (o \u201cpai da dupla poda\u201d) e Marcelo Copello (jornalista refer\u00eancia em vinhos), al\u00e9m de sommeliers e en\u00f3logos convidados.<\/p>\n<figure id=\"attachment_9887\" aria-describedby=\"caption-attachment-9887\" style=\"width: 1024px\" class=\"wp-caption aligncenter\"><a href=\"https:\/\/blogs.correiobraziliense.com.br\/lianasabo\/wp-content\/uploads\/sites\/25\/2025\/09\/WhatsApp-Image-2025-09-03-at-11.56.37.jpeg\"><img loading=\"lazy\" decoding=\"async\" class=\"size-large wp-image-9887\" src=\"https:\/\/blogs.correiobraziliense.com.br\/lianasabo\/wp-content\/uploads\/sites\/25\/2025\/09\/WhatsApp-Image-2025-09-03-at-11.56.37-1024x768.jpeg\" alt=\"\" width=\"1024\" height=\"768\" srcset=\"https:\/\/blogs.correiobraziliense.com.br\/lianasabo\/wp-content\/uploads\/sites\/25\/2025\/09\/WhatsApp-Image-2025-09-03-at-11.56.37-1024x768.jpeg 1024w, https:\/\/blogs.correiobraziliense.com.br\/lianasabo\/wp-content\/uploads\/sites\/25\/2025\/09\/WhatsApp-Image-2025-09-03-at-11.56.37-300x225.jpeg 300w, https:\/\/blogs.correiobraziliense.com.br\/lianasabo\/wp-content\/uploads\/sites\/25\/2025\/09\/WhatsApp-Image-2025-09-03-at-11.56.37-768x576.jpeg 768w, https:\/\/blogs.correiobraziliense.com.br\/lianasabo\/wp-content\/uploads\/sites\/25\/2025\/09\/WhatsApp-Image-2025-09-03-at-11.56.37-1440x1080.jpeg 1440w, https:\/\/blogs.correiobraziliense.com.br\/lianasabo\/wp-content\/uploads\/sites\/25\/2025\/09\/WhatsApp-Image-2025-09-03-at-11.56.37-800x600.jpeg 800w, https:\/\/blogs.correiobraziliense.com.br\/lianasabo\/wp-content\/uploads\/sites\/25\/2025\/09\/WhatsApp-Image-2025-09-03-at-11.56.37-550x413.jpeg 550w, https:\/\/blogs.correiobraziliense.com.br\/lianasabo\/wp-content\/uploads\/sites\/25\/2025\/09\/WhatsApp-Image-2025-09-03-at-11.56.37-230x173.jpeg 230w, https:\/\/blogs.correiobraziliense.com.br\/lianasabo\/wp-content\/uploads\/sites\/25\/2025\/09\/WhatsApp-Image-2025-09-03-at-11.56.37.jpeg 1365w\" sizes=\"auto, (max-width: 1024px) 100vw, 1024px\" \/><\/a><figcaption id=\"caption-attachment-9887\" class=\"wp-caption-text\">Cr\u00e9dito: Villa Triacca\/Divulga\u00e7\u00e3o<\/figcaption><\/figure>\n<p>O jantar ser\u00e1 servido \u00e0s 19h30. O menu foi desenvolvido por chef Kelly Rodrigues e ter\u00e1 polenta brustolada com ragu de lingui\u00e7a Duroc, salada de figo caramelizado com baru, su\u00edno Duroc assado por seis horas na brasa com molho de vinho tinto e gelato Fior di Latte com calda de sagu e farofa de fregola com baru. A noite ter\u00e1 ainda o jazz elegante do Duo Smart Jazz.<\/p>\n<p>Exclusivo para 60 pessoas, os ingressos custam R$ 890 por pessoa e podem ser reservados pelo WhatsApp (61) 98194-9392. Para maior comodidade do p\u00fablico, a Villa Triacca, em parceria com a Enotur Bras\u00edlia, disponibiliza servi\u00e7o de translado. Os interessados podem agendar o transporte pelo telefone (61) 99813-82346.<\/p>\n","protected":false},"excerpt":{"rendered":"<p>Nesta quinta-feira (4), a Villa Triacca Hotel Vin\u00edcola &amp; Spa promove a primeira degusta\u00e7\u00e3o vertical do Seu Claudino Syrah, r\u00f3tulo pioneiro da vitivinicultura brasiliense que foi reconhecido em premia\u00e7\u00f5es nacionais e internacionais e divulgado primeiro pelo Correio Braziliense. Prevista para \u00e0s 17h, a degusta\u00e7\u00e3o ter\u00e1 apresenta\u00e7\u00e3o de seis safras, de 2019 a 2024, lado a lado. O momento ser\u00e1 conduzido [&hellip;]<\/p>\n","protected":false},"author":54,"featured_media":9890,"comment_status":"open","ping_status":"open","sticky":false,"template":"","format":"standard","meta":{"footnotes":""},"categories":[222],"tags":[463,1353,92],"class_list":["post-9885","post","type-post","status-publish","format-standard","has-post-thumbnail","hentry","category-vinhos","tag-degustacao","tag-villa-triacca","tag-vinho"],"_links":{"self":[{"href":"https:\/\/blogs.correiobraziliense.com.br\/lianasabo\/wp-json\/wp\/v2\/posts\/9885","targetHints":{"allow":["GET"]}}],"collection":[{"href":"https:\/\/blogs.correiobraziliense.com.br\/lianasabo\/wp-json\/wp\/v2\/posts"}],"about":[{"href":"https:\/\/blogs.correiobraziliense.com.br\/lianasabo\/wp-json\/wp\/v2\/types\/post"}],"author":[{"embeddable":true,"href":"https:\/\/blogs.correiobraziliense.com.br\/lianasabo\/wp-json\/wp\/v2\/users\/54"}],"replies":[{"embeddable":true,"href":"https:\/\/blogs.correiobraziliense.com.br\/lianasabo\/wp-json\/wp\/v2\/comments?post=9885"}],"version-history":[{"count":1,"href":"https:\/\/blogs.correiobraziliense.com.br\/lianasabo\/wp-json\/wp\/v2\/posts\/9885\/revisions"}],"predecessor-version":[{"id":9888,"href":"https:\/\/blogs.correiobraziliense.com.br\/lianasabo\/wp-json\/wp\/v2\/posts\/9885\/revisions\/9888"}],"wp:featuredmedia":[{"embeddable":true,"href":"https:\/\/blogs.correiobraziliense.com.br\/lianasabo\/wp-json\/wp\/v2\/media\/9890"}],"wp:attachment":[{"href":"https:\/\/blogs.correiobraziliense.com.br\/lianasabo\/wp-json\/wp\/v2\/media?parent=9885"}],"wp:term":[{"taxonomy":"category","embeddable":true,"href":"https:\/\/blogs.correiobraziliense.com.br\/lianasabo\/wp-json\/wp\/v2\/categories?post=9885"},{"taxonomy":"post_tag","embeddable":true,"href":"https:\/\/blogs.correiobraziliense.com.br\/lianasabo\/wp-json\/wp\/v2\/tags?post=9885"}],"curies":[{"name":"wp","href":"https:\/\/api.w.org\/{rel}","templated":true}]}}