{"id":9869,"date":"2025-08-31T20:10:33","date_gmt":"2025-08-31T23:10:33","guid":{"rendered":"https:\/\/blogs.correiobraziliense.com.br\/lianasabo\/?p=9869"},"modified":"2025-09-01T12:16:01","modified_gmt":"2025-09-01T15:16:01","slug":"costelao-gaucho-anima-o-domingo-7-na-igreja-luterana","status":"publish","type":"post","link":"https:\/\/blogs.correiobraziliense.com.br\/lianasabo\/costelao-gaucho-anima-o-domingo-7-na-igreja-luterana\/","title":{"rendered":"Costel\u00e3o ga\u00facho anima o domingo (7) na Igreja Luterana"},"content":{"rendered":"<p><!--StartFragment --><\/p>\n<p><!--StartFragment --><\/p>\n<p><span class=\"cf0\">Uma cena t\u00edpica dos pampas poder\u00e1 ser vista neste domingo no cora\u00e7\u00e3o da Asa Sul, quando raiar o 7 de setembro, dia no qual se comemora a independ\u00eancia do Brasil, que completar\u00e1 203 anos. A Igreja Luterana, instalada na EQS 405\/406 Sul, promove neste dia, pelo 18\u00ba ano consecutivo, o <\/span><span class=\"cf0\">costel\u00e3o<\/span><span class=\"cf0\"> ga\u00facho feito no fogo de ch\u00e3o.<\/span><\/p>\n<p><a href=\"https:\/\/blogs.correiobraziliense.com.br\/lianasabo\/wp-content\/uploads\/sites\/25\/2025\/08\/1000844649.jpg\"><img loading=\"lazy\" decoding=\"async\" class=\"alignleft size-medium wp-image-9873\" src=\"https:\/\/blogs.correiobraziliense.com.br\/lianasabo\/wp-content\/uploads\/sites\/25\/2025\/08\/1000844649-225x300.jpg\" alt=\"\" width=\"225\" height=\"300\" srcset=\"https:\/\/blogs.correiobraziliense.com.br\/lianasabo\/wp-content\/uploads\/sites\/25\/2025\/08\/1000844649-225x300.jpg 225w, https:\/\/blogs.correiobraziliense.com.br\/lianasabo\/wp-content\/uploads\/sites\/25\/2025\/08\/1000844649.jpg 768w, https:\/\/blogs.correiobraziliense.com.br\/lianasabo\/wp-content\/uploads\/sites\/25\/2025\/08\/1000844649-800x1066.jpg 800w, https:\/\/blogs.correiobraziliense.com.br\/lianasabo\/wp-content\/uploads\/sites\/25\/2025\/08\/1000844649-550x733.jpg 550w, https:\/\/blogs.correiobraziliense.com.br\/lianasabo\/wp-content\/uploads\/sites\/25\/2025\/08\/1000844649-230x307.jpg 230w\" sizes=\"auto, (max-width: 225px) 100vw, 225px\" \/><\/a><\/p>\n<p><span class=\"cf0\">Considerado o corte mais saboroso do churrasco, a costela bovina come\u00e7a a ser assada lentamente ainda de madrugada em espetos de ferro, fincados no solo, por especialistas que s\u00e3o ex\u00edmios assadores ga\u00fachos, da\u00ed estarem vestidos, quase a car\u00e1ter: bombachas e camisetas do Gr\u00eamio ou do Inter, assim democraticamente, como na terra de onde vieram.<\/span><\/p>\n<p><span class=\"cf0\">Ao meio-dia, o <\/span><span class=\"cf0\">costel\u00e3o<\/span><span class=\"cf0\"> ser\u00e1 servido no buf\u00ea acompanhado de vinagrete, feij\u00e3o tropeiro, arroz branco, mandioca cozida e salada verde de alface, repolho, tomate e cenoura. <\/span><\/p>\n<p><span class=\"cf0\">\u00c0 parte, ser\u00e3o vendidas sobremesas, como sagu, pav\u00ea, musse, pudim, e cucas, cuja confec\u00e7\u00e3o est\u00e1 totalmente a cargo da pr\u00f3pria comunidade, que tamb\u00e9m mantem um bazar de variedades.<br \/>\n<\/span><\/p>\n<p><span class=\"cf0\"><strong>Chope artesanal<\/strong><br \/>\n<\/span><\/p>\n<figure id=\"attachment_9871\" aria-describedby=\"caption-attachment-9871\" style=\"width: 241px\" class=\"wp-caption alignright\"><a href=\"https:\/\/blogs.correiobraziliense.com.br\/lianasabo\/wp-content\/uploads\/sites\/25\/2025\/08\/WhatsApp-Image-2025-08-31-at-19.47.49.jpeg\"><img loading=\"lazy\" decoding=\"async\" class=\"size-medium wp-image-9871\" src=\"https:\/\/blogs.correiobraziliense.com.br\/lianasabo\/wp-content\/uploads\/sites\/25\/2025\/08\/WhatsApp-Image-2025-08-31-at-19.47.49-241x300.jpeg\" alt=\"\" width=\"241\" height=\"300\" srcset=\"https:\/\/blogs.correiobraziliense.com.br\/lianasabo\/wp-content\/uploads\/sites\/25\/2025\/08\/WhatsApp-Image-2025-08-31-at-19.47.49-241x300.jpeg 241w, https:\/\/blogs.correiobraziliense.com.br\/lianasabo\/wp-content\/uploads\/sites\/25\/2025\/08\/WhatsApp-Image-2025-08-31-at-19.47.49-768x955.jpeg 768w, https:\/\/blogs.correiobraziliense.com.br\/lianasabo\/wp-content\/uploads\/sites\/25\/2025\/08\/WhatsApp-Image-2025-08-31-at-19.47.49.jpeg 800w, https:\/\/blogs.correiobraziliense.com.br\/lianasabo\/wp-content\/uploads\/sites\/25\/2025\/08\/WhatsApp-Image-2025-08-31-at-19.47.49-550x684.jpeg 550w, https:\/\/blogs.correiobraziliense.com.br\/lianasabo\/wp-content\/uploads\/sites\/25\/2025\/08\/WhatsApp-Image-2025-08-31-at-19.47.49-230x286.jpeg 230w\" sizes=\"auto, (max-width: 241px) 100vw, 241px\" \/><\/a><figcaption id=\"caption-attachment-9871\" class=\"wp-caption-text\">Thomas Weissheimer. Cr\u00e9dito: Arquivo pessoal<\/figcaption><\/figure>\n<p><span class=\"cf0\"> At\u00e9 o chope \u00e9 \u201cfeito em casa\u201d. O cervejeiro ga\u00facho Thomas Weissheimer fabrica a bebida \u201cde acordo com a lei de pureza alem\u00e3<\/span><span class=\"cf0\">. Ser\u00e1 vendida por R$ 13, o copo. Al\u00e9m do chope, ter\u00e1 suco de ma\u00e7\u00e3, \u00e1gua e vinho.<br \/>\n<\/span><\/p>\n<p><span class=\"cf0\"> Os convites para o <\/span><span class=\"cf0\">costel\u00e3o<\/span><span class=\"cf0\"> custam por R$ 80 (adultos) e R$ 40 (crian\u00e7as de 7 a 12 anos). Reservas pelo <\/span><span class=\"cf0\">whatsapp<\/span><span class=\"cf0\">: 98568-2020.<\/span><\/p>\n<p><!--EndFragment --><\/p>\n<p><!--EndFragment --><\/p>\n","protected":false},"excerpt":{"rendered":"<p>Uma cena t\u00edpica dos pampas poder\u00e1 ser vista neste domingo no cora\u00e7\u00e3o da Asa Sul, quando raiar o 7 de setembro, dia no qual se comemora a independ\u00eancia do Brasil, que completar\u00e1 203 anos. A Igreja Luterana, instalada na EQS 405\/406 Sul, promove neste dia, pelo 18\u00ba ano consecutivo, o costel\u00e3o ga\u00facho feito no fogo de ch\u00e3o. Considerado o corte [&hellip;]<\/p>\n","protected":false},"author":54,"featured_media":9870,"comment_status":"open","ping_status":"open","sticky":false,"template":"","format":"standard","meta":{"footnotes":""},"categories":[486],"tags":[557],"class_list":["post-9869","post","type-post","status-publish","format-standard","has-post-thumbnail","hentry","category-evento","tag-costelao"],"_links":{"self":[{"href":"https:\/\/blogs.correiobraziliense.com.br\/lianasabo\/wp-json\/wp\/v2\/posts\/9869","targetHints":{"allow":["GET"]}}],"collection":[{"href":"https:\/\/blogs.correiobraziliense.com.br\/lianasabo\/wp-json\/wp\/v2\/posts"}],"about":[{"href":"https:\/\/blogs.correiobraziliense.com.br\/lianasabo\/wp-json\/wp\/v2\/types\/post"}],"author":[{"embeddable":true,"href":"https:\/\/blogs.correiobraziliense.com.br\/lianasabo\/wp-json\/wp\/v2\/users\/54"}],"replies":[{"embeddable":true,"href":"https:\/\/blogs.correiobraziliense.com.br\/lianasabo\/wp-json\/wp\/v2\/comments?post=9869"}],"version-history":[{"count":3,"href":"https:\/\/blogs.correiobraziliense.com.br\/lianasabo\/wp-json\/wp\/v2\/posts\/9869\/revisions"}],"predecessor-version":[{"id":9875,"href":"https:\/\/blogs.correiobraziliense.com.br\/lianasabo\/wp-json\/wp\/v2\/posts\/9869\/revisions\/9875"}],"wp:featuredmedia":[{"embeddable":true,"href":"https:\/\/blogs.correiobraziliense.com.br\/lianasabo\/wp-json\/wp\/v2\/media\/9870"}],"wp:attachment":[{"href":"https:\/\/blogs.correiobraziliense.com.br\/lianasabo\/wp-json\/wp\/v2\/media?parent=9869"}],"wp:term":[{"taxonomy":"category","embeddable":true,"href":"https:\/\/blogs.correiobraziliense.com.br\/lianasabo\/wp-json\/wp\/v2\/categories?post=9869"},{"taxonomy":"post_tag","embeddable":true,"href":"https:\/\/blogs.correiobraziliense.com.br\/lianasabo\/wp-json\/wp\/v2\/tags?post=9869"}],"curies":[{"name":"wp","href":"https:\/\/api.w.org\/{rel}","templated":true}]}}