{"id":9865,"date":"2025-08-30T21:39:58","date_gmt":"2025-08-31T00:39:58","guid":{"rendered":"https:\/\/blogs.correiobraziliense.com.br\/lianasabo\/?p=9865"},"modified":"2025-08-30T21:39:58","modified_gmt":"2025-08-31T00:39:58","slug":"bacon-day-brasilia-ganha-criacoes-especiais-para-celebrar-o-ingrediente-queridinho","status":"publish","type":"post","link":"https:\/\/blogs.correiobraziliense.com.br\/lianasabo\/bacon-day-brasilia-ganha-criacoes-especiais-para-celebrar-o-ingrediente-queridinho\/","title":{"rendered":"Bacon Day: Bras\u00edlia ganha cria\u00e7\u00f5es especiais para celebrar o ingrediente queridinho"},"content":{"rendered":"<p><!--StartFragment --><\/p>\n<p><span class=\"cf0\">Crocante ou defumado, o bacon \u00e9 daquelas paix\u00f5es que atravessam fronteiras. No Dia do Bacon, comemorado neste domingo, 31 de agosto, duas marcas prepararam novidades para os f\u00e3s do ingrediente.<\/span><\/p>\n<p><span class=\"cf0\">No <\/span><span class=\"cf0\">Meatz<\/span><span class=\"cf0\"> Burger, o cl\u00e1ssico <\/span><span class=\"cf0\">BaconZ<\/span><span class=\"cf0\"> Fininho <\/span><span class=\"cf1\">\u2014 com p<\/span><span class=\"cf0\">\u00e3o australiano, carne de 110g, cheddar e bacon crocante <\/span><span class=\"cf1\">\u2014 ganha protagonismo. A boa not<\/span><span class=\"cf0\">\u00edcia \u00e9 que os 50 primeiros pedidos do dia ter\u00e3o o sandu\u00edche por apenas R$ 1 (uma unidade por CPF), em todas as sete lojas da rede no DF.<\/span><\/p>\n<figure id=\"attachment_9867\" aria-describedby=\"caption-attachment-9867\" style=\"width: 800px\" class=\"wp-caption aligncenter\"><a href=\"https:\/\/blogs.correiobraziliense.com.br\/lianasabo\/wp-content\/uploads\/sites\/25\/2025\/08\/Bob-Beef-Combo-Carioca.jpg\"><img loading=\"lazy\" decoding=\"async\" class=\"size-full wp-image-9867\" src=\"https:\/\/blogs.correiobraziliense.com.br\/lianasabo\/wp-content\/uploads\/sites\/25\/2025\/08\/Bob-Beef-Combo-Carioca.jpg\" alt=\"\" width=\"800\" height=\"534\" srcset=\"https:\/\/blogs.correiobraziliense.com.br\/lianasabo\/wp-content\/uploads\/sites\/25\/2025\/08\/Bob-Beef-Combo-Carioca.jpg 800w, https:\/\/blogs.correiobraziliense.com.br\/lianasabo\/wp-content\/uploads\/sites\/25\/2025\/08\/Bob-Beef-Combo-Carioca-300x200.jpg 300w, https:\/\/blogs.correiobraziliense.com.br\/lianasabo\/wp-content\/uploads\/sites\/25\/2025\/08\/Bob-Beef-Combo-Carioca-768x513.jpg 768w, https:\/\/blogs.correiobraziliense.com.br\/lianasabo\/wp-content\/uploads\/sites\/25\/2025\/08\/Bob-Beef-Combo-Carioca-550x367.jpg 550w, https:\/\/blogs.correiobraziliense.com.br\/lianasabo\/wp-content\/uploads\/sites\/25\/2025\/08\/Bob-Beef-Combo-Carioca-230x154.jpg 230w\" sizes=\"auto, (max-width: 800px) 100vw, 800px\" \/><\/a><figcaption id=\"caption-attachment-9867\" class=\"wp-caption-text\">Combo Carioca. Cr\u00e9dito: Bob Beef\/Divulga\u00e7\u00e3o<\/figcaption><\/figure>\n<p><span class=\"cf0\">J\u00e1 o Bob <\/span><span class=\"cf0\">Beef<\/span><span class=\"cf0\"> apresenta o Combo do Carioca, que combina burger de 120g, cheddar gratinado, fatias generosas de bacon, cebola caramelizada e p\u00e3o brioche selado na manteiga. O combo sai a partir de R$ 48,90 (ou R$ 37,90 na vers\u00e3o individual) e pode ser pedido pelo balc\u00e3o, delivery ou aplicativos parceiros.<\/span><\/p>\n<p><!--EndFragment --><\/p>\n","protected":false},"excerpt":{"rendered":"<p>Crocante ou defumado, o bacon \u00e9 daquelas paix\u00f5es que atravessam fronteiras. No Dia do Bacon, comemorado neste domingo, 31 de agosto, duas marcas prepararam novidades para os f\u00e3s do ingrediente. No Meatz Burger, o cl\u00e1ssico BaconZ Fininho \u2014 com p\u00e3o australiano, carne de 110g, cheddar e bacon crocante \u2014 ganha protagonismo. A boa not\u00edcia \u00e9 que os 50 primeiros pedidos [&hellip;]<\/p>\n","protected":false},"author":54,"featured_media":9866,"comment_status":"open","ping_status":"open","sticky":false,"template":"","format":"standard","meta":{"footnotes":""},"categories":[1],"tags":[1350,1351],"class_list":["post-9865","post","type-post","status-publish","format-standard","has-post-thumbnail","hentry","category-sem-categoria","tag-bacon","tag-dia-do-bacon"],"_links":{"self":[{"href":"https:\/\/blogs.correiobraziliense.com.br\/lianasabo\/wp-json\/wp\/v2\/posts\/9865","targetHints":{"allow":["GET"]}}],"collection":[{"href":"https:\/\/blogs.correiobraziliense.com.br\/lianasabo\/wp-json\/wp\/v2\/posts"}],"about":[{"href":"https:\/\/blogs.correiobraziliense.com.br\/lianasabo\/wp-json\/wp\/v2\/types\/post"}],"author":[{"embeddable":true,"href":"https:\/\/blogs.correiobraziliense.com.br\/lianasabo\/wp-json\/wp\/v2\/users\/54"}],"replies":[{"embeddable":true,"href":"https:\/\/blogs.correiobraziliense.com.br\/lianasabo\/wp-json\/wp\/v2\/comments?post=9865"}],"version-history":[{"count":1,"href":"https:\/\/blogs.correiobraziliense.com.br\/lianasabo\/wp-json\/wp\/v2\/posts\/9865\/revisions"}],"predecessor-version":[{"id":9868,"href":"https:\/\/blogs.correiobraziliense.com.br\/lianasabo\/wp-json\/wp\/v2\/posts\/9865\/revisions\/9868"}],"wp:featuredmedia":[{"embeddable":true,"href":"https:\/\/blogs.correiobraziliense.com.br\/lianasabo\/wp-json\/wp\/v2\/media\/9866"}],"wp:attachment":[{"href":"https:\/\/blogs.correiobraziliense.com.br\/lianasabo\/wp-json\/wp\/v2\/media?parent=9865"}],"wp:term":[{"taxonomy":"category","embeddable":true,"href":"https:\/\/blogs.correiobraziliense.com.br\/lianasabo\/wp-json\/wp\/v2\/categories?post=9865"},{"taxonomy":"post_tag","embeddable":true,"href":"https:\/\/blogs.correiobraziliense.com.br\/lianasabo\/wp-json\/wp\/v2\/tags?post=9865"}],"curies":[{"name":"wp","href":"https:\/\/api.w.org\/{rel}","templated":true}]}}